{"id":1259605,"date":"2026-08-25T12:00:24","date_gmt":"2026-08-25T12:00:24","guid":{"rendered":"https:\/\/www.europesays.com\/de\/1259605\/"},"modified":"2026-08-25T12:00:24","modified_gmt":"2026-08-25T12:00:24","slug":"fw-kiel-feuer-in-der-stadtrade-in-kiel-und-ein-einsatzreicher-vormittag-bei-der","status":"publish","type":"post","link":"https:\/\/www.europesays.com\/de\/1259605\/","title":{"rendered":"FW-Kiel: Feuer in der Stadtrade in Kiel und ein einsatzreicher Vormittag bei der &#8230;"},"content":{"rendered":"<p class=\"date\">25.08.2026 \u2013 13:34<\/p>\n<p class=\"customer\">\n                        <a class=\"story-customer\" title=\"weiter zum newsroom von Feuerwehr Kiel\" href=\"https:\/\/www.presseportal.de\/blaulicht\/nr\/82765\" rel=\"nofollow noopener\" target=\"_blank\">Feuerwehr Kiel<\/a>\n                    <\/p>\n<p><a data-category=\"citylink-story-view\" data-action=\"click\" data-label=\"Citylink in Meldungsansicht\" class=\"story-city event-trigger\" href=\"https:\/\/www.presseportal.de\/regional\/Kiel\" title=\"News aus Kiel \" rel=\"nofollow noopener\" target=\"_blank\">Kiel<\/a> (ots)<\/p>\n<p>Die Feuerwehr Kiel war am heutigen Vormittag innerhalb kurzer Zeit bei mehreren Eins\u00e4tzen im Stadtgebiet gefordert. Um 9.36 Uhr wurden die Einsatzkr\u00e4fte zu einem Feuer in der Stra\u00dfe Stadtrade alarmiert. Beim Eintreffen stand eine etwa f\u00fcnf mal drei Meter gro\u00dfe Gartenlaube bereits in Vollbrand und war weitgehend niedergebrannt. Das Feuer hatte bereits auf ein angrenzendes Werkstattgeb\u00e4ude \u00fcbergegriffen. Hier wurden 6 Trupps unter Atemschutz  mit 2 C-Rohren zur Brandbek\u00e4mpfung eingesetzt. Der Brand konnte unter Kontrolle gebracht und gel\u00f6scht werden. Im Einsatz befanden sich Kr\u00e4fte der Hauptfeuerwache, der Ost- und Nordwache, sowie der Freiwilligen Feuerwehr Russee mit insgesamt rund 50 Einsatzkr\u00e4ften. Noch w\u00e4hrend dieses Einsatzes erfolgte um 10.28 Uhr eine weitere Alarmierung in den Tiroler Ring. Ein Anwohner hatte bei Arbeiten am Haus Gasgeruch wahrgenommen und daraufhin die Feuerwehr sowie die Stadtwerke verst\u00e4ndigt. Nach der Erkundung konnte Entwarnung gegeben werden, ein Eingreifen war nicht erforderlich. Hier waren Kr\u00e4fte der Ostfeuerwache, sowie der Hauptfeuerwache und der Freiwilligen Feuerwehr Elmschenhagen eingesetzt. Um 11.08 Uhr wurde die Feuerwehr Kiel in die Blitzstra\u00dfe alarmiert. Gemeldet war eine Rauchentwicklung aus einem Fenster im zweiten Obergeschoss eines Mehrfamilienhauses. Zu diesem Einsatz wurden die Freiwilligen Feuerwehren Kiel Meimersdorf und Moorsee alarmiert, die auf Grund der angespannten Einsatzlage bereits die verwaiste Ostfeuerwache besetzt hatten. Die Einsatzkr\u00e4fte stellten angebranntes Essen auf einem Herd als Ursache fest. Der Einsatz war nach kurzer Zeit beendet. Die besondere Herausforderung an diesem Vormittag lag in der nahezu zeitgleichen Abarbeitung mehrerer Eins\u00e4tze mit erh\u00f6htem Kr\u00e4ftebedarf, w\u00e4hrend beim Brand in der Stadtrade bereits zahlreiche Kr\u00e4fte und Einsatzmittel gebunden waren. Dank der koordinierten Zusammenarbeit aller eingesetzten Kr\u00e4fte konnten s\u00e4mtliche Lagen z\u00fcgig abgearbeitet werden. Bei allen drei Eins\u00e4tzen wurde gl\u00fccklicherweise niemand verletzt.<\/p>\n<p class=\"contact-headline\">R\u00fcckfragen bitte an:<\/p>\n<p class=\"contact-text\">Medien-R\u00fcckfragen bitte an:<\/p>\n<p>Feuerwehr Kiel<br \/>Lagedienstf\u00fchrer<br \/>Telefon: 0431 \/ 5905 &#8211; 0<br \/>Fax: 0431 \/ 5905 &#8211; 147<br \/><a target=\"_blank\" class=\"uri-ext outbound\" rel=\"noopener nofollow\" href=\"https:\/\/www.kiel.de\/de\/gesundheit_soziales\/feuerwehr\/index.php\">https:\/\/www.kiel.de\/de\/gesundheit_soziales\/feuerwehr\/index.php<\/a><\/p>\n<p class=\"originator\">Original-Content von: Feuerwehr Kiel, \u00fcbermittelt durch news aktuell<\/p>\n","protected":false},"excerpt":{"rendered":"25.08.2026 \u2013 13:34 Feuerwehr Kiel Kiel (ots) Die Feuerwehr Kiel war am heutigen Vormittag innerhalb kurzer Zeit bei&hellip;\n","protected":false},"author":2,"featured_media":1184682,"comment_status":"","ping_status":"","sticky":false,"template":"","format":"standard","meta":{"footnotes":"","_share_on_mastodon":"0"},"categories":[1852],"tags":[2919,3364,29,548,663,3934,985,30,13,4949,14,15,178,180,179,181,12,1971,17990],"class_list":["post-1259605","post","type-post","status-publish","format-standard","has-post-thumbnail","category-kiel","tag-brand","tag-de","tag-deutschland","tag-eu","tag-europa","tag-europe","tag-feuerwehr","tag-germany","tag-headlines","tag-kiel","tag-nachrichten","tag-news","tag-presse","tag-pressemeldung","tag-pressemitteilung","tag-pressemitteilungen","tag-schlagzeilen","tag-schleswig-holstein","tag-sh"],"share_on_mastodon":{"url":"","error":""},"_links":{"self":[{"href":"https:\/\/www.europesays.com\/de\/wp-json\/wp\/v2\/posts\/1259605","targetHints":{"allow":["GET"]}}],"collection":[{"href":"https:\/\/www.europesays.com\/de\/wp-json\/wp\/v2\/posts"}],"about":[{"href":"https:\/\/www.europesays.com\/de\/wp-json\/wp\/v2\/types\/post"}],"author":[{"embeddable":true,"href":"https:\/\/www.europesays.com\/de\/wp-json\/wp\/v2\/users\/2"}],"replies":[{"embeddable":true,"href":"https:\/\/www.europesays.com\/de\/wp-json\/wp\/v2\/comments?post=1259605"}],"version-history":[{"count":0,"href":"https:\/\/www.europesays.com\/de\/wp-json\/wp\/v2\/posts\/1259605\/revisions"}],"wp:featuredmedia":[{"embeddable":true,"href":"https:\/\/www.europesays.com\/de\/wp-json\/wp\/v2\/media\/1184682"}],"wp:attachment":[{"href":"https:\/\/www.europesays.com\/de\/wp-json\/wp\/v2\/media?parent=1259605"}],"wp:term":[{"taxonomy":"category","embeddable":true,"href":"https:\/\/www.europesays.com\/de\/wp-json\/wp\/v2\/categories?post=1259605"},{"taxonomy":"post_tag","embeddable":true,"href":"https:\/\/www.europesays.com\/de\/wp-json\/wp\/v2\/tags?post=1259605"}],"curies":[{"name":"wp","href":"https:\/\/api.w.org\/{rel}","templated":true}]}}