{"id":1259621,"date":"2026-08-25T12:14:29","date_gmt":"2026-08-25T12:14:29","guid":{"rendered":"https:\/\/www.europesays.com\/de\/1259621\/"},"modified":"2026-08-25T12:14:29","modified_gmt":"2026-08-25T12:14:29","slug":"jubilaeum-und-festkonzert-foerderverein-musentempel-karlsruhe-e-v","status":"publish","type":"post","link":"https:\/\/www.europesays.com\/de\/1259621\/","title":{"rendered":"Jubil\u00e4um und Festkonzert F\u00f6rderverein Musentempel Karlsruhe e.V."},"content":{"rendered":"<p>Wir werden 25!<\/p>\n<p>Wir feiern ein Vierteljahrhundert F\u00f6rderverein Musentempel e.V.! Im Jahr 2001 wurde aus einer Lagerhalle auf dem Tempel-Gel\u00e4nde in Karlsruhe-M\u00fchlburg der Veranstaltungsaal Musentempel \u2013 ein Kleinod f\u00fcr die freie Kulturszene der Stadt und Homebase des Piano Podium e.V. sowie der Tonk\u00fcnstlerverband Regionalgruppe Karlsruhe e.V. Unser Jubil\u00e4um m\u00f6chten wir mit einem bunten Bouquet an Darbietungen von Tanz \u00fcber Jazz, Klassik, bis hin zu Oper feiern und so die Vielfalt dieses Kulturzentrums pr\u00e4sentieren. Unser Jubil\u00e4umskonzert wird von Karlsruher K\u00fcnstlerinnen und K\u00fcnstlern aus den Reihen unserer Mitglieder und Partnervereine gestaltet. Wir \u00f6ffnen unser Rolltor und freuen uns \u00fcber alle G\u00e4ste, die uns zuh\u00f6ren, mit uns feiern, sich austauschen und vernetzen m\u00f6chten! F\u00fcr das leibliche Wohl sorgt Catering Holger Braun mit seinem Flammkuchenwagen. <br \/>Samstag, 26.09.2026, 17:00 Uhr<br \/>Einlass: 16:30 Uhr Im Anschluss Fest &amp; get together<br \/>Eintritt frei, Anmeldung unter: <a target=\"_blank\" href=\"https:\/\/pressnetwork.de\/jubilaeum-und-festkonzert-foerderverein-musentempel-karlsruhe-e-v\/mailto:mietmusentempel@gmail.com\" rel=\"nofollow noopener\">mietmusentempel@gmail.com<\/a><\/p>\n<p>Seit 25 Jahren ist der Musentempel in Karlsruhe-M\u00fchlburg ein besonderer Ort f\u00fcr Musik, Kultur und Begegnung. Was 2001 als Lagerhalle auf dem historischen Tempel-Gel\u00e4nde begann, hat sich zu einem kleinen, aber au\u00dfergew\u00f6hnlichen Kulturzentrum und einem wichtigen Zuhause der freien Kulturszene in Karlsruhe entwickelt.<br \/>Von Proben und Musikunterricht \u00fcber Workshops, Konzerte und andere vielf\u00e4ltige \u00f6ffentliche Veranstaltungen, findet hier alles seinen Raum. Mitglieder und Partnervereine wie die Tonk\u00fcnstlerverband Regionalgruppe Karlsruhe e.V., das Piano-Podium Karlsruhe e.V. und weitere, gestalten hier gemeinsam ein lebendiges und abwechslungsreiches Kulturprogramm.<br \/>Dass dieser besondere Ort bestehen und sich weiterentwickeln kann, ist, neben den 150 F\u00f6rdermitgliedern, in nicht geringem Ma\u00dfe auch dem ehrenamtlichen Engagement der Vorstandsmitglieder, die selbst aktive Musikerinnen und Musiker sind, zu verdanken, die sich um den Betrieb und die Instandhaltung des Saals k\u00fcmmern. <br \/>Seit nun einem Vierteljahrhundert steht der F\u00f6rderverein f\u00fcr Gemeinschaft und Engagement f\u00fcr Musik und Kultur und leistet somit einen wichtigen Beitrag zum Erhalt der Vielfalt der Karlsruher Kulturszene.<\/p>\n<p><b>Kontakt<\/b><br \/>F\u00f6rderverein Musentempel e.V.<br \/>Denise Seyhan<br \/>Friedenstra\u00dfe 20<br \/>76133 Karlsruhe<br \/>01797660310<br \/><img class=\"lazyload\" decoding=\"async\" src=\"https:\/\/www.europesays.com\/de\/wp-content\/uploads\/2026\/08\/477742.png\" alt=\"4010857ba2e4fd1ae7c4eaaa6a54e3c6496a582c\"\/><br \/><a href=\"https:\/\/www.musentempel-karlsruhe.de\/\" target=\"_blank\" rel=\"nofollow noopener\">https:\/\/www.musentempel-karlsruhe.de\/<\/a><\/p>\n<p>Bildquelle: www.olivergrote.de<\/p>\n","protected":false},"excerpt":{"rendered":"Wir werden 25! Wir feiern ein Vierteljahrhundert F\u00f6rderverein Musentempel e.V.! Im Jahr 2001 wurde aus einer Lagerhalle auf&hellip;\n","protected":false},"author":2,"featured_media":1259622,"comment_status":"","ping_status":"","sticky":false,"template":"","format":"standard","meta":{"footnotes":"","_share_on_mastodon":"0"},"categories":[1844],"tags":[1634,3364,29,260410,30,3009,67046,8903,260411,50721,260412,260413,9668,193114,260414],"class_list":["post-1259621","post","type-post","status-publish","format-standard","has-post-thumbnail","category-karlsruhe","tag-baden-wuerttemberg","tag-de","tag-deutschland","tag-freieszene","tag-germany","tag-jubilaeum","tag-jubilaeumskonzert","tag-karlsruhe","tag-kunstinkarlsruhe","tag-kunstschaffende","tag-musentempel","tag-musentempelkarlsruhe","tag-musiker","tag-netzwerken","tag-tonkuenstlerverbandbadenwuerttemberg"],"share_on_mastodon":{"url":"https:\/\/pubeurope.com\/@de\/117156099046817929","error":""},"_links":{"self":[{"href":"https:\/\/www.europesays.com\/de\/wp-json\/wp\/v2\/posts\/1259621","targetHints":{"allow":["GET"]}}],"collection":[{"href":"https:\/\/www.europesays.com\/de\/wp-json\/wp\/v2\/posts"}],"about":[{"href":"https:\/\/www.europesays.com\/de\/wp-json\/wp\/v2\/types\/post"}],"author":[{"embeddable":true,"href":"https:\/\/www.europesays.com\/de\/wp-json\/wp\/v2\/users\/2"}],"replies":[{"embeddable":true,"href":"https:\/\/www.europesays.com\/de\/wp-json\/wp\/v2\/comments?post=1259621"}],"version-history":[{"count":0,"href":"https:\/\/www.europesays.com\/de\/wp-json\/wp\/v2\/posts\/1259621\/revisions"}],"wp:featuredmedia":[{"embeddable":true,"href":"https:\/\/www.europesays.com\/de\/wp-json\/wp\/v2\/media\/1259622"}],"wp:attachment":[{"href":"https:\/\/www.europesays.com\/de\/wp-json\/wp\/v2\/media?parent=1259621"}],"wp:term":[{"taxonomy":"category","embeddable":true,"href":"https:\/\/www.europesays.com\/de\/wp-json\/wp\/v2\/categories?post=1259621"},{"taxonomy":"post_tag","embeddable":true,"href":"https:\/\/www.europesays.com\/de\/wp-json\/wp\/v2\/tags?post=1259621"}],"curies":[{"name":"wp","href":"https:\/\/api.w.org\/{rel}","templated":true}]}}