{"id":1259638,"date":"2026-08-25T12:26:17","date_gmt":"2026-08-25T12:26:17","guid":{"rendered":"https:\/\/www.europesays.com\/de\/1259638\/"},"modified":"2026-08-25T12:26:17","modified_gmt":"2026-08-25T12:26:17","slug":"greift-russland-nach-teilen-von-nestle-wirtschaft","status":"publish","type":"post","link":"https:\/\/www.europesays.com\/de\/1259638\/","title":{"rendered":"Greift Russland nach Teilen von Nestl\u00e9? &#8211; Wirtschaft"},"content":{"rendered":"<p data-manual=\"paragraph\" data-schema-org-speakable=\"true\" class=\"css-9njfp7\">Greift Moskau nach Teilen von Nestl\u00e9? Ein neues Dekret Wladimir Putins gibt solchen Bef\u00fcrchtungen Auftrieb. Das Dekret erlaubt dem Staat, die Kontrolle \u00fcber gef\u00e4hrdete Infrastruktur zu \u00fcbernehmen. Voraussetzung ist demnach, dass diese nicht ausreichend vor Angriffen gesch\u00fctzt sind oder Sch\u00e4den nicht schnell genug behoben werden k\u00f6nnen. Zu der kritischen Infrastruktur k\u00f6nnten auch Lebensmittelkonzerne wie Nestl\u00e9 geh\u00f6ren.<\/p>\n","protected":false},"excerpt":{"rendered":"Greift Moskau nach Teilen von Nestl\u00e9? Ein neues Dekret Wladimir Putins gibt solchen Bef\u00fcrchtungen Auftrieb. Das Dekret erlaubt&hellip;\n","protected":false},"author":2,"featured_media":1259639,"comment_status":"","ping_status":"","sticky":false,"template":"","format":"standard","meta":{"footnotes":"","_share_on_mastodon":"0"},"categories":[4013],"tags":[331,332,147,13,148,14,46341,15,4043,4044,850,307,12,293,149,173,55],"class_list":["post-1259638","post","type-post","status-publish","format-standard","has-post-thumbnail","category-russland","tag-aktuelle-nachrichten","tag-aktuelle-news","tag-ausland","tag-headlines","tag-leserdiskussion","tag-nachrichten","tag-nestle","tag-news","tag-russia","tag-russian-federation","tag-russische-foederation","tag-russland","tag-schlagzeilen","tag-schweiz","tag-sueddeutsche-zeitung","tag-unternehmen","tag-wirtschaft"],"share_on_mastodon":{"url":"https:\/\/pubeurope.com\/@de\/117156144169184785","error":""},"_links":{"self":[{"href":"https:\/\/www.europesays.com\/de\/wp-json\/wp\/v2\/posts\/1259638","targetHints":{"allow":["GET"]}}],"collection":[{"href":"https:\/\/www.europesays.com\/de\/wp-json\/wp\/v2\/posts"}],"about":[{"href":"https:\/\/www.europesays.com\/de\/wp-json\/wp\/v2\/types\/post"}],"author":[{"embeddable":true,"href":"https:\/\/www.europesays.com\/de\/wp-json\/wp\/v2\/users\/2"}],"replies":[{"embeddable":true,"href":"https:\/\/www.europesays.com\/de\/wp-json\/wp\/v2\/comments?post=1259638"}],"version-history":[{"count":0,"href":"https:\/\/www.europesays.com\/de\/wp-json\/wp\/v2\/posts\/1259638\/revisions"}],"wp:featuredmedia":[{"embeddable":true,"href":"https:\/\/www.europesays.com\/de\/wp-json\/wp\/v2\/media\/1259639"}],"wp:attachment":[{"href":"https:\/\/www.europesays.com\/de\/wp-json\/wp\/v2\/media?parent=1259638"}],"wp:term":[{"taxonomy":"category","embeddable":true,"href":"https:\/\/www.europesays.com\/de\/wp-json\/wp\/v2\/categories?post=1259638"},{"taxonomy":"post_tag","embeddable":true,"href":"https:\/\/www.europesays.com\/de\/wp-json\/wp\/v2\/tags?post=1259638"}],"curies":[{"name":"wp","href":"https:\/\/api.w.org\/{rel}","templated":true}]}}