{"id":1259651,"date":"2026-08-25T12:34:19","date_gmt":"2026-08-25T12:34:19","guid":{"rendered":"https:\/\/www.europesays.com\/de\/1259651\/"},"modified":"2026-08-25T12:34:19","modified_gmt":"2026-08-25T12:34:19","slug":"bruessel-hofft-auf-ein-ja-in-island-eu-beitritt","status":"publish","type":"post","link":"https:\/\/www.europesays.com\/de\/1259651\/","title":{"rendered":"Br\u00fcssel hofft auf ein Ja in Island &#8211; EU-Beitritt"},"content":{"rendered":"<p class=\"rhp-dpa-teaser\"><b>Es ist seit vielen Jahren eine der am hei\u00dfesten diskutierten Fragen auf der Vulkaninsel im Nordatlantik: Sollte Island Mitglied der EU werden?<\/b><\/p>\n<p><a class=\"rtr-entity\" data-rtr-entity=\"Br\u00fcssel\" data-rtr-id=\"707594eedbbfec71b0c1f03f111fc5f242375e2c\" data-rtr-score=\"74.94034994697773\" data-rtr-etype=\"location\" data-rtr-index=\"10\" href=\"https:\/\/www.rheinpfalz.de\/themen\/bruessel\" rel=\"nofollow noopener\" target=\"_blank\">Br\u00fcssel<\/a> hat aus dem Brexit-Desaster seine Lehren gezogen. Anders als vor zehn Jahren im Fall von <a class=\"rtr-entity\" data-rtr-entity=\"Gro\u00dfbritannien\" data-rtr-id=\"54a2b6f5c55918449ceac17ff3232391171b9027\" data-rtr-score=\"7.301166489925769\" data-rtr-etype=\"location\" data-rtr-index=\"3\" href=\"https:\/\/www.rheinpfalz.de\/themen\/grossbritannien\" rel=\"nofollow noopener\" target=\"_blank\">Gro\u00dfbritannien<\/a>, pilgern in diesen Tagen keine EU-Vertreter nach Island, um offensiv f\u00fcr den m\u00f6glichen Beitritt der Insel am n\u00f6rdlichen Polarkreis zur Union zu werben. Der Eindruck soll vermieden werden, Br\u00fcssel mische sich schon jetzt in die inneren Angelegenheiten Reykjav\u00edks ein.<\/p>\n<p class=\"rhp-teaser\"><b>Es ist seit vielen Jahren eine der am hei\u00dfesten diskutierten Fragen auf der Vulkaninsel im Nordatlantik: Sollte Island Mitglied der EU werden?<\/b><\/p>\n","protected":false},"excerpt":{"rendered":"Es ist seit vielen Jahren eine der am hei\u00dfesten diskutierten Fragen auf der Vulkaninsel im Nordatlantik: Sollte Island&hellip;\n","protected":false},"author":2,"featured_media":1259652,"comment_status":"","ping_status":"","sticky":false,"template":"","format":"standard","meta":{"footnotes":"","_share_on_mastodon":"0"},"categories":[3933],"tags":[331,332,937,548,663,158,3934,3935,551,13,12937,260415,14,15,64253,16,55098,12],"class_list":["post-1259651","post","type-post","status-publish","format-standard","has-post-thumbnail","category-eu","tag-aktuelle-nachrichten","tag-aktuelle-news","tag-bruessel","tag-eu","tag-europa","tag-europaeische-union","tag-europe","tag-european-union","tag-grossbritannien","tag-headlines","tag-island","tag-kristrun-frostadottir","tag-nachrichten","tag-news","tag-nordatlantik","tag-politik","tag-reykjavik","tag-schlagzeilen"],"share_on_mastodon":{"url":"https:\/\/pubeurope.com\/@de\/117156175049315539","error":""},"_links":{"self":[{"href":"https:\/\/www.europesays.com\/de\/wp-json\/wp\/v2\/posts\/1259651","targetHints":{"allow":["GET"]}}],"collection":[{"href":"https:\/\/www.europesays.com\/de\/wp-json\/wp\/v2\/posts"}],"about":[{"href":"https:\/\/www.europesays.com\/de\/wp-json\/wp\/v2\/types\/post"}],"author":[{"embeddable":true,"href":"https:\/\/www.europesays.com\/de\/wp-json\/wp\/v2\/users\/2"}],"replies":[{"embeddable":true,"href":"https:\/\/www.europesays.com\/de\/wp-json\/wp\/v2\/comments?post=1259651"}],"version-history":[{"count":0,"href":"https:\/\/www.europesays.com\/de\/wp-json\/wp\/v2\/posts\/1259651\/revisions"}],"wp:featuredmedia":[{"embeddable":true,"href":"https:\/\/www.europesays.com\/de\/wp-json\/wp\/v2\/media\/1259652"}],"wp:attachment":[{"href":"https:\/\/www.europesays.com\/de\/wp-json\/wp\/v2\/media?parent=1259651"}],"wp:term":[{"taxonomy":"category","embeddable":true,"href":"https:\/\/www.europesays.com\/de\/wp-json\/wp\/v2\/categories?post=1259651"},{"taxonomy":"post_tag","embeddable":true,"href":"https:\/\/www.europesays.com\/de\/wp-json\/wp\/v2\/tags?post=1259651"}],"curies":[{"name":"wp","href":"https:\/\/api.w.org\/{rel}","templated":true}]}}