{"id":1259747,"date":"2026-08-25T13:43:16","date_gmt":"2026-08-25T13:43:16","guid":{"rendered":"https:\/\/www.europesays.com\/de\/1259747\/"},"modified":"2026-08-25T13:43:16","modified_gmt":"2026-08-25T13:43:16","slug":"von-ex-ddr-grenzsoldat-neue-schwere-vorwuerfe-gegen-gdp-vize-hueber-politik","status":"publish","type":"post","link":"https:\/\/www.europesays.com\/de\/1259747\/","title":{"rendered":"Von Ex-DDR-Grenzsoldat: Neue schwere Vorw\u00fcrfe gegen GdP-Vize H\u00fcber | Politik"},"content":{"rendered":"<p><a class=\"skip-content skip-content--link\" href=\"#in-content-skip-link-target-v-0-0\">TTS-Player \u00fcberspringen\u21b5<\/a><a id=\"in-content-skip-link-target-v-0-0\" class=\"skip-content--target-link-hidden skip-content skip-content--target-link\" href=\"#in-content-skip-link-target-v-0-0\">Artikel weiterlesen<\/a><\/p>\n<p data-83f060b9=\"0-3263\">Berlin \u2013 <b>Die Debatte um den umstrittenen Vizechef der Gewerkschaft der Polizei (GdP) und Hauptpersonalratschef der Bundespolizei, Sven H\u00fcber (62), bekommt eine neue, brisante Wendung: Das Portal \u201eApollo News\u201c berichtet \u00fcber schwere Vorw\u00fcrfe gegen den langj\u00e4hrigen Bundespolizisten aus dessen Zeit als Offizier der DDR-Grenztruppen an der Berliner Mauer. Grundlage seien vor allem Aussagen eines ehemaligen DDR-Grenzsoldaten, die dieser an Eides statt versichert habe. <\/b><\/p>\n<p data-83f060b9=\"0-3263\">Ende der 1980er Jahre war H\u00fcber Politoffizier und Vize-Kompaniechef bei einem Berliner Grenzregiment. Bundesweit in die Schlagzeilen geraten war er, nachdem er Mitte August in einem Artikel nahegelegt hatte, bei einem AfD-Wahlsieg k\u00f6nne in Sachsen-Anhalt der innere Notstand ausgerufen werden, Polizisten m\u00fcssten Widerstand leisten: \u201eEine AfD-Machtergreifung entbindet keinen Beamten von seinem Eid auf den Schutz der Verfassung, im Gegenteil.\u201c Gar der innere Notstand k\u00f6nne eintreten. <\/p>\n<p>Grenzverletzer \u201evernichten\u201c?<\/p>\n<p data-83f060b9=\"0-3263\">Nun berichtet der ehemalige DDR-Grenzsoldat <a href=\"https:\/\/apollo-news.net\/mauerfluechtlinge-misshandeln-und-vernichten-ddr-zeitzeuge-belastet-sven-hueber-schwer\/\" target=\"_blank\" rel=\"nofollow noopener\" class=\"text-link\">Axel Krause gegen\u00fcber \u201eApollo\u201c<\/a>, H\u00fcber habe dabei die damalige Formulierung verteidigt, nach der Grenzverletzer \u201eaufzusp\u00fcren, festzunehmen oder zu vernichten\u201c gewesen seien. Selbst nachdem der Wortlaut Anfang 1988 ge\u00e4ndert worden sei, habe H\u00fcber laut Krauses Erinnerung erkl\u00e4rt, \u201evernichten\u201c habe weiterhin seine Berechtigung und deshalb am alten Wortlaut festgehalten.<\/p>\n<p>Mehr zum Thema<\/p>\n<p data-83f060b9=\"0-3263\">H\u00fcber lie\u00df gegen\u00fcber \u201eApollo\u201c alle Vorw\u00fcrfe bestreiten. Aus dem 6-Seiten-Anwaltsschreiben d\u00fcrfe aber nicht zitiert werden, berichten die beiden Apollo-Autoren.<\/p>\n<p>Pistole in den Mund, Tritte gegen den Kopf?<\/p>\n<p data-83f060b9=\"0-3263\">Besonders schwer wiegt ein weiterer Vorwurf: Krause berichtet laut \u201eApollo News\u201c von einem Vorfall im Fr\u00fchjahr 1988, bei dem ein DDR-Fl\u00fcchtling festgenommen worden sein soll. H\u00fcber sei als Offizier vom Dienst hinzugekommen. Der Zeitzeuge will beobachtet haben, wie H\u00fcber dem am Boden fixierten Mann seine Pistole in den Mund gesteckt habe. <\/p>\n<p>Wie H\u00fcber dem Gefangenen die Pistole in den Mund gesteckt haben soll, hat Krause nach eigener Aussage nicht selbst gesehen. Davon habe ihm anschlie\u00dfend ein Kamerad berichtet. Die sp\u00e4teren Tritte ins Gesicht will Krause dagegen mit eigenen Augen beobachtet haben.<\/p>\n<p>H\u00fcber geht in Pension<\/p>\n<p data-83f060b9=\"0-3263\">Die Angaben des Zeitzeugen beruhen auf dessen Erinnerungen an die Ereignisse, die mehr als drei Jahrzehnte zur\u00fcckliegen. \u201eApollo News\u201c beruft sich daneben auf Stasi-Unterlagen, die Teile seiner Schilderungen st\u00fctzen sollen. Der DDR-Forscher Hubertus Knabe (67) habe die Aussagen Krauses nach Angaben des Portals teilweise anhand von Akten \u00fcberpr\u00fcfen k\u00f6nnen. Zeitzeuge Krause berichtet dies bei \u201eApollo\u201c auch im Video-Interview.<\/p>\n<p> An dieser Stelle findest du Inhalte aus Twitter <\/p>\n<p> Um mit Inhalten aus Twitter und anderen sozialen Netzwerken zu interagieren oder diese darzustellen, brauchen wir deine Zustimmung. <\/p>\n<p> soziale Netzwerke aktivieren Abschied mit Sekt und Blumen im Ministerium<\/p>\n<p data-83f060b9=\"0-3263\">Die neue Recherche kommt f\u00fcr H\u00fcber zu einem ung\u00fcnstigen Zeitpunkt. Wegen seines <a href=\"https:\/\/www.bild.de\/politik\/inland\/alternative-fuer-deutschland\/afd-alle-infos-76662060.bild.html\" class=\"text-link\" rel=\"nofollow noopener\" target=\"_blank\">AfD<\/a>-Artikels steht der GdP-Vize ohnehin in der Kritik. Die GdP-Bundesspitze stellt sich danach dennoch hinter H\u00fcber. Bundeschef Jochen Kopelke (42) verteidigte seinen Vize scharf. Zugleich r\u00e4umte er ein, dass dessen Wikipedia-Eintrag von der GdP ver\u00e4ndert worden sei. <\/p>\n<p data-83f060b9=\"0-3263\">Besonders brisant: H\u00fcber soll in diesen Tagen in Pension gehen. Vermutlich mit Blumen und Sekt feierlich verabschiedet f\u00fcr gute Dienste von einem Staatssekret\u00e4r im Bundesinnenministerium.<\/p>\n<p><b>Was machte ein Politoffizier?<\/b><\/p>\n<p>Politoffiziere waren keine gew\u00f6hnlichen Vorgesetzten. Sie galten als ideologische Funktionstr\u00e4ger der SED in den bewaffneten Organen der DDR \u2013 darunter auch bei den Grenztruppen.<\/p>\n<p>Zu ihren Aufgaben geh\u00f6rten Politische Schulung: Vermittlung der marxistisch-leninistischen Ideologie und der Parteilinie der SED. Erziehung zum Gehorsam, \u00dcberwachung der Truppe, Zusammenarbeit mit der Stasi, Rechtfertigung des Grenzregimes und die ideologische Begr\u00fcndung f\u00fcr die Abriegelung der DDR und den Schusswaffengebrauch an der innerdeutschen Grenze.<\/p>\n<p>Historiker bewerten Politoffiziere deshalb als wichtige St\u00fctzen des SED-Herrschaftssystems. Ihre Aufgabe war es nicht nur, milit\u00e4rische Disziplin zu sichern, sondern vor allem die politische Kontrolle der Truppe im Sinne der Staatspartei zu.<\/p>\n","protected":false},"excerpt":{"rendered":"TTS-Player \u00fcberspringen\u21b5Artikel weiterlesen Berlin \u2013 Die Debatte um den umstrittenen Vizechef der Gewerkschaft der Polizei (GdP) und Hauptpersonalratschef&hellip;\n","protected":false},"author":2,"featured_media":1259748,"comment_status":"","ping_status":"","sticky":false,"template":"","format":"standard","meta":{"footnotes":"","_share_on_mastodon":"0"},"categories":[2],"tags":[150,129,29,35039,30,13,88844,14,15,121,12,138370,10,8,9,11],"class_list":["post-1259747","post","type-post","status-publish","format-standard","has-post-thumbnail","category-deutschland","tag-alternative-fuer-deutschland","tag-ddr","tag-deutschland","tag-gdp","tag-germany","tag-headlines","tag-landtagswahlen-sachsen-anhalt","tag-nachrichten","tag-news","tag-polizei","tag-schlagzeilen","tag-team-first","tag-top-news","tag-top-meldungen","tag-topmeldungen","tag-topnews"],"share_on_mastodon":{"url":"https:\/\/pubeurope.com\/@de\/117156446563756097","error":""},"_links":{"self":[{"href":"https:\/\/www.europesays.com\/de\/wp-json\/wp\/v2\/posts\/1259747","targetHints":{"allow":["GET"]}}],"collection":[{"href":"https:\/\/www.europesays.com\/de\/wp-json\/wp\/v2\/posts"}],"about":[{"href":"https:\/\/www.europesays.com\/de\/wp-json\/wp\/v2\/types\/post"}],"author":[{"embeddable":true,"href":"https:\/\/www.europesays.com\/de\/wp-json\/wp\/v2\/users\/2"}],"replies":[{"embeddable":true,"href":"https:\/\/www.europesays.com\/de\/wp-json\/wp\/v2\/comments?post=1259747"}],"version-history":[{"count":0,"href":"https:\/\/www.europesays.com\/de\/wp-json\/wp\/v2\/posts\/1259747\/revisions"}],"wp:featuredmedia":[{"embeddable":true,"href":"https:\/\/www.europesays.com\/de\/wp-json\/wp\/v2\/media\/1259748"}],"wp:attachment":[{"href":"https:\/\/www.europesays.com\/de\/wp-json\/wp\/v2\/media?parent=1259747"}],"wp:term":[{"taxonomy":"category","embeddable":true,"href":"https:\/\/www.europesays.com\/de\/wp-json\/wp\/v2\/categories?post=1259747"},{"taxonomy":"post_tag","embeddable":true,"href":"https:\/\/www.europesays.com\/de\/wp-json\/wp\/v2\/tags?post=1259747"}],"curies":[{"name":"wp","href":"https:\/\/api.w.org\/{rel}","templated":true}]}}