{"id":1259766,"date":"2026-08-25T13:57:18","date_gmt":"2026-08-25T13:57:18","guid":{"rendered":"https:\/\/www.europesays.com\/de\/1259766\/"},"modified":"2026-08-25T13:57:18","modified_gmt":"2026-08-25T13:57:18","slug":"50-jahre-leopardenspur-auf-dem-augsburger-plaerrer-schicken-sie-uns-geschichten-und-fotos","status":"publish","type":"post","link":"https:\/\/www.europesays.com\/de\/1259766\/","title":{"rendered":"50 Jahre Leopardenspur auf dem Augsburger Pl\u00e4rrer: Schicken Sie uns Geschichten und Fotos!"},"content":{"rendered":"<p class=\"mb-6 text-xs-varying md:text-m lg:text-l font-serif group-[.font-sans]:font-sans \">\n    Die Leopardenspur feiert auf dem diesj\u00e4hrigen Augsburger Herbstpl\u00e4rrer ihr 50-j\u00e4hriges Jubil\u00e4um. Die rasante Fahrt und das unvermeidliche Zusammenrutschen in den Kurven haben Generationen von Besucherinnen und Besuchern begleitet.\n  <\/p>\n<p>            Leopardenspur in Augsburg: Wir suchen Ihre Erinnerungen<\/p>\n<p class=\"mb-6 text-xs-varying md:text-m lg:text-l font-serif group-[.font-sans]:font-sans \">\n    Zu diesem besonderen Jubil\u00e4um suchen wir Ihre pers\u00f6nlichen Erinnerungen.\n  <\/p>\n<ul rel=\"\" class=\"[&amp;&gt;li]:relative list-none  [&amp;&gt;li]:pl-[1.2em] [&amp;&gt;li]:marker:text-[0] [&amp;&gt;li]:relative [&amp;&gt;li]:before:absolute [&amp;&gt;li]:before:w-3 [&amp;&gt;li]:before:h-3 [&amp;&gt;li]:before:bg-brand [&amp;&gt;li]:before:left-0 [&amp;&gt;li]:before:rounded-full [&amp;&gt;li]:before:top-[8px] md:[&amp;&gt;li]:before:top-[9px] lg:[&amp;&gt;li]:before:top-[11px]  my-5\">\n<li class=\" mb-3 text-xs-varying md:text-m lg:text-l\">Sind Sie schon als Kind mit der Leopardenspur gefahren?<\/li>\n<li class=\" mb-3 text-xs-varying md:text-m lg:text-l\">Haben Sie dort Ihr erstes Date erlebt oder eine besonders lustige Geschichte zu erz\u00e4hlen?<\/li>\n<li class=\" mb-3 text-xs-varying md:text-m lg:text-l\">Fahren heute vielleicht schon Ihre Kinder oder Enkel mit?<\/li>\n<li class=\" mb-3 text-xs-varying md:text-m lg:text-l\">Besitzen Sie alte Fotos <a href=\"https:\/\/www.augsburger-allgemeine.de\/augsburg\/augsburg-plaerrer-die-leopardenspur-war-fuer-michael-heindel-das-fahrgeschaeft-ins-glueck-id66067191.html\" target=\"_self\" class=\"underline \" rel=\"nofollow noopener\">des legend\u00e4ren Fahrgesch\u00e4fts<\/a>?<\/li>\n<\/ul>\n<p class=\"mb-6 text-xs-varying md:text-m lg:text-l font-serif group-[.font-sans]:font-sans \">\n    Schicken Sie uns Ihre Geschichte und \u2013 wenn vorhanden \u2013 Ihre Bilder per E-Mail mit dem Betreff \u201eLeopardenspur\u201c an lokales@augsburger-allgemeine.de. Bitte nennen Sie Ihren vollst\u00e4ndigen Namen, Ihren Wohnort sowie das ungef\u00e4hre Jahr der Aufnahme.\n  <\/p>\n<p>            Leseraufruf zum Augsburger Pl\u00e4rrer 2026: Machen Sie mit!<\/p>\n<p class=\"mb-6 text-xs-varying md:text-m lg:text-l font-serif group-[.font-sans]:font-sans \">\n    Mit der Einsendung erkl\u00e4ren Sie sich damit einverstanden, dass wir Ihre Angaben und Bilder im Rahmen unserer Berichterstattung ver\u00f6ffentlichen d\u00fcrfen. Bitte senden Sie nur Fotos ein, an denen Sie die entsprechenden Rechte besitzen. Einsendeschluss ist der 30. August. Vielen Dank!\n  <\/p>\n<p>    Erster Abend auf dem Herbstpl\u00e4rrer 2025: So fr\u00f6hlich wurde gefeiert<\/p>\n<p>      <a href=\"https:\/\/www.augsburger-allgemeine.de\/augsburg\/bildergalerie-erster-abend-auf-dem-herbstplaerrer-2025-so-froehlich-wurde-gefeiert-110642589\" class=\"undefined aspect-hdtv md:aspect-hdtv lg:aspect-hdtv w-fullXXX relative self-start block overflow-hidden\" rel=\"nofollow noopener\" target=\"_blank\"><\/p>\n<p>    <img decoding=\"async\" src=\"https:\/\/images.mgpd.de\/img\/110642870\/crop\/c16_9-w100\/552484074\/1696917883\/feuer006jpg.jpg\" alt=\"Volksfest\" title=\"Volksfest\" loading=\"lazy\" class=\"h-full w-full object-cover\"\/><br \/>\n    <\/a><\/p>\n<p>    Es ist wieder Volksfestzeit in Augsburg: Am Freitag wurde der Pl\u00e4rrer mit dem traditionellen Fassanstich und Feuerwerk er\u00f6ffnet. Hier sind unsere Bilder.<\/p>\n<p class=\"mb-6 text-xs-varying md:text-m lg:text-l font-serif group-[.font-sans]:font-sans \">\n    Der <a href=\"https:\/\/www.augsburger-allgemeine.de\/augsburg\/plaerrer-augsburg-2026-parkplatz-gesperrt-parken-alternativen-park-and-ride-115041293\" target=\"_self\" class=\"underline \" rel=\"nofollow noopener\">diesj\u00e4hrige Augsburger Herbstpl\u00e4rrer<\/a> findet vom 28. August bis einschlie\u00dflich 13. September 2026 statt. Am Er\u00f6ffnungstag startet Schwabens gr\u00f6\u00dftes Volksfest um 16 Uhr, Bieranstich ist um 18 Uhr. Alle Informationen zum Pl\u00e4rrer <a href=\"https:\/\/www.augsburger-allgemeine.de\/augsburg\/augsburg-herbst-plaerrer-2026-preise-adresse-fahrgeschaefte-was-ist-neu-115038381\" target=\"_self\" class=\"underline \" rel=\"nofollow noopener\">finden Sie hier<\/a>.\n  <\/p>\n","protected":false},"excerpt":{"rendered":"Die Leopardenspur feiert auf dem diesj\u00e4hrigen Augsburger Herbstpl\u00e4rrer ihr 50-j\u00e4hriges Jubil\u00e4um. Die rasante Fahrt und das unvermeidliche Zusammenrutschen&hellip;\n","protected":false},"author":2,"featured_media":1259767,"comment_status":"","ping_status":"","sticky":false,"template":"","format":"standard","meta":{"footnotes":"","_share_on_mastodon":"0"},"categories":[1846],"tags":[680,198083,772,3364,29,548,663,3934,30,13,260443,14,15,12],"class_list":["post-1259766","post","type-post","status-publish","format-standard","has-post-thumbnail","category-augsburg","tag-augsburg","tag-augsburger-plaerrer","tag-bayern","tag-de","tag-deutschland","tag-eu","tag-europa","tag-europe","tag-germany","tag-headlines","tag-leopardenspur","tag-nachrichten","tag-news","tag-schlagzeilen"],"share_on_mastodon":{"url":"https:\/\/pubeurope.com\/@de\/117156504007671444","error":""},"_links":{"self":[{"href":"https:\/\/www.europesays.com\/de\/wp-json\/wp\/v2\/posts\/1259766","targetHints":{"allow":["GET"]}}],"collection":[{"href":"https:\/\/www.europesays.com\/de\/wp-json\/wp\/v2\/posts"}],"about":[{"href":"https:\/\/www.europesays.com\/de\/wp-json\/wp\/v2\/types\/post"}],"author":[{"embeddable":true,"href":"https:\/\/www.europesays.com\/de\/wp-json\/wp\/v2\/users\/2"}],"replies":[{"embeddable":true,"href":"https:\/\/www.europesays.com\/de\/wp-json\/wp\/v2\/comments?post=1259766"}],"version-history":[{"count":0,"href":"https:\/\/www.europesays.com\/de\/wp-json\/wp\/v2\/posts\/1259766\/revisions"}],"wp:featuredmedia":[{"embeddable":true,"href":"https:\/\/www.europesays.com\/de\/wp-json\/wp\/v2\/media\/1259767"}],"wp:attachment":[{"href":"https:\/\/www.europesays.com\/de\/wp-json\/wp\/v2\/media?parent=1259766"}],"wp:term":[{"taxonomy":"category","embeddable":true,"href":"https:\/\/www.europesays.com\/de\/wp-json\/wp\/v2\/categories?post=1259766"},{"taxonomy":"post_tag","embeddable":true,"href":"https:\/\/www.europesays.com\/de\/wp-json\/wp\/v2\/tags?post=1259766"}],"curies":[{"name":"wp","href":"https:\/\/api.w.org\/{rel}","templated":true}]}}