{"id":1259788,"date":"2026-08-25T14:17:18","date_gmt":"2026-08-25T14:17:18","guid":{"rendered":"https:\/\/www.europesays.com\/de\/1259788\/"},"modified":"2026-08-25T14:17:18","modified_gmt":"2026-08-25T14:17:18","slug":"russland-und-die-ukraine-dramatik-wurde-voellig-unterschaetzt","status":"publish","type":"post","link":"https:\/\/www.europesays.com\/de\/1259788\/","title":{"rendered":"Russland und die Ukraine: &#8222;Dramatik wurde v\u00f6llig untersch\u00e4tzt&#8220;"},"content":{"rendered":"<p class=\"font-bold text-18 leading-17 user-text-lg:text-22 user-text-xl:text-24\">Die Welt ist \u00e4u\u00dferst gef\u00e4hrlich. Gut beraten ist, wer in Zeiten von Putin, Trump und Co. das Potenzial einer Krise fr\u00fch erkennt. Germanist J\u00fcrgen Wertheimer erkl\u00e4rt, warum uns der Blick in die Literatur vor Russland h\u00e4tte warnen k\u00f6nnen.<\/p>\n<p class=\"text-18 leading-17 user-text-lg:text-22 user-text-xl:text-24\">Wie schnell Krisen zu Konflikten eskalieren k\u00f6nnen, hat die j\u00fcngste Vergangenheit demonstriert. Ein Beispiel ist Russlands Eroberungskrieg gegen die <a href=\"https:\/\/www.t-online.de\/themen\/ukraine\/\" class=\"transition-colors cursor-pointer no-underline md:hover:text-magenta md:focus:text-magenta border-b border-solid border-current text-salemsfur md:hover:border-magenta\" data-tracking=\"{&quot;action&quot;:&quot;click&quot;,&quot;category&quot;:&quot;intextLink&quot;,&quot;label&quot;:&quot;\/themen\/ukraine\/&quot;}\" data-sctrack=\"BodyAnchor\" rel=\"nofollow noopener\" target=\"_blank\">Ukraine<\/a>. Nur haben Deutschland und andere westliche Staaten viel zu oft viel zu sp\u00e4t Ausma\u00df und m\u00f6gliche Folgen solcher Krisen erkannt. Ein &#8222;Fr\u00fchwarnsystem&#8220; wird sogar str\u00e4flich vernachl\u00e4ssigt, warnt J\u00fcrgen Wertheimer: die Literatur. Denn kaum ein anderes Medium k\u00f6nne Gef\u00fchle und Stimmungen innerhalb einer Gesellschaft in vergleichbarer Weise aufzeigen, so der Germanist.<\/p>\n<p class=\"text-18 leading-17 user-text-lg:text-22 user-text-xl:text-24\">Was kann die Literatur zur Fr\u00fcherkennung sich anbahnender Krisen und Konflikte leisten? Warum werden Warnungen vor Krisen von der Politik nicht ausreichend beherzigt? Und wie k\u00f6nnte ein literarisches Fr\u00fchwarnsystem Europa vor Gefahren sch\u00fctzen? Diese Fragen beantwortet J\u00fcrgen Wertheimer, Leiter des &#8222;Projekts Cassandra&#8220;, im Gespr\u00e4ch.<\/p>\n<p class=\"text-18 leading-17 user-text-lg:text-22 user-text-xl:text-24\"><strong class=\"font-bold\">t-online: Professor Wertheimer, die Welt ist \u2013 wieder \u2013 ein ziemlich gef\u00e4hrlicher Ort geworden. Sie raten dringend dazu, Literatur als &#8222;Fr\u00fchwarnsystem&#8220; f\u00fcr sich anbahnende Krisen, Konflikte und Kriege heranzuziehen. Wie kann das hilfreich sein?<\/strong><\/p>\n<p class=\"text-18 leading-17 user-text-lg:text-22 user-text-xl:text-24\"><strong class=\"font-bold\">J\u00fcrgen Wertheimer:<\/strong> Literatur kann sogar au\u00dferordentlich n\u00fctzlich sein, um Konfliktpotenziale fr\u00fch zu identifizieren. Die sozialen Medien gelten als schneller und griffiger in dieser Hinsicht, das Beispiel <a href=\"https:\/\/www.t-online.de\/themen\/ceuta\/\" class=\"transition-colors cursor-pointer no-underline md:hover:text-magenta md:focus:text-magenta border-b border-solid border-current text-salemsfur md:hover:border-magenta\" data-tracking=\"{&quot;action&quot;:&quot;click&quot;,&quot;category&quot;:&quot;intextLink&quot;,&quot;label&quot;:&quot;\/themen\/ceuta\/&quot;}\" data-sctrack=\"BodyAnchor\" rel=\"nofollow noopener\" target=\"_blank\">Ceuta<\/a> und der k\u00fcrzliche Ansturm von Migranten wird in dieser Hinsicht gern genannt. Tats\u00e4chlich k\u00f6nnen die sozialen Medien gut die Oberfl\u00e4che, die Reaktionen eines solchen Ereignisses aufzeichnen. Doch zu diesem Zeitpunkt ist alles bereits geschehen oder nur noch schwerlich abwendbar.<\/p>\n<p class=\"text-18 leading-17 user-text-lg:text-22 user-text-xl:text-24\"><strong class=\"font-bold\">Die Literatur bietet mehr?<\/strong><\/p>\n<p class=\"text-18 leading-17 user-text-lg:text-22 user-text-xl:text-24\">Die Literatur leistet in der Tat mehr \u2013 und zwar liefert ihre Auswertung ein unbestechliches, realistisches und von Vorurteilen freies Bild davon, wie es in den Menschen und der Gesellschaft faktisch aussieht. So k\u00f6nnen wir in die tiefen Strukturen vordringen und nicht an der Oberfl\u00e4che h\u00e4ngen bleiben. Gerade das Zusammenspiel zwischen der Auswertung von Literatur und sozialen Medien k\u00f6nnte deshalb ein ziemlich kompaktes Bild ergeben.<\/p>\n<p>Zur Person<\/p>\n<p class=\"pt-8 text-14 md:pt-8 leading-17 user-text-lg:text-22 user-text-xl:text-24\"><strong class=\"font-bold\">J\u00fcrgen Wertheimer<\/strong>, geboren 1947, ist Germanist und Komparatist. Bis zu seiner Emeritierung lehrte Wertheimer Neuere Deutsche Literaturwissenschaft und Komparatistik an der Eberhard Karls Universit\u00e4t T\u00fcbingen. Bis heute ist der Forscher Leiter des &#8222;<strong class=\"font-bold\">Projekts Cassandra&#8220;<\/strong>, das zur globalen Krisenfr\u00fcherkennung die Methoden der Literaturauswertung einsetzt. Zugleich ist Wertheimer Autor zahlreicher B\u00fccher, k\u00fcrzlich erschien sein Roman &#8222;<strong class=\"font-bold\">Die Scharfseherin<\/strong>&#8222;.<\/p>\n<p class=\"text-18 leading-17 user-text-lg:text-22 user-text-xl:text-24\"><strong class=\"font-bold\">St\u00f6\u00dft Ihr literarischer Ansatz bisweilen auf Skepsis?<\/strong><\/p>\n<p class=\"text-18 leading-17 user-text-lg:text-22 user-text-xl:text-24\">Nat\u00fcrlich. Literatur spielt als Motor der Erkenntnis nach wie vor kaum eine Rolle. Dabei ist sie die DNA der Kultur. Ich kenne kein anderes Genre, das so tief und unbestechlich in die Unterseite kollektiver Gef\u00fchle eindringt, wie das der Literatur. Deswegen betreibe ich zusammen mit anderen das &#8222;Projekt Cassandra&#8220; \u2013 trotz allen Gegenwinds \u2013 unverdrossen weiter.<\/p>\n","protected":false},"excerpt":{"rendered":"Die Welt ist \u00e4u\u00dferst gef\u00e4hrlich. Gut beraten ist, wer in Zeiten von Putin, Trump und Co. das Potenzial&hellip;\n","protected":false},"author":2,"featured_media":1259789,"comment_status":"","ping_status":"","sticky":false,"template":"","format":"standard","meta":{"footnotes":"","_share_on_mastodon":"0"},"categories":[4013],"tags":[3028,186,331,332,250953,29,119223,663,13,260452,168725,669,14,15,4200,4043,4044,850,307,12,317,306],"class_list":["post-1259788","post","type-post","status-publish","format-standard","has-post-thumbnail","category-russland","tag-3028","tag-afd","tag-aktuelle-nachrichten","tag-aktuelle-news","tag-ceuta","tag-deutschland","tag-dramatik","tag-europa","tag-headlines","tag-juergen-wertheimer","tag-konfliktpotenzial","tag-krise","tag-nachrichten","tag-news","tag-ostdeutschland","tag-russia","tag-russian-federation","tag-russische-foederation","tag-russland","tag-schlagzeilen","tag-ukraine","tag-wladimir-putin"],"share_on_mastodon":{"url":"https:\/\/pubeurope.com\/@de\/117156580799828908","error":""},"_links":{"self":[{"href":"https:\/\/www.europesays.com\/de\/wp-json\/wp\/v2\/posts\/1259788","targetHints":{"allow":["GET"]}}],"collection":[{"href":"https:\/\/www.europesays.com\/de\/wp-json\/wp\/v2\/posts"}],"about":[{"href":"https:\/\/www.europesays.com\/de\/wp-json\/wp\/v2\/types\/post"}],"author":[{"embeddable":true,"href":"https:\/\/www.europesays.com\/de\/wp-json\/wp\/v2\/users\/2"}],"replies":[{"embeddable":true,"href":"https:\/\/www.europesays.com\/de\/wp-json\/wp\/v2\/comments?post=1259788"}],"version-history":[{"count":0,"href":"https:\/\/www.europesays.com\/de\/wp-json\/wp\/v2\/posts\/1259788\/revisions"}],"wp:featuredmedia":[{"embeddable":true,"href":"https:\/\/www.europesays.com\/de\/wp-json\/wp\/v2\/media\/1259789"}],"wp:attachment":[{"href":"https:\/\/www.europesays.com\/de\/wp-json\/wp\/v2\/media?parent=1259788"}],"wp:term":[{"taxonomy":"category","embeddable":true,"href":"https:\/\/www.europesays.com\/de\/wp-json\/wp\/v2\/categories?post=1259788"},{"taxonomy":"post_tag","embeddable":true,"href":"https:\/\/www.europesays.com\/de\/wp-json\/wp\/v2\/tags?post=1259788"}],"curies":[{"name":"wp","href":"https:\/\/api.w.org\/{rel}","templated":true}]}}