{"id":1259907,"date":"2026-08-25T15:38:12","date_gmt":"2026-08-25T15:38:12","guid":{"rendered":"https:\/\/www.europesays.com\/de\/1259907\/"},"modified":"2026-08-25T15:38:12","modified_gmt":"2026-08-25T15:38:12","slug":"fw-kiel-produktaustritt-auf-dem-gelaende-des-seehafen","status":"publish","type":"post","link":"https:\/\/www.europesays.com\/de\/1259907\/","title":{"rendered":"FW-Kiel: Produktaustritt auf dem Gel\u00e4nde des Seehafen"},"content":{"rendered":"<p class=\"date\">25.08.2026 \u2013 16:57<\/p>\n<p class=\"customer\">\n                        <a class=\"story-customer\" title=\"weiter zum newsroom von Feuerwehr Kiel\" href=\"https:\/\/www.presseportal.de\/blaulicht\/nr\/82765\" rel=\"nofollow noopener\" target=\"_blank\">Feuerwehr Kiel<\/a>\n                    <\/p>\n<p><a data-category=\"citylink-story-view\" data-action=\"click\" data-label=\"Citylink in Meldungsansicht\" class=\"story-city event-trigger\" href=\"https:\/\/www.presseportal.de\/regional\/Kiel\" title=\"News aus Kiel \" rel=\"nofollow noopener\" target=\"_blank\">Kiel<\/a> (ots)<\/p>\n<p>Am 25.08.2026 kam es gegen 14:50 Uhr zu einem Produktaustritt der es erforderlich machte das die Feuerwehr gr\u00f6\u00dfere Absperrma\u00dfnahmen durchgef\u00fchrt hat. Das austretende Produkt wurde aufgenommen und der defekte Beh\u00e4lter zur weiteren Behandlung dem Seehafen \u00fcbergeben.<\/p>\n<p class=\"contact-headline\">R\u00fcckfragen bitte an:<\/p>\n<p class=\"contact-text\">Medien-R\u00fcckfragen bitte an:<\/p>\n<p>Feuerwehr Kiel<br \/>Lagedienstf\u00fchrer<br \/>Telefon: 0431 \/ 5905 &#8211; 0<br \/>Fax: 0431 \/ 5905 &#8211; 147<br \/><a target=\"_blank\" class=\"uri-ext outbound\" rel=\"noopener nofollow\" href=\"https:\/\/www.kiel.de\/de\/gesundheit_soziales\/feuerwehr\/index.php\">https:\/\/www.kiel.de\/de\/gesundheit_soziales\/feuerwehr\/index.php<\/a><\/p>\n<p class=\"originator\">Original-Content von: Feuerwehr Kiel, \u00fcbermittelt durch news aktuell<\/p>\n","protected":false},"excerpt":{"rendered":"25.08.2026 \u2013 16:57 Feuerwehr Kiel Kiel (ots) Am 25.08.2026 kam es gegen 14:50 Uhr zu einem Produktaustritt der&hellip;\n","protected":false},"author":2,"featured_media":1184682,"comment_status":"","ping_status":"","sticky":false,"template":"","format":"standard","meta":{"footnotes":"","_share_on_mastodon":"0"},"categories":[1852],"tags":[2919,3364,29,548,663,3934,985,30,13,4949,14,15,178,180,179,181,12,1971,17990],"class_list":["post-1259907","post","type-post","status-publish","format-standard","has-post-thumbnail","category-kiel","tag-brand","tag-de","tag-deutschland","tag-eu","tag-europa","tag-europe","tag-feuerwehr","tag-germany","tag-headlines","tag-kiel","tag-nachrichten","tag-news","tag-presse","tag-pressemeldung","tag-pressemitteilung","tag-pressemitteilungen","tag-schlagzeilen","tag-schleswig-holstein","tag-sh"],"share_on_mastodon":{"url":"https:\/\/pubeurope.com\/@de\/117156898754028142","error":""},"_links":{"self":[{"href":"https:\/\/www.europesays.com\/de\/wp-json\/wp\/v2\/posts\/1259907","targetHints":{"allow":["GET"]}}],"collection":[{"href":"https:\/\/www.europesays.com\/de\/wp-json\/wp\/v2\/posts"}],"about":[{"href":"https:\/\/www.europesays.com\/de\/wp-json\/wp\/v2\/types\/post"}],"author":[{"embeddable":true,"href":"https:\/\/www.europesays.com\/de\/wp-json\/wp\/v2\/users\/2"}],"replies":[{"embeddable":true,"href":"https:\/\/www.europesays.com\/de\/wp-json\/wp\/v2\/comments?post=1259907"}],"version-history":[{"count":0,"href":"https:\/\/www.europesays.com\/de\/wp-json\/wp\/v2\/posts\/1259907\/revisions"}],"wp:featuredmedia":[{"embeddable":true,"href":"https:\/\/www.europesays.com\/de\/wp-json\/wp\/v2\/media\/1184682"}],"wp:attachment":[{"href":"https:\/\/www.europesays.com\/de\/wp-json\/wp\/v2\/media?parent=1259907"}],"wp:term":[{"taxonomy":"category","embeddable":true,"href":"https:\/\/www.europesays.com\/de\/wp-json\/wp\/v2\/categories?post=1259907"},{"taxonomy":"post_tag","embeddable":true,"href":"https:\/\/www.europesays.com\/de\/wp-json\/wp\/v2\/tags?post=1259907"}],"curies":[{"name":"wp","href":"https:\/\/api.w.org\/{rel}","templated":true}]}}