{"id":1259953,"date":"2026-08-25T16:10:18","date_gmt":"2026-08-25T16:10:18","guid":{"rendered":"https:\/\/www.europesays.com\/de\/1259953\/"},"modified":"2026-08-25T16:10:18","modified_gmt":"2026-08-25T16:10:18","slug":"mdr-und-ndr-warnen-in-aktionen-vor-moeglicher-afd-regierung-afd-spitzenkandidat-reagiert-empoert","status":"publish","type":"post","link":"https:\/\/www.europesays.com\/de\/1259953\/","title":{"rendered":"MDR und NDR warnen in Aktionen vor m\u00f6glicher AfD-Regierung \u2013\u00a0AfD-Spitzenkandidat reagiert emp\u00f6rt"},"content":{"rendered":"<p>Die AfD in Sachsen-Anhalt will den Rundfunkstaatsvertrag k\u00fcndigen. MDR und NDR reagieren mit ungew\u00f6hnlichen Aktionen. Ein f\u00fchrender AfD-Politiker ist emp\u00f6rt.<\/p>\n<p class=\"is-first-paragraph\" data-external=\"Article.FirstParagraph\">Der Mitteldeutsche Rundfunk (MDR) hat sein Fernsehprogramm in Sachsen-Anhalt am Montagabend kurzzeitig mit einem schwarzen Bildschirm unterbrochen. W\u00e4hrend der Nachrichtensendung \u201e<a class=\"is-link c-block-items__link is-external c-link--rich-text-renderer\" href=\"https:\/\/www.mdr.de\/video\/mdr-videos\/c\/video-1636636.html\" target=\"_blank\" title=\"Link wird in einem neuen Tab ge\u00f6ffnet\" rel=\"nofollow noopener\" data-internal-tracking-enabled=\"true\" data-internal-tracking=\"{&quot;action&quot;:&quot;click&quot;,&quot;label&quot;:&quot;link&quot;,&quot;name&quot;:&quot;Inline Element&quot;,&quot;data&quot;:{&quot;source&quot;:&quot;&quot;,&quot;target&quot;:&quot;https:\/\/www.mdr.de\/video\/mdr-videos\/c\/video-1636636.html&quot;,&quot;trackingName&quot;:&quot;&quot;,&quot;trackingLabel&quot;:&quot;&quot;}}\">MDR Sachsen-Anhalt heute<\/a>\u201c hie\u00df es aus dem Off: \u201eWie Sie sehen, sehen Sie nichts. Keinen MDR mehr in Sachsen-Anhalt? Und damit auch kein MDR Sachsen-Anhalt heute? Das k\u00f6nnte passieren.\u201c Anschlie\u00dfend verwies der Sender auf Informationen zu den m\u00f6glichen Folgen einer K\u00fcndigung des MDR-Staatsvertrags.<\/p>\n<p>Hintergrund ist die Landtagswahl in Sachsen-Anhalt am 6. September. Die AfD hat angek\u00fcndigt, im Falle einer Regierungs\u00fcbernahme die Rundfunkstaatsvertr\u00e4ge zu k\u00fcndigen.<\/p>\n<p>Der Aktion folgte <a class=\"is-link c-block-items__link is-external c-link--rich-text-renderer\" href=\"https:\/\/www.mdr.de\/video\/mdr-videos\/c\/video-1636608.html\" target=\"_blank\" title=\"Link wird in einem neuen Tab ge\u00f6ffnet\" rel=\"nofollow noopener\" data-internal-tracking-enabled=\"true\" data-internal-tracking=\"{&quot;action&quot;:&quot;click&quot;,&quot;label&quot;:&quot;link&quot;,&quot;name&quot;:&quot;Inline Element&quot;,&quot;data&quot;:{&quot;source&quot;:&quot;&quot;,&quot;target&quot;:&quot;https:\/\/www.mdr.de\/video\/mdr-videos\/c\/video-1636608.html&quot;,&quot;trackingName&quot;:&quot;&quot;,&quot;trackingLabel&quot;:&quot;&quot;}}\">ein Interview<\/a> mit MDR-Intendant Ralf Ludwig. Darin erkl\u00e4rte er, vielen Menschen seien die m\u00f6glichen Folgen einer Aufk\u00fcndigung des Staatsvertrags nicht bewusst. Dabei nannte er auch das Wahlprogramm der AfD. \u201eWir haben uns deshalb entschieden, an ausgew\u00e4hlten Stellen des Programms informierend darauf hinzuweisen und publizistisch dies einmal einzuordnen\u201c, sagte Ludwig.<\/p>\n<p>Dazu geh\u00f6rten gezielte Unterbrechungen im Fernsehen und im Radio. Der Sender wolle damit verdeutlichen, welche Angebote in Sachsen-Anhalt wegfallen w\u00fcrden. Betroffen waren nach Ludwigs Angaben nicht nur das Regionalmagazin \u201eMDR Sachsen-Anhalt heute\u201c, sondern auch Radioprogramme sowie regionale Inhalte im Internet und in den sozialen Medien. <a class=\"is-link c-block-items__link is-external c-link--rich-text-renderer\" href=\"https:\/\/www.mdr.de\/unternehmen\/kuendigung-rundfunkstaatsvertrag-abschaltung-sachsen-anhalt-100.html\" target=\"_blank\" title=\"Link wird in einem neuen Tab ge\u00f6ffnet\" rel=\"nofollow noopener\" data-internal-tracking-enabled=\"true\" data-internal-tracking=\"{&quot;action&quot;:&quot;click&quot;,&quot;label&quot;:&quot;link&quot;,&quot;name&quot;:&quot;Inline Element&quot;,&quot;data&quot;:{&quot;source&quot;:&quot;&quot;,&quot;target&quot;:&quot;https:\/\/www.mdr.de\/unternehmen\/kuendigung-rundfunkstaatsvertrag-abschaltung-sachsen-anhalt-100.html&quot;,&quot;trackingName&quot;:&quot;&quot;,&quot;trackingLabel&quot;:&quot;&quot;}}\">Auf einer Webseite informiert der Sender \u00fcber die Folgen einer K\u00fcndigung<\/a>. <\/p>\n<p>NDR sendet Stille \u2013 AfD kritisiert Aktion als \u201eoffenen Wahlkampf\u201c<\/p>\n<p>Auch der Norddeutsche Rundfunk (NDR) machte mit der Aktion \u201eFunkstille\u201c auf m\u00f6gliche Folgen einer K\u00fcndigung des NDR-Staatsvertrages und des Medienstaatsvertrages aufmerksam. So wurden beim Sender NDR1 Radio MV jeweils Beitr\u00e4ge angek\u00fcndigt, worauf dann aber einige Sekunden Stille gefolgt seien sowie eine Moderation. Eine Partei oder Positionen aus einem Wahlprogramm w\u00fcrden in den Beitr\u00e4gen nicht erw\u00e4hnt, betonte der Sender.<\/p>\n<p>Der AfD-Landesverband Mecklenburg-Vorpommern warf dem NDR daraufhin vor, offenen Wahlkampf gegen die AfD zu betreiben. Der NDR sei per Medienstaatsvertrag zu \u00dcberparteilichkeit und Ausgewogenheit verpflichtet.<\/p>\n<p>\u201eMit demonstrativer Stille und der Androhung des Programmverlusts instrumentalisiert der NDR Angst als Wahlkampfhelfer und missbraucht Sendezeit, die von Zwangsgeb\u00fchren finanziert wird\u201c, kritisierte AfD-Spitzenkandidat Enrico Schult.<\/p>\n<p>Die AfD wolle den \u201e\u00f6ffentlich-rechtlichen Rundfunk nicht abschaffen, aber auf ein schlankes, sparsames und transparentes Grundangebot zur\u00fcckf\u00fchren, das der verfassungsm\u00e4\u00dfigen Grundversorgung dient\u201c, so Schult. \u201eDazu k\u00fcndigen wir den NDR-Staatsvertrag und den Medienstaatsvertrag, schaffen den Zwangsbeitrag ab und beenden die politische Besetzung der Rundfunkr\u00e4te.\u201c<\/p>\n<p>Der MDR-Staatsvertrag wurde von Sachsen, Sachsen-Anhalt und Th\u00fcringen geschlossen. Jedes der drei L\u00e4nder kann ihn zum Jahresende mit einer Frist von zwei Jahren k\u00fcndigen. W\u00fcrde Sachsen-Anhalt den Vertrag zum 31. Dezember 2026 wirksam aufk\u00fcndigen, schiede das Land mit Ablauf des Jahres 2028 aus dem MDR aus. \u201eAb 2029 w\u00fcrde es die Angebote des MDR f\u00fcr Sachsen-Anhalt dann nicht mehr geben, weil wir dann schlichtweg keinen Auftrag mehr haben\u201c, sagte Intendant Ludwig.<\/p>\n<p>Der MDR w\u00fcrde in diesem Fall als gemeinsame Rundfunkanstalt von Sachsen und Th\u00fcringen weiterbestehen. Sein Angebot w\u00e4re nach Angaben des Intendanten jedoch eingeschr\u00e4nkt, weil der Finanzierungsanteil aus Sachsen-Anhalt fehlte. In Sachsen-Anhalt m\u00fcsste zugleich eine neue \u00f6ffentlich-rechtliche Rundfunkstruktur geschaffen werden. Eine K\u00fcndigung des MDR-Staatsvertrags f\u00fchrte auch nicht zu einem Ende des Rundfunkbeitrags. Der Beitrag m\u00fcsste weitergezahlt werden.<\/p>\n<p>MDR-Intendant Ludwig hatte erst k\u00fcrzlich juristischen Widerstand f\u00fcr den Fall einer K\u00fcndigung des Staatsvertrags angek\u00fcndigt. \u201eWenn die K\u00fcndigung kommen sollte, werden wir juristisch dagegen vorgehen\u201c, sagte Ludwig der \u201eMitteldeutschen Zeitung\u201c.<\/p>\n<p>In Umfragen zur Landtagswahl in Sachsen-Anhalt kommt die AfD derzeit auf Werte von mehr als 40 Prozent der Zweitstimmen und liegt damit deutlich vor der CDU. Die Christdemokraten kommen auf etwa 24 Prozent. Auch in Mecklenburg-Vorpommern liegt die AfD vor der dort regierenden SPD, <a class=\"is-link c-block-items__link c-link--rich-text-renderer\" href=\"https:\/\/www.welt.de\/politik\/deutschland\/article6a7d5fcb2623edb69d5ef3e6\/umfrage-afd-legt-in-mecklenburg-vorpommern-zu-chance-fuer-rot-rot-gruene-koalition-waechst.html\" data-internal-tracking-enabled=\"true\" data-internal-tracking=\"{&quot;action&quot;:&quot;click&quot;,&quot;label&quot;:&quot;link&quot;,&quot;name&quot;:&quot;Inline Element&quot;,&quot;data&quot;:{&quot;source&quot;:&quot;&quot;,&quot;target&quot;:&quot;https:\/\/www.welt.de\/politik\/deutschland\/article6a7d5fcb2623edb69d5ef3e6\/umfrage-afd-legt-in-mecklenburg-vorpommern-zu-chance-fuer-rot-rot-gruene-koalition-waechst.html&quot;,&quot;trackingName&quot;:&quot;&quot;,&quot;trackingLabel&quot;:&quot;&quot;}}\" rel=\"nofollow noopener\" target=\"_blank\">allerdings mit weniger Abstand. <\/a><\/p>\n<p>ll\/lay mit dpa<\/p>\n","protected":false},"excerpt":{"rendered":"Die AfD in Sachsen-Anhalt will den Rundfunkstaatsvertrag k\u00fcndigen. MDR und NDR reagieren mit ungew\u00f6hnlichen Aktionen. Ein f\u00fchrender AfD-Politiker&hellip;\n","protected":false},"author":2,"featured_media":1259750,"comment_status":"","ping_status":"","sticky":false,"template":"","format":"standard","meta":{"footnotes":"","_share_on_mastodon":"0"},"categories":[5],"tags":[186,331,332,223,3364,29,30,13,99561,81,14,15,250153,110,860,12,45],"class_list":["post-1259953","post","type-post","status-publish","format-standard","has-post-thumbnail","category-nachrichten","tag-afd","tag-aktuelle-nachrichten","tag-aktuelle-news","tag-ard","tag-de","tag-deutschland","tag-germany","tag-headlines","tag-landtagswahl-sachsen-anhalt","tag-mdr","tag-nachrichten","tag-news","tag-newsos-import-welt","tag-newsteam","tag-sachsen-anhalt","tag-schlagzeilen","tag-texttospeech"],"share_on_mastodon":{"url":"https:\/\/pubeurope.com\/@de\/117157025436984226","error":""},"_links":{"self":[{"href":"https:\/\/www.europesays.com\/de\/wp-json\/wp\/v2\/posts\/1259953","targetHints":{"allow":["GET"]}}],"collection":[{"href":"https:\/\/www.europesays.com\/de\/wp-json\/wp\/v2\/posts"}],"about":[{"href":"https:\/\/www.europesays.com\/de\/wp-json\/wp\/v2\/types\/post"}],"author":[{"embeddable":true,"href":"https:\/\/www.europesays.com\/de\/wp-json\/wp\/v2\/users\/2"}],"replies":[{"embeddable":true,"href":"https:\/\/www.europesays.com\/de\/wp-json\/wp\/v2\/comments?post=1259953"}],"version-history":[{"count":0,"href":"https:\/\/www.europesays.com\/de\/wp-json\/wp\/v2\/posts\/1259953\/revisions"}],"wp:featuredmedia":[{"embeddable":true,"href":"https:\/\/www.europesays.com\/de\/wp-json\/wp\/v2\/media\/1259750"}],"wp:attachment":[{"href":"https:\/\/www.europesays.com\/de\/wp-json\/wp\/v2\/media?parent=1259953"}],"wp:term":[{"taxonomy":"category","embeddable":true,"href":"https:\/\/www.europesays.com\/de\/wp-json\/wp\/v2\/categories?post=1259953"},{"taxonomy":"post_tag","embeddable":true,"href":"https:\/\/www.europesays.com\/de\/wp-json\/wp\/v2\/tags?post=1259953"}],"curies":[{"name":"wp","href":"https:\/\/api.w.org\/{rel}","templated":true}]}}