{"id":1259964,"date":"2026-08-25T16:17:18","date_gmt":"2026-08-25T16:17:18","guid":{"rendered":"https:\/\/www.europesays.com\/de\/1259964\/"},"modified":"2026-08-25T16:17:18","modified_gmt":"2026-08-25T16:17:18","slug":"maedchen-missbrauch-in-nuernberg-tatverdaechtiger-festgenommen","status":"publish","type":"post","link":"https:\/\/www.europesays.com\/de\/1259964\/","title":{"rendered":"M\u00e4dchen-Missbrauch in N\u00fcrnberg \u2013 Tatverd\u00e4chtiger festgenommen"},"content":{"rendered":"<p>Im Zuge der Ermittlungen der &#8222;EKO Kajal&#8220; (EKO = Ermittlungskommission) hat die Polizei in N\u00fcrnberg am vergangenen Donnerstag einen Mann festgenommen. Wie die Polizei heute mitteilte, steht er im Verdacht Bet\u00e4ubungsmittel an minderj\u00e4hrige M\u00e4dchen abgegeben und sexuelle Handlungen gegen deren Willen vorgenommen zu haben. Gegen den Tatverd\u00e4chtigen hat das Amtsgericht N\u00fcrnberg inzwischen Untersuchungshaftbefehl erlassen.<\/p>\n<p>M\u00e4dchen-Missbrauch: Tatort Gostenhof<\/p>\n<p>Nach bisherigen Erkenntnissen hatten sich eine 15-J\u00e4hrige und ihre 14-j\u00e4hrige Freundin mit dem nun Festgenommenen, einem 35-j\u00e4hrigen irakischen Staatsangeh\u00f6rigen, im N\u00fcrnberger Stadtteil Gostenhof getroffen. Nach Polizeiangaben hielten sie sich zu dritt an verschiedenen \u00d6rtlichkeiten auf. <\/p>\n<p>Der Tatverd\u00e4chtige soll den beiden Jugendlichen unter anderem verbotene Bet\u00e4ubungsmittel gegeben haben. In einem Wohngeb\u00e4ude in Gostenhof soll der 35-J\u00e4hrige dann sexuelle Handlungen an ihnen vorgenommen haben, gegen den Willen der M\u00e4dchen. Eine der Jugendlichen soll er zudem mit der Hand ins Gesicht geschlagen haben, so die Polizei.<\/p>\n<p>Ermittlungen in N\u00fcrnberg laufen weiter<\/p>\n<p>Wegen des Verdachts von Bet\u00e4ubungsmittel-, Sexual- und K\u00f6rperverletzungsdelikten wurde der Mann nun verhaftet. Die Ermittlungen der &#8222;EKO Kajal&#8220; und der Staatsanwaltschaft N\u00fcrnberg-F\u00fcrth laufen weiter. <\/p>\n<p>In den vergangenen Monaten sind bereits <a href=\"https:\/\/www.br.de\/nachrichten\/bayern\/nuernberg-missbrauch-von-unter-drogen-stehenden-jungen-frauen,VQwgTlu\" rel=\"nofollow noopener\" target=\"_blank\">mehr als zehn M\u00e4nner festgenommen<\/a> worden, die in Verdacht stehen, M\u00e4dchen und junge Frauen <a href=\"https:\/\/www.br.de\/nachrichten\/bayern\/jugendliche-mit-drogen-gefuegig-gemacht-und-missbraucht,VSf3W3O\" rel=\"nofollow noopener\" target=\"_blank\">mit harten Drogen gef\u00fcgig gemacht<\/a> zu haben. Die meisten dieser F\u00e4lle fanden <a href=\"https:\/\/www.br.de\/nachrichten\/bayern\/hauptbahnhof-nuernberg-kampf-gegen-gewalt-drogen-armut,V54E2sX\" rel=\"nofollow noopener\" target=\"_blank\">im Umfeld des N\u00fcrnberger Hauptbahnhofs<\/a> statt. Bei den Tatverd\u00e4chtigen handelt es sich \u00fcberwiegend um Personen mit syrischer, pakistanischer und nordafrikanischer Herkunft, teilte die Polizei mit.<\/p>\n","protected":false},"excerpt":{"rendered":"Im Zuge der Ermittlungen der &#8222;EKO Kajal&#8220; (EKO = Ermittlungskommission) hat die Polizei in N\u00fcrnberg am vergangenen Donnerstag&hellip;\n","protected":false},"author":2,"featured_media":1259965,"comment_status":"","ping_status":"","sticky":false,"template":"","format":"standard","meta":{"footnotes":"","_share_on_mastodon":"0"},"categories":[1837],"tags":[772,3364,29,433,260489,980,30,3860,4156,3783,121,5502],"class_list":["post-1259964","post","type-post","status-publish","format-standard","has-post-thumbnail","category-nuernberg","tag-bayern","tag-de","tag-deutschland","tag-drogen","tag-eko-kajal","tag-festnahme","tag-germany","tag-maedchen","tag-mittelfranken","tag-nuernberg","tag-polizei","tag-sexueller-missbrauch"],"share_on_mastodon":{"url":"https:\/\/pubeurope.com\/@de\/117157052252428612","error":""},"_links":{"self":[{"href":"https:\/\/www.europesays.com\/de\/wp-json\/wp\/v2\/posts\/1259964","targetHints":{"allow":["GET"]}}],"collection":[{"href":"https:\/\/www.europesays.com\/de\/wp-json\/wp\/v2\/posts"}],"about":[{"href":"https:\/\/www.europesays.com\/de\/wp-json\/wp\/v2\/types\/post"}],"author":[{"embeddable":true,"href":"https:\/\/www.europesays.com\/de\/wp-json\/wp\/v2\/users\/2"}],"replies":[{"embeddable":true,"href":"https:\/\/www.europesays.com\/de\/wp-json\/wp\/v2\/comments?post=1259964"}],"version-history":[{"count":0,"href":"https:\/\/www.europesays.com\/de\/wp-json\/wp\/v2\/posts\/1259964\/revisions"}],"wp:featuredmedia":[{"embeddable":true,"href":"https:\/\/www.europesays.com\/de\/wp-json\/wp\/v2\/media\/1259965"}],"wp:attachment":[{"href":"https:\/\/www.europesays.com\/de\/wp-json\/wp\/v2\/media?parent=1259964"}],"wp:term":[{"taxonomy":"category","embeddable":true,"href":"https:\/\/www.europesays.com\/de\/wp-json\/wp\/v2\/categories?post=1259964"},{"taxonomy":"post_tag","embeddable":true,"href":"https:\/\/www.europesays.com\/de\/wp-json\/wp\/v2\/tags?post=1259964"}],"curies":[{"name":"wp","href":"https:\/\/api.w.org\/{rel}","templated":true}]}}