{"id":1260060,"date":"2026-08-25T17:16:17","date_gmt":"2026-08-25T17:16:17","guid":{"rendered":"https:\/\/www.europesays.com\/de\/1260060\/"},"modified":"2026-08-25T17:16:17","modified_gmt":"2026-08-25T17:16:17","slug":"kvno-moenchengladbach-mathias-jorde-ist-der-neue-vorsitzende","status":"publish","type":"post","link":"https:\/\/www.europesays.com\/de\/1260060\/","title":{"rendered":"KVNO M\u00f6nchengladbach: Mathias Jorde ist der neue Vorsitzende"},"content":{"rendered":"<p class=\"text_ohne_einzug richtext text-em-55 !leading-serif mx-6 desktop:mx-0\"> An der Spitze der hiesigen Kreisstelle der Kassen\u00e4rztlichen Vereinigung Nordrhein (KVNO) hat sich ein Wechsel vollzogen. Der langj\u00e4hrige Kostenpflichtiger Inhalt <a href=\"https:\/\/rp-online.de\/nrw\/staedte\/moenchengladbach\/mangel-an-hausaerzten-in-moenchengladbach-kv-chef-und-arzt-arno-theilmeier-im-interview_aid-149446399\" rel=\"nofollow noopener\" target=\"_blank\">Vorsitzende Arno Theilmeier<\/a> ist Ende Juni in den Ruhestand gegangen. Mitte August wurde nun sein Nachfolger gew\u00e4hlt, ebenso wie der Vertreter. Einstimmig votiert wurde f\u00fcr den Internisten Mathias Jorde als Vorsitzenden der KNVO <a href=\"https:\/\/rp-online.de\/thema\/moenchengladbach\/\" rel=\"nofollow noopener\" target=\"_blank\">M\u00f6nchengladbach<\/a> sowie den Kardiologen und Internisten Klemens Bolzenius als sein Stellvertreter.<\/p>\n<p class=\"richtext text-em-55 !leading-serif mx-6 desktop:mx-0\">Jorde studierte an der <a href=\"https:\/\/rp-online.de\/thema\/rwth-aachen\/\" rel=\"nofollow noopener\" target=\"_blank\">RWTH Aachen<\/a> Humanmedizin. 1996 promovierte er und erhielt seine Approbation als Arzt. Seit 2001 ist er Facharzt f\u00fcr innere Medizin und arbeitet als niedergelassener Hausarzt. Gemeinsam mit Robert Herbrand leitet er eine Praxis in Windberg. Mitglied des Vorstandes der Kreisstelle der KV wurde Jorde dann 2010, sp\u00e4ter \u2013 vor acht Jahren \u2013 \u00fcbernahm er den stellvertretenden Vorsitz. In dieser Position erlebte er auch die Corona-Pandemie, w\u00e4hrend er das Impfzentrum M\u00f6nchengladbach leitete.<\/p>\n<p>Krankenkassenreform und Haus\u00e4rztemangel      <\/p>\n<p class=\"richtext text-em-55 !leading-serif mx-6 desktop:mx-0\">Mit seiner neuen Aufgabe sei Jorde demnach bereits vertraut und blicke ihr positiv entgegen. Er sagt: \u201eDas wird eine spannende Zeit.\u201c Denn gesundheitspolitisch ist momentan einiges los. Erst vor wenigen Wochen verabschiedete die ehemalige Bundesgesundheitsministerin Nina Warken (CDU) die Krankenkassenreform. Demnach werden k\u00fcnftig die Ausgaben der gesetzlichen <a href=\"https:\/\/rp-online.de\/thema\/krankenversicherung\/\" rel=\"nofollow noopener\" target=\"_blank\">Krankenversicherung<\/a> an die Einnahmen gekoppelt. Damit soll gesichert werden, dass die Kassenbeitr\u00e4ge stabil bleiben und nicht weiter steigen. Seitens der \u00c4rzte und Krankenh\u00e4user st\u00f6\u00dft das Vorhaben Kostenpflichtiger Inhalt <a href=\"https:\/\/rp-online.de\/nrw\/staedte\/moenchengladbach\/moenchengladbach-experten-kritisieren-krankenkassenreform_aid-151108349\" rel=\"nofollow noopener\" target=\"_blank\">auf Kritik<\/a>. Sie f\u00fcrchten, die medizinische Versorgung in Deutschland werde sich verschlechtern.<\/p>\n<p class=\"richtext text-em-55 !leading-serif mx-6 desktop:mx-0\">Hinzu kommt der Haus\u00e4rztemangel, der auch M\u00f6nchengladbach betrifft. Jorde sagt, aktuell gebe es f\u00fcnf offene Hausarztstellen in M\u00f6nchengladbach. Zudem seien acht Prozent der niedergelassenen Haus\u00e4rzte \u00fcber 68 Jahre alt und weitere 40 Prozent \u00fcber 64. Fast jeder Zweite ist demnach kurz vor dem Ruhestand. Daran will Jorde in Zukunft ankn\u00fcpfen. Sein Ziel: Er will \u201eGladbach f\u00fcr junge \u00c4rzte noch einmal interessanter machen, gerade im haus\u00e4rztlichen Bereich\u201c.<\/p>\n","protected":false},"excerpt":{"rendered":"An der Spitze der hiesigen Kreisstelle der Kassen\u00e4rztlichen Vereinigung Nordrhein (KVNO) hat sich ein Wechsel vollzogen. Der langj\u00e4hrige&hellip;\n","protected":false},"author":2,"featured_media":1260061,"comment_status":"","ping_status":"","sticky":false,"template":"","format":"standard","meta":{"footnotes":"","_share_on_mastodon":"0"},"categories":[1849],"tags":[3364,29,548,663,3934,30,13,260517,84369,18481,4455,14,15,1209,12,260518,29632],"class_list":["post-1260060","post","type-post","status-publish","format-standard","has-post-thumbnail","category-moenchengladbach","tag-de","tag-deutschland","tag-eu","tag-europa","tag-europe","tag-germany","tag-headlines","tag-jorde","tag-kassenaerztlichen","tag-mathias","tag-moenchengladbach","tag-nachrichten","tag-news","tag-nordrhein-westfalen","tag-schlagzeilen","tag-theilmeier","tag-vereinigung"],"share_on_mastodon":{"url":"https:\/\/pubeurope.com\/@de\/117157283900854955","error":""},"_links":{"self":[{"href":"https:\/\/www.europesays.com\/de\/wp-json\/wp\/v2\/posts\/1260060","targetHints":{"allow":["GET"]}}],"collection":[{"href":"https:\/\/www.europesays.com\/de\/wp-json\/wp\/v2\/posts"}],"about":[{"href":"https:\/\/www.europesays.com\/de\/wp-json\/wp\/v2\/types\/post"}],"author":[{"embeddable":true,"href":"https:\/\/www.europesays.com\/de\/wp-json\/wp\/v2\/users\/2"}],"replies":[{"embeddable":true,"href":"https:\/\/www.europesays.com\/de\/wp-json\/wp\/v2\/comments?post=1260060"}],"version-history":[{"count":0,"href":"https:\/\/www.europesays.com\/de\/wp-json\/wp\/v2\/posts\/1260060\/revisions"}],"wp:featuredmedia":[{"embeddable":true,"href":"https:\/\/www.europesays.com\/de\/wp-json\/wp\/v2\/media\/1260061"}],"wp:attachment":[{"href":"https:\/\/www.europesays.com\/de\/wp-json\/wp\/v2\/media?parent=1260060"}],"wp:term":[{"taxonomy":"category","embeddable":true,"href":"https:\/\/www.europesays.com\/de\/wp-json\/wp\/v2\/categories?post=1260060"},{"taxonomy":"post_tag","embeddable":true,"href":"https:\/\/www.europesays.com\/de\/wp-json\/wp\/v2\/tags?post=1260060"}],"curies":[{"name":"wp","href":"https:\/\/api.w.org\/{rel}","templated":true}]}}