{"id":1260102,"date":"2026-08-25T17:45:21","date_gmt":"2026-08-25T17:45:21","guid":{"rendered":"https:\/\/www.europesays.com\/de\/1260102\/"},"modified":"2026-08-25T17:45:21","modified_gmt":"2026-08-25T17:45:21","slug":"slowakische-polizei-vereitelt-anschlag-auf-drohnenfabrik","status":"publish","type":"post","link":"https:\/\/www.europesays.com\/de\/1260102\/","title":{"rendered":"Slowakische Polizei vereitelt Anschlag auf Drohnenfabrik"},"content":{"rendered":"<p>            <img loading=\"lazy\" decoding=\"async\" class=\"ts-image\" src=\"https:\/\/www.europesays.com\/de\/wp-content\/uploads\/2026\/08\/drohne-362.jpg\" alt=\"Drohne vor Stromleitung.\" title=\"Drohne vor Stromleitung. | picture alliance \/ Daniel Kubirs\"\/><\/p>\n<p class=\"metatextline\">Stand: 25.08.2026 \u2022 17:42 Uhr<\/p>\n<p class=\"article-head__shorttext\">\n        <strong>Improvisiertes Napalm und ein handschriftlicher Plan: In der Slowakei haben Ermittler nach eigenen Angaben einen Anschlag auf eine Drohnenfabrik verhindert. Drei M\u00e4nner wurden festgenommen &#8211; einer von ihnen in Deutschland.<\/strong>\n    <\/p>\n<p class=\"textabsatz m-ten m-offset-one l-eight l-offset-two columns twelve\">Die Polizei in der Slowakei hat nach eigenen Angaben einen m\u00f6glichen Brandanschlag auf eine Drohnenfabrik verhindert. Wie die Beh\u00f6rden bei Facebook mitteilten, war ein Produktionswerk f\u00fcr unbemannte Flugobjekte im Osten des Landes Ziel der vereitelten Pl\u00e4ne. Zu den Hintergr\u00fcnden war zun\u00e4chst nichts bekannt, auch den genauen Ort und Namen der Fabrik nannten die Beh\u00f6rden nicht. Unklar war auch, ob in dem Werk Drohnen f\u00fcr die von Russland angegriffene Ukraine gefertigt werden.<\/p>\n<p class=\"textabsatz m-ten m-offset-one l-eight l-offset-two columns twelve\">Zwei Beschuldigte seien in der Slowakei festgenommen worden, ein dritter auf der Grundlage eines europ\u00e4ischen Haftbefehls in Deutschland, hie\u00df es. Ihnen allen drohe nun eine Anklage wegen Gef\u00e4hrdung der Allgemeinheit.<\/p>\n<p class=\"textabsatz m-ten m-offset-one l-eight l-offset-two columns twelve\">In dem Drohnenwerk seien rund 70 Personen besch\u00e4ftigt, so die Ermittler. Der Wert der Produktionsanlage belaufe sich auf Dutzende Millionen Euro. Die drei Beschuldigten sollen im Auftrag von Dritten gehandelt haben. N\u00e4here Angaben dazu machten die Beh\u00f6rden zun\u00e4chst nicht.<\/p>\n<p>    Brands\u00e4tze und Pl\u00e4ne sichergestellt<\/p>\n<p class=\"textabsatz m-ten m-offset-one l-eight l-offset-two columns twelve\">Bei Razzien stellten die Ermittler demnach eine gr\u00f6\u00dfere Menge an Brandmischung, Werkzeuge, Mobiltelefone sowie einen handschriftlich festgehaltenen Plan sicher. Nach ersten Erkenntnissen habe es sich bei der Brandmasse um improvisiertes Napalm, einer Mischung aus Benzin und Verdickungsmittel, gehandelt.<\/p>\n<p class=\"textabsatz m-ten m-offset-one l-eight l-offset-two columns twelve\">&#8222;Falls es zu dem Angriff gekommen w\u00e4re, h\u00e4tten ein umfangreicher Brand, eine Gef\u00e4hrdung von Leben und Gesundheit (der Arbeiter) sowie Sachsch\u00e4den von gro\u00dfem Umfang gedroht&#8220;, teilten die Ermittler der Sondereinheit f\u00fcr den Kampf gegen die organisierte Kriminalit\u00e4t (UBOK) mit. Die UBOK hatte Hinweise des slowakischen Nachrichtendienstes SIS und des Milit\u00e4rgeheimdienstes erhalten.<\/p>\n<p>    R\u00fcstungsgesch\u00e4fte mit der Ukraine<\/p>\n<p class=\"textabsatz m-ten m-offset-one l-eight l-offset-two columns twelve\">Die Slowakei ist Mitglied von EU und NATO und grenzt im Osten an die Ukraine. Regierungschef Robert Fico \u00e4u\u00dfert sich russlandfreundlich und hat staatliche Waffenlieferungen an die Ukraine gestoppt. Die R\u00fcstungsindustrie des Landes boomt &#8211; jedoch auch die privaten R\u00fcstungsgesch\u00e4fte mit der Ukraine.<\/p>\n<p class=\"textabsatz m-ten m-offset-one l-eight l-offset-two columns twelve\">Wie slowakische Medien berichteten, werden im Osten des Landes in einer Fabrik mit ukrainischen Besitzern Drohnen hergestellt, die 28 Stunden in der Luft bleiben und 2.500 Kilometer zur\u00fccklegen k\u00f6nnen. Ob es sich um diese Fabrik handelt, ist derzeit nicht bekannt.<\/p>\n<p class=\"textabsatz m-ten m-offset-one l-eight l-offset-two columns twelve\">Mit Informationen von Marianne Allweiss, ARD Prag<\/p>\n","protected":false},"excerpt":{"rendered":"Stand: 25.08.2026 \u2022 17:42 Uhr Improvisiertes Napalm und ein handschriftlicher Plan: In der Slowakei haben Ermittler nach eigenen&hellip;\n","protected":false},"author":2,"featured_media":1260103,"comment_status":"","ping_status":"","sticky":false,"template":"","format":"standard","meta":{"footnotes":"","_share_on_mastodon":"0"},"categories":[5],"tags":[331,332,13774,3364,29,10068,30,13,14,15,12,7376],"class_list":["post-1260102","post","type-post","status-publish","format-standard","has-post-thumbnail","category-nachrichten","tag-aktuelle-nachrichten","tag-aktuelle-news","tag-anschlag","tag-de","tag-deutschland","tag-drohnen","tag-germany","tag-headlines","tag-nachrichten","tag-news","tag-schlagzeilen","tag-slowakei"],"share_on_mastodon":{"url":"https:\/\/pubeurope.com\/@de\/117157398481550798","error":""},"_links":{"self":[{"href":"https:\/\/www.europesays.com\/de\/wp-json\/wp\/v2\/posts\/1260102","targetHints":{"allow":["GET"]}}],"collection":[{"href":"https:\/\/www.europesays.com\/de\/wp-json\/wp\/v2\/posts"}],"about":[{"href":"https:\/\/www.europesays.com\/de\/wp-json\/wp\/v2\/types\/post"}],"author":[{"embeddable":true,"href":"https:\/\/www.europesays.com\/de\/wp-json\/wp\/v2\/users\/2"}],"replies":[{"embeddable":true,"href":"https:\/\/www.europesays.com\/de\/wp-json\/wp\/v2\/comments?post=1260102"}],"version-history":[{"count":0,"href":"https:\/\/www.europesays.com\/de\/wp-json\/wp\/v2\/posts\/1260102\/revisions"}],"wp:featuredmedia":[{"embeddable":true,"href":"https:\/\/www.europesays.com\/de\/wp-json\/wp\/v2\/media\/1260103"}],"wp:attachment":[{"href":"https:\/\/www.europesays.com\/de\/wp-json\/wp\/v2\/media?parent=1260102"}],"wp:term":[{"taxonomy":"category","embeddable":true,"href":"https:\/\/www.europesays.com\/de\/wp-json\/wp\/v2\/categories?post=1260102"},{"taxonomy":"post_tag","embeddable":true,"href":"https:\/\/www.europesays.com\/de\/wp-json\/wp\/v2\/tags?post=1260102"}],"curies":[{"name":"wp","href":"https:\/\/api.w.org\/{rel}","templated":true}]}}