{"id":1260153,"date":"2026-08-25T18:17:19","date_gmt":"2026-08-25T18:17:19","guid":{"rendered":"https:\/\/www.europesays.com\/de\/1260153\/"},"modified":"2026-08-25T18:17:19","modified_gmt":"2026-08-25T18:17:19","slug":"fan-schlaegerei-nach-derby-gladbach-vs-koeln-polizei-fahndet","status":"publish","type":"post","link":"https:\/\/www.europesays.com\/de\/1260153\/","title":{"rendered":"Fan-Schl\u00e4gerei nach Derby Gladbach vs. K\u00f6ln \u2013 Polizei fahndet"},"content":{"rendered":"<p class=\"text_ohne_einzug richtext text-em-55 !leading-serif mx-6 desktop:mx-0\"> Etwa zehn Monate ist die Schl\u00e4gerei her, jetzt fahndet die <a href=\"https:\/\/rp-online.de\/thema\/polizei\/\" rel=\"nofollow noopener\" target=\"_blank\">Polizei<\/a> \u00f6ffentlich nach Beteiligten. Am Samstag, 8. November, hatte Borussia <a href=\"https:\/\/rp-online.de\/thema\/moenchengladbach\/\" rel=\"nofollow noopener\" target=\"_blank\">M\u00f6nchengladbach<\/a> den Erzrivalen aus K\u00f6ln empfangen und 3:1 besiegt. Doch auf dem Hinweg zum Spiel kam es zu einer Auseinandersetzung: Im Verbindungstunnel des Rheydter Hauptbahnhofes in M\u00f6nchengladbach trafen mehrere Borussia-Fans auf drei K\u00f6ln-Fans, wie die Bundespolizei nun in der \u00d6ffentlichkeitsfahndung mitteilt.<\/p>\n<p class=\"richtext text-em-55 !leading-serif mx-6 desktop:mx-0\">\u201eOhne ersichtlichen Grund\u201c habe einer der Gladbach-Fans einem K\u00f6lner unvermittelt mit der Faust ins Gesicht geschlagen. Tatverd\u00e4chtige gingen daraufhin auf die drei K\u00f6ln-Fans zu, traten ihnen gegen Oberk\u00f6rper und Beine, schlugen auf Kopf und Gesicht ein.<\/p>\n<p class=\"richtext text-em-55 !leading-serif mx-6 desktop:mx-0\">Das Amtsgericht M\u00f6nchengladbach hat nun die \u00d6ffentlichkeitsfahndung nach den unbekannten Tatverd\u00e4chtigen angeordnet. Die Bundespolizei nimmt Hinweise zu den Tatverd\u00e4chtigen unter 0211\u2005129276400 entgegen.<\/p>\n","protected":false},"excerpt":{"rendered":"Etwa zehn Monate ist die Schl\u00e4gerei her, jetzt fahndet die Polizei \u00f6ffentlich nach Beteiligten. Am Samstag, 8. November,&hellip;\n","protected":false},"author":2,"featured_media":1260154,"comment_status":"","ping_status":"","sticky":false,"template":"","format":"standard","meta":{"footnotes":"","_share_on_mastodon":"0"},"categories":[1828],"tags":[29,30,14337,1420,4455,1209],"class_list":["post-1260153","post","type-post","status-publish","format-standard","has-post-thumbnail","category-koeln","tag-deutschland","tag-germany","tag-gladbach","tag-koeln","tag-moenchengladbach","tag-nordrhein-westfalen"],"share_on_mastodon":{"url":"https:\/\/pubeurope.com\/@de\/117157524207294916","error":""},"_links":{"self":[{"href":"https:\/\/www.europesays.com\/de\/wp-json\/wp\/v2\/posts\/1260153","targetHints":{"allow":["GET"]}}],"collection":[{"href":"https:\/\/www.europesays.com\/de\/wp-json\/wp\/v2\/posts"}],"about":[{"href":"https:\/\/www.europesays.com\/de\/wp-json\/wp\/v2\/types\/post"}],"author":[{"embeddable":true,"href":"https:\/\/www.europesays.com\/de\/wp-json\/wp\/v2\/users\/2"}],"replies":[{"embeddable":true,"href":"https:\/\/www.europesays.com\/de\/wp-json\/wp\/v2\/comments?post=1260153"}],"version-history":[{"count":0,"href":"https:\/\/www.europesays.com\/de\/wp-json\/wp\/v2\/posts\/1260153\/revisions"}],"wp:featuredmedia":[{"embeddable":true,"href":"https:\/\/www.europesays.com\/de\/wp-json\/wp\/v2\/media\/1260154"}],"wp:attachment":[{"href":"https:\/\/www.europesays.com\/de\/wp-json\/wp\/v2\/media?parent=1260153"}],"wp:term":[{"taxonomy":"category","embeddable":true,"href":"https:\/\/www.europesays.com\/de\/wp-json\/wp\/v2\/categories?post=1260153"},{"taxonomy":"post_tag","embeddable":true,"href":"https:\/\/www.europesays.com\/de\/wp-json\/wp\/v2\/tags?post=1260153"}],"curies":[{"name":"wp","href":"https:\/\/api.w.org\/{rel}","templated":true}]}}