{"id":1260195,"date":"2026-08-25T18:42:25","date_gmt":"2026-08-25T18:42:25","guid":{"rendered":"https:\/\/www.europesays.com\/de\/1260195\/"},"modified":"2026-08-25T18:42:25","modified_gmt":"2026-08-25T18:42:25","slug":"mama-hol-mich-bitte-ab-der-letzte-anruf-vor-der-schrecklichen-todesfahrt","status":"publish","type":"post","link":"https:\/\/www.europesays.com\/de\/1260195\/","title":{"rendered":"&#8222;Mama, hol mich bitte ab&#8220;: Der letzte Anruf vor der schrecklichen Todesfahrt"},"content":{"rendered":"<p>                <a class=\"fancybox\" data-fancybox=\"galerie\" data-caption=\"Bei dem schweren Unfall nahe Nidda kamen die 14-j\u00e4hrige Stella und der 15-j\u00e4hrige Nikita ums Leben.  - Archivfoto: 5VISION.NEWS\" rel=\"on_group nofollow noopener\" title=\"Bei dem schweren Unfall nahe Nidda kamen die 14-j\u00e4hrige Stella und der 15-j\u00e4hrige Nikita ums Leben.  - Archivfoto: 5VISION.NEWS\" href=\"https:\/\/oshessen-news.b-cdn.net\/images\/26\/08\/xl\/11798685-11798389-5vn-2026-0583-014-anonymized.jpg\" target=\"_blank\"><img decoding=\"async\" class=\"img-responsive\" style=\"width: 728px; margin-top: 0; border:0;\" src=\"https:\/\/www.europesays.com\/de\/wp-content\/uploads\/2026\/08\/11798685-11798389-5vn-2026-0583-014-anonymized.jpg\" title=\"Bei dem schweren Unfall nahe Nidda kamen die 14-j\u00e4hrige Stella und der 15-j\u00e4hrige Nikita ums Leben.\" onerror=\"imgError(this);\"\/><\/p>\n<p>Bei dem schweren Unfall nahe Nidda kamen die 14-j\u00e4hrige Stella und der 15-j\u00e4hrige Nikita ums Leben. &#8211; Archivfoto: 5VISION.NEWS<\/p>\n<p>\n                    <strong>NIDDA<\/strong><br \/>\n                    Mutter und Ersthelfer \u00e4u\u00dfern sich\n                <\/p>\n<p>25.08.26 &#8211; <strong>Vier Worte, die eine Mutter wohl nie wieder vergessen wird: &#8222;Mama, hol mich bitte ab!&#8220; Wenige Minuten sp\u00e4ter ist die 14-j\u00e4hrige Stella tot. <a href=\"https:\/\/osthessen-news.de\/n11798389\/zusammenprall-mit-lkw-acht-jugendliche-verletzt-zwei-davon-toedlich.html\" rel=\"nofollow noopener\" target=\"_blank\">Gemeinsam mit dem 15-j\u00e4hrigen Nikita stirbt sie bei dem schweren Unfall nahe Nidda (Wetteraukreis)<\/a>. Sechs weitere Jugendliche werden schwer verletzt. Seitdem ist nichts mehr wie vorher: Angeh\u00f6rige trauern, Freunde nehmen Abschied &#8211; und auch die Ersthelfer, die unmittelbar nach dem Crash um das Leben der Jugendlichen k\u00e4mpften, k\u00f6nnen das Erlebte nicht vergessen.<\/strong><\/p>\n<p>Der Unfall ereignete sich am Mittwochmittag auf der L3185 bei Ober-Lais (einem Stadtteil von Nidda). Acht Jugendliche im Alter von 14 und 15 Jahren sa\u00dfen in einem Mazda CX-5. Nach bisherigen Ermittlungen kam der Wagen nach links von der Fahrbahn ab und prallte gegen einen Anh\u00e4nger vor einem Lkw f\u00fcr Markierungsarbeiten. Der 15-j\u00e4hrige Fahrer und Stella starben. Die sechs anderen Jugendlichen wurden schwer verletzt. Auch zwei Stra\u00dfenarbeiter kamen verletzt ins Krankenhaus.<br \/>&#13;\n<\/p>\n<p><a class=\"fancybox\" data-fancybox=\"galerie\" data-caption=\"Foto: gofundme - Bei dem schrecklichen Verkehrsunfall ist die 14-j\u00e4hrige Stella verstorben.\" rel=\"on_group\" title=\"Foto: gofundme - Bei dem schrecklichen Verkehrsunfall ist die 14-j\u00e4hrige Stella verstorben.\" href=\"https:\/\/www.europesays.com\/de\/wp-content\/uploads\/2026\/08\/11798685-107280801-1787303622392476-r-anonymized.jpg\"><img decoding=\"async\" class=\"imgbdr\" style=\"max-width: 98%;\" src=\"https:\/\/www.europesays.com\/de\/wp-content\/uploads\/2026\/08\/11798685-107280801-1787303622392476-r-anonymized.jpg\"\/><\/a><\/p>\n<p class=\"img-text\">Bei dem schrecklichen Verkehrsunfall ist die 14-j\u00e4hrige Stella verstorben. &#8230;Foto: gofundme<\/p>\n<p>Stellas Mutter wartet vergeblich&#13;<br \/>\nNur wenige Minuten zuvor hatte Stella ihre Mutter angerufen. Franziska sollte sie von der Schule abholen. Sie machte sich auf den Weg &#8211; doch Stella war inzwischen mit den anderen Jugendlichen ins Auto gestiegen. Irgendwann schaute Franziska auf den Handy-Standort ihrer Tochter. Der Punkt bewegte sich nicht mehr. &#8222;Ich habe schon bef\u00fcrchtet, sie sei entf\u00fchrt worden, weil sich ihr Standort nicht mehr ver\u00e4ndert hat&#8220;, sagte sie RTL.<\/p>\n<p><strong><a class=\"fancybox\" data-fancybox=\"galerie\" data-caption=\"Archivfotos: 5VISION.NEWS - Blumen und Kerzen erinnern inzwischen an die beiden verstorbenen Jugendlichen.\" rel=\"on_group nofollow noopener\" title=\"Archivfotos: 5VISION.NEWS - Blumen und Kerzen erinnern inzwischen an die beiden verstorbenen Jugendlichen.\" href=\"https:\/\/oshessen-news.b-cdn.net\/images\/26\/08\/xl\/11798685-11798389-5vn-2026-0583-005-vorab.jpg\" target=\"_blank\"><img decoding=\"async\" class=\"img220 imgh159 imgbdr\" src=\"https:\/\/www.europesays.com\/de\/wp-content\/uploads\/2026\/08\/11798685-11798389-5vn-2026-0583-005-vorab.jpg\"\/><\/a><\/p>\n<p class=\"img-text\">Blumen und Kerzen erinnern inzwischen an die beiden verstorbenen Jugendlichen. &#8230;Archivfotos: 5VISION.NEWS<\/p>\n<p><a class=\"fancybox\" data-fancybox=\"galerie\" data-caption=\"\" rel=\"on_group nofollow noopener\" title=\"\" href=\"https:\/\/oshessen-news.b-cdn.net\/images\/26\/08\/xl\/11798685-11798389-5vn-2026-0583-007-anonymized.jpg\" target=\"_blank\"><img decoding=\"async\" class=\"img220 imgh159 imgbdr\" src=\"https:\/\/www.europesays.com\/de\/wp-content\/uploads\/2026\/08\/11798685-11798389-5vn-2026-0583-007-anonymized.jpg\"\/><\/a><\/p>\n<p>Dann kam sie selbst an die Unfallstelle. Rettungswagen, Hubschrauber, Einsatzkr\u00e4fte &#8211; und dahinter das zerst\u00f6rte Auto. Zu Stella durfte sie zun\u00e4chst nicht. &#8222;Ich stand am Absperrband, man hat mich nicht durchgelassen, ich bin durch die H\u00f6lle gegangen&#8220;, sagte Franziska RTL.<\/p>\n<p><\/strong><br \/>&#13;\n<\/p>\n<p>&#8222;Wir wollten alle retten&#8220;<br \/>\nVasilica und Ionel kamen ebenfalls kurz nach dem Unfall vorbei. Die beiden Br\u00fcder hielten an, liefen zum Fahrzeug und versuchten zu helfen. &#8222;Viele standen herum. Wir sind sofort aus unserem Auto raus und haben alles Menschenm\u00f6gliche getan&#8220;, berichteten sie der &#8222;Bild&#8220;. Sie halfen dabei, Jugendliche aus dem Wagen zu holen. F\u00fcr Stella und Nikita konnten sie nichts mehr tun. &#8222;Wir wollten alle retten, doch wir haben es nicht geschafft. Das zerbricht uns fast das Herz&#8220;, sagten die Br\u00fcder. In Nidda erinnern inzwischen Blumen und Kerzen an die beiden Jugendlichen. Mehr als 150 Freunde und Angeh\u00f6rige kamen am Freitagabend zusammen. F\u00fcr die betroffenen Familien wurden au\u00dferdem Spendenaktionen eingerichtet. Franziska spricht inzwischen \u00f6ffentlich \u00fcber ihre Tochter &#8211; und dar\u00fcber, wie sie Stella in Erinnerung behalten m\u00f6chte. &#8222;Sie hatte ein sehr gro\u00dfes Herz, versuchte immer all ihren Freunden zu helfen und hat sich dabei meist selbst vergessen&#8220;, schrieb sie an RTL.<\/p>\n<p><strong><a class=\"fancybox\" data-fancybox=\"galerie\" data-caption=\"\" rel=\"on_group\" title=\"\" href=\"https:\/\/www.europesays.com\/de\/wp-content\/uploads\/2026\/08\/11798685-11798389-5vn-2026-0583-017-vorab.jpg\"><img decoding=\"async\" class=\"imgbdr\" style=\"max-width: 98%;\" src=\"https:\/\/www.europesays.com\/de\/wp-content\/uploads\/2026\/08\/11798685-11798389-5vn-2026-0583-017-vorab.jpg\"\/><\/a><\/p>\n<p>Dann ein Satz, der wohl mehr \u00fcber die beiden sagt als vieles andere: &#8222;Wir waren nicht nur Mutter und Tochter, wir waren beste Freundinnen!&#8220;<\/p>\n<p><\/strong> (Constantin von Butler) +++<\/p>\n<p><\/p>\n","protected":false},"excerpt":{"rendered":"Bei dem schweren Unfall nahe Nidda kamen die 14-j\u00e4hrige Stella und der 15-j\u00e4hrige Nikita ums Leben. &#8211; Archivfoto:&hellip;\n","protected":false},"author":2,"featured_media":1260196,"comment_status":"","ping_status":"","sticky":false,"template":"","format":"standard","meta":{"footnotes":"","_share_on_mastodon":"0"},"categories":[2],"tags":[6193,6195,29,6197,6192,30,13,2052,1381,14,6196,15,6194,12,10,8,9,11],"class_list":["post-1260195","post","type-post","status-publish","format-standard","has-post-thumbnail","category-deutschland","tag-alsfeld","tag-bad-hersfeld","tag-deutschland","tag-flieden","tag-fulda","tag-germany","tag-headlines","tag-hessen","tag-lauterbach","tag-nachrichten","tag-neuhof","tag-news","tag-osthessen","tag-schlagzeilen","tag-top-news","tag-top-meldungen","tag-topmeldungen","tag-topnews"],"share_on_mastodon":{"url":"https:\/\/pubeurope.com\/@de\/117157624153427502","error":""},"_links":{"self":[{"href":"https:\/\/www.europesays.com\/de\/wp-json\/wp\/v2\/posts\/1260195","targetHints":{"allow":["GET"]}}],"collection":[{"href":"https:\/\/www.europesays.com\/de\/wp-json\/wp\/v2\/posts"}],"about":[{"href":"https:\/\/www.europesays.com\/de\/wp-json\/wp\/v2\/types\/post"}],"author":[{"embeddable":true,"href":"https:\/\/www.europesays.com\/de\/wp-json\/wp\/v2\/users\/2"}],"replies":[{"embeddable":true,"href":"https:\/\/www.europesays.com\/de\/wp-json\/wp\/v2\/comments?post=1260195"}],"version-history":[{"count":0,"href":"https:\/\/www.europesays.com\/de\/wp-json\/wp\/v2\/posts\/1260195\/revisions"}],"wp:featuredmedia":[{"embeddable":true,"href":"https:\/\/www.europesays.com\/de\/wp-json\/wp\/v2\/media\/1260196"}],"wp:attachment":[{"href":"https:\/\/www.europesays.com\/de\/wp-json\/wp\/v2\/media?parent=1260195"}],"wp:term":[{"taxonomy":"category","embeddable":true,"href":"https:\/\/www.europesays.com\/de\/wp-json\/wp\/v2\/categories?post=1260195"},{"taxonomy":"post_tag","embeddable":true,"href":"https:\/\/www.europesays.com\/de\/wp-json\/wp\/v2\/tags?post=1260195"}],"curies":[{"name":"wp","href":"https:\/\/api.w.org\/{rel}","templated":true}]}}