{"id":126021,"date":"2025-05-20T17:54:09","date_gmt":"2025-05-20T17:54:09","guid":{"rendered":"https:\/\/www.europesays.com\/de\/126021\/"},"modified":"2025-05-20T17:54:09","modified_gmt":"2025-05-20T17:54:09","slug":"brand-in-spandauer-laubenkolonie-greift-auf-lagerhallen-ueber","status":"publish","type":"post","link":"https:\/\/www.europesays.com\/de\/126021\/","title":{"rendered":"Brand in Spandauer Laubenkolonie greift auf Lagerhallen \u00fcber"},"content":{"rendered":"<p class=\"tspAWh4 tspAWh5\">Ein Brand auf einer verlassenen Laubenkolonie in einem Gewerbegebiet, der am sp\u00e4ten Nachmittag im Spandauer Ortsteil Haselhorst ausgebrochen ist, hat sich mittlerweile auf mehrere angrenzende Lagerhallen ausgeweitet. Das teilte ein Feuerwehrsprecher gegen 18.30 Uhr mit.<\/p>\n<p><a href=\"https:\/\/abo.tagesspiegel.de\/tagesspiegel-app?icid=single-topic_13726174___\" data-gtm-class=\"article-mzt-link\" class=\"tspB5md\" target=\"_blank\" rel=\"noopener\">Die Tagesspiegel-App Aktuelle Nachrichten, Hintergr\u00fcnde und Analysen direkt auf Ihr Smartphone. Dazu die digitale Zeitung. Hier gratis herunterladen.  <\/a><\/p>\n<p class=\"tspAWh4\">Demnach sei das Feuer gegen 16.41 auf der ehemaligen Kleingartenkolonie am Lagerweg, Ecke Am Juliusturm ausgebrochen, schnell h\u00e4tten mehrere Lauben gebrannt. \u201eWir haben mit der Wasserversorgung zu k\u00e4mpfen\u201c, hatte ein Sprecher gegen 17.30 Uhr mitgeteilt. Dadurch, dass die Kolonie weit von der Stra\u00dfe entfernt ist, sei ein <strong>langer Weg mit Schl\u00e4uchen zu \u00fcberbr\u00fccken gewesen<\/strong>.<\/p>\n<p class=\"tspAWh4\">Wenig sp\u00e4ter griff das Feuer auf die angrenzenden Lagerhallen \u00fcber, teilte die Feuerwehr mit. Nach aktuellem Kenntnisstand gibt es keine Verletzten, in den Lagerhallen wie auch in der verlassenen Kleingartenkolonie sollen keine Menschen gewesen sein.<\/p>\n<p class=\"tspSdi\">Empfohlener redaktioneller Inhalt<\/p>\n<p> An dieser Stelle finden Sie einen von unseren Redakteuren ausgew\u00e4hlten, externen Inhalt, der den Artikel f\u00fcr Sie mit zus\u00e4tzlichen Informationen anreichert. Sie k\u00f6nnen sich hier den externen Inhalt mit einem Klick anzeigen lassen oder wieder ausblenden. <\/p>\n<p> Externen Inhalt anzeigen <\/p>\n<p class=\"tspSdo\"> Ich bin damit einverstanden, dass mir der externe Inhalt angezeigt wird. Damit k\u00f6nnen personenbezogene Daten an Drittplattformen \u00fcbermittelt werden.  Mehr Informationen dazu erhalten Sie in den Datenschutz-Einstellungen. Diese finden Sie ganz unten auf unserer Seite im Footer, sodass Sie Ihre Einstellungen jederzeit verwalten oder widerrufen k\u00f6nnen. <\/p>\n<p class=\"tspAWh4\">Aktuell befinden sich 105 Einsatzkr\u00e4fte vor Ort, L\u00f6schma\u00dfnahmen f\u00e4nden laut Feuerwehr auf der gesamten Fl\u00e4che statt. \u201eDer Brand ist aktuell noch nicht unter Kontrolle\u201c, teilte ein Sprecher mit. Ein L\u00f6schboot stellte von der Spree aus die Wasserversorgung sicher.<\/p>\n<p class=\"tspSdi\">Empfohlener redaktioneller Inhalt<\/p>\n<p> An dieser Stelle finden Sie einen von unseren Redakteuren ausgew\u00e4hlten, externen Inhalt, der den Artikel f\u00fcr Sie mit zus\u00e4tzlichen Informationen anreichert. Sie k\u00f6nnen sich hier den externen Inhalt mit einem Klick anzeigen lassen oder wieder ausblenden. <\/p>\n<p> Externen Inhalt anzeigen <\/p>\n<p class=\"tspSdo\"> Ich bin damit einverstanden, dass mir der externe Inhalt angezeigt wird. Damit k\u00f6nnen personenbezogene Daten an Drittplattformen \u00fcbermittelt werden.  Mehr Informationen dazu erhalten Sie in den Datenschutz-Einstellungen. Diese finden Sie ganz unten auf unserer Seite im Footer, sodass Sie Ihre Einstellungen jederzeit verwalten oder widerrufen k\u00f6nnen. <\/p>\n<p><img decoding=\"async\" src=\"https:\/\/www.europesays.com\/de\/wp-content\/uploads\/2025\/05\/578ec6fa-9527-4838-84f6-e46d2ec33f05.jpeg\"   alt=\"\" aria-labelledby=\"caption-13726555\" width=\"440\" height=\"330\" loading=\"lazy\" class=\"tspA5iw\"\/> Am fr\u00fchen Abend hat sich der Brand auf angrenzende Lagerhallen in Haselhorst ausgeweitet. <\/p>\n<p class=\"tspAQha\"> \u00a9 Leserbild (Ikea) <\/p>\n<p class=\"tspAWh4\">Noch im Berliner Zentrum waren am sp\u00e4ten Nachmittag <strong>dicke Rauchschwaden zu sehen<\/strong>, die sich am Himmel ausbreiteten. Vor zwei Wochen hatte es in Haselhorst bereits einen Gro\u00dfbrand gegeben. In einem Industriegebiet im Zitadellenweg im Ortsteil Haselhorst hatte eine Werkstatthalle auf rund 300 Quadratmetern im Vollbrand gestanden. Eine gro\u00dfe Rauchwolke war weit \u00fcber Berlin zu sehen. <\/p>\n<p> Mehr zum Thema: <a href=\"https:\/\/www.tagesspiegel.de\/berlin\/bezirke\/hubschrauber-kommt-mit-neuen-rettungsbojen-ertrinkenden-zu-hilfe-grosse-wasserrettungsubung-auf-dem-berliner-wannsee-13709476.html?icid=topic-list_13726174___\" data-gtm-class=\"article-mzt-link\" class=\"tspB5md\" target=\"_blank\" rel=\"noopener\">Helikopter \u00fcberm Berliner Wannsee F\u00fcr Ertrinkende kommt die Rettung jetzt aus der Luft <\/a><a href=\"https:\/\/www.tagesspiegel.de\/berlin\/plotzlich-bricht-der-digitalfunk-zusammen-wie-ausfallsicher-sind-wir-wirklich-bei-der-berliner-feuerwehr-13697092.html?icid=topic-list_13726174___\" data-gtm-class=\"article-mzt-link\" class=\"tspB5md\" target=\"_blank\" rel=\"noopener\">Und pl\u00f6tzlich bricht der Digitalfunk zusammen Wie ausfallsicher sind wir wirklich bei der Berliner Feuerwehr? <\/a><a href=\"https:\/\/www.tagesspiegel.de\/berlin\/feuer-im-rathaus-friedrichshain-kreuzberg-polizei-ermittelt-wegen-verdachts-auf-schwere-brandstiftung-13676344.html?icid=topic-list_13726174___\" data-gtm-class=\"article-mzt-link\" class=\"tspB5md\" target=\"_blank\" rel=\"noopener\">Feuer im Rathaus Friedrichshain-Kreuzberg Polizei ermittelt wegen Verdachts auf schwere Brandstiftung <\/a><\/p>\n<p class=\"tspAWh4\">Auf X wurde ein Video geteilt, dass den mutma\u00dflichen Brand zeigt. Dichter, schwarzer Rauch steigt von den brennenden Lauben auf. <\/p>\n","protected":false},"excerpt":{"rendered":"Ein Brand auf einer verlassenen Laubenkolonie in einem Gewerbegebiet, der am sp\u00e4ten Nachmittag im Spandauer Ortsteil Haselhorst ausgebrochen&hellip;\n","protected":false},"author":2,"featured_media":126022,"comment_status":"","ping_status":"","sticky":false,"template":"","format":"standard","meta":{"footnotes":""},"categories":[5],"tags":[985,13,5668,14,15,5173,12,529,10,8,9,11,1284],"class_list":{"0":"post-126021","1":"post","2":"type-post","3":"status-publish","4":"format-standard","5":"has-post-thumbnail","7":"category-nachrichten","8":"tag-feuerwehr","9":"tag-headlines","10":"tag-katastrophenschutz","11":"tag-nachrichten","12":"tag-news","13":"tag-rettungswesen","14":"tag-schlagzeilen","15":"tag-spandau","16":"tag-top-news","17":"tag-top-meldungen","18":"tag-topmeldungen","19":"tag-topnews","20":"tag-unfall"},"share_on_mastodon":{"url":"https:\/\/pubeurope.com\/@de\/114541446039215672","error":""},"_links":{"self":[{"href":"https:\/\/www.europesays.com\/de\/wp-json\/wp\/v2\/posts\/126021","targetHints":{"allow":["GET"]}}],"collection":[{"href":"https:\/\/www.europesays.com\/de\/wp-json\/wp\/v2\/posts"}],"about":[{"href":"https:\/\/www.europesays.com\/de\/wp-json\/wp\/v2\/types\/post"}],"author":[{"embeddable":true,"href":"https:\/\/www.europesays.com\/de\/wp-json\/wp\/v2\/users\/2"}],"replies":[{"embeddable":true,"href":"https:\/\/www.europesays.com\/de\/wp-json\/wp\/v2\/comments?post=126021"}],"version-history":[{"count":0,"href":"https:\/\/www.europesays.com\/de\/wp-json\/wp\/v2\/posts\/126021\/revisions"}],"wp:featuredmedia":[{"embeddable":true,"href":"https:\/\/www.europesays.com\/de\/wp-json\/wp\/v2\/media\/126022"}],"wp:attachment":[{"href":"https:\/\/www.europesays.com\/de\/wp-json\/wp\/v2\/media?parent=126021"}],"wp:term":[{"taxonomy":"category","embeddable":true,"href":"https:\/\/www.europesays.com\/de\/wp-json\/wp\/v2\/categories?post=126021"},{"taxonomy":"post_tag","embeddable":true,"href":"https:\/\/www.europesays.com\/de\/wp-json\/wp\/v2\/tags?post=126021"}],"curies":[{"name":"wp","href":"https:\/\/api.w.org\/{rel}","templated":true}]}}