{"id":1260315,"date":"2026-08-25T20:01:20","date_gmt":"2026-08-25T20:01:20","guid":{"rendered":"https:\/\/www.europesays.com\/de\/1260315\/"},"modified":"2026-08-25T20:01:20","modified_gmt":"2026-08-25T20:01:20","slug":"spd-im-wahlkampf-maximale-distanz-zu-berlin-politik","status":"publish","type":"post","link":"https:\/\/www.europesays.com\/de\/1260315\/","title":{"rendered":"SPD im Wahlkampf: \u201eMaximale Distanz\u201c zu Berlin | Politik"},"content":{"rendered":"<p><a class=\"skip-content skip-content--link\" href=\"#in-content-skip-link-target-v-0-0\">TTS-Player \u00fcberspringen\u21b5<\/a><a id=\"in-content-skip-link-target-v-0-0\" class=\"skip-content--target-link-hidden skip-content skip-content--target-link\" href=\"#in-content-skip-link-target-v-0-0\">Artikel weiterlesen<\/a><\/p>\n<p data-83f060b9=\"0-3027\">Magdeburg\/Berlin \u2013 <b>Der SPD-Spitzenkandidat aus Sachsen-Anhalt redet nicht drum herum. \u201eDas trifft uns ins Mark\u201c, beklagt sich Armin Willingmann (63) \u00fcber die Politik seiner Genossen in Berlin. Konkret meint er die Abschaffung der Rente nach 45 Beitragsjahren. Wer k\u00fcnftig so lange gearbeitet hat, soll nicht mehr zwei Jahre fr\u00fcher in den Ruhestand gehen d\u00fcrfen. Zweites Reizthema am Wahlstand: die beschlossene Krankschreibung ab dem ersten Tag. Bei SPD-W\u00e4hlern kommt sie als Generalverdacht gegen alle Arbeitnehmer an.<\/b><\/p>\n<p data-83f060b9=\"0-3027\">F\u00fcr Willingmann sind diese Entscheidungen eine Ursache daf\u00fcr, dass \u201edie Zustimmung schw\u00e4chelt\u201c. In Sachsen-Anhalt liegt die SPD gef\u00e4hrlich nahe an der 5-Prozent-H\u00fcrde, kommt in Umfragen auf 6 bis 7 Prozent. SPD-Fraktionschef Matthias Miersch (57) wollte sich die Probleme vor Ort anschauen. Bei seiner Sommerreise nach Dessau, Halle und Magdeburg verteidigt er die Reformpl\u00e4ne der Bundesregierung und betont wieder und wieder, dass die SPD die Facharzt-Termingarantie f\u00fcr gesetzliche Versicherte durchgesetzt habe. Doch den Genossen-Frust \u00fcber Rente und Krankschreibung heilt das nicht.<\/p>\n<p>Parteichefs: Keine Einladung zu Wahlkampf-Abschluss<\/p>\n<p data-83f060b9=\"0-3027\">In Sachsen-Anhalt setzt die SPD voll darauf, die absolute Mehrheit der <a href=\"https:\/\/www.bild.de\/politik\/inland\/alternative-fuer-deutschland\/afd-alle-infos-76662060.bild.html\" class=\"text-link\" rel=\"nofollow noopener\" target=\"_blank\">AfD<\/a> zu verhindern. Der Wiedereinzug der Sozialdemokraten in den Landtag w\u00fcrde einen AfD-Ministerpr\u00e4sidenten erschweren. Auf die SPD-Spitze setzen die Wahlk\u00e4mpfer weniger. Parteichef Lars Klingbeil (48) war einmal da und kommt vielleicht noch einmal. Co-Parteichefin<a href=\"https:\/\/www.bild.de\/themen\/personen\/baerbel-bas-aktuelle-news-und-infos-a3eCB9cymNRCK7qdgfmv\" class=\"text-link\" rel=\"nofollow noopener\" target=\"_blank\"> B\u00e4rbel Bas<\/a> (58) reist vor der Wahl noch einmal als Arbeitsministerin nach Sachsen-Anhalt. <\/p>\n<p><img decoding=\"async\" width=\"992\" height=\"558\" alt=\"Hoffnungsvoll sieht anders aus: Lars Klingbeil (48) bei einem Wahlkampfauftritt in Sachsen-Anhalt\" loading=\"lazy\" src=\"https:\/\/www.europesays.com\/de\/wp-content\/uploads\/2026\/08\/3c22acffe22fbb32deb1ca96fe08815e,a8df53a3.jpeg\"   class=\"landscape\"\/><\/p>\n<p class=\"fig__caption__text\">Hoffnungsvoll sieht anders aus: Lars Klingbeil (48) bei einem Wahlkampfauftritt in Sachsen-Anhalt<\/p>\n<p>Foto: Christian Schroedter<\/p>\n<p data-83f060b9=\"0-3027\">Zur Abschlusskundgebung von Spitzenkandidat Willingmann sind beide nicht eingeladen. Da kommt stattdessen Ex-Parteichef Sigmar Gabriel (66). Der hat mit seiner Frau, einer Zahn\u00e4rztin aus Magdeburg, zeitweise in der Landeshauptstadt gelebt. Und offenbar glauben die Sachsen-Anhalter, mit ihm besser punkten zu k\u00f6nnen. Auch Ex-Arbeitsminister Hubertus Heil (53) wurde auffallend oft angefragt \u2013 mindestens f\u00fcnfmal tritt er dort auf.<\/p>\n<p><img decoding=\"async\" width=\"992\" height=\"558\" alt=\"Hoffnungstr\u00e4ger: Im Wahlkampf setzen die Genossen auf Ex-Arbeitsminister Hubertus Heil (53, l.) und Ex-Parteichef Sigmar Gabriel (66, r.)\" loading=\"lazy\" src=\"https:\/\/www.europesays.com\/de\/wp-content\/uploads\/2026\/08\/8d6d9d9822b38a94bcf9c09da098ae2c,93882118.jpeg\"   class=\"landscape\"\/><\/p>\n<p class=\"fig__caption__text\">Hoffnungstr\u00e4ger: Im Wahlkampf setzen die Genossen auf Ex-Arbeitsminister Hubertus Heil (53, l.) und Ex-Parteichef Sigmar Gabriel (66, r.)<\/p>\n<p>Foto: dpa<\/p>\n<p>Schwesig erteilt Promis Auftrittsverbot <\/p>\n<p data-83f060b9=\"0-3027\">In <a href=\"https:\/\/www.bild.de\/regional\/mecklenburg-vorpommern\/mecklenburg-vorpommern\/home-62716054.bild.html\" class=\"text-link\" rel=\"nofollow noopener\" target=\"_blank\">Mecklenburg-Vorpommern<\/a>, wo zwei Wochen sp\u00e4ter <a href=\"https:\/\/www.bild.de\/themen\/ereignisse\/landtagswahlen-mecklenburg-vorpommern\/politik-nachrichten-news-fotos-videos-15881964.bild.html\" class=\"text-link\" rel=\"nofollow noopener\" target=\"_blank\">gew\u00e4hlt<\/a> wird, sind die Wahlk\u00e4mpfer noch rigoroser: Kein Partei-Promi von der Bundesebene soll im Land von <a href=\"https:\/\/www.bild.de\/politik\/leute\/manuela-schwesig\/manuela-schwesig-alle-infos-76682576.bild.html\" class=\"text-link\" rel=\"nofollow noopener\" target=\"_blank\">Manuela Schwesig<\/a> (52) auftauchen. Die SPD-Ministerpr\u00e4sidentin brandmarkt das Aus f\u00fcr die Rente nach 45 Beitragsjahren als Riesenfehler. Auch bei der Gesundheits- und Pflegereform h\u00e4lt sie dagegen. Und hat es geschafft, sich mit 29 Prozent vom Bundestrend (12 Prozent) abzukoppeln. Es gilt: maximale Distanz. Neben Schwesig d\u00fcrfen im Wahlkampf nur andere SPD-Regierungschefs wie Bremens B\u00fcrgermeister <a href=\"https:\/\/www.bild.de\/politik\/inland\/bremens-buergermeister-bovenschulte-heiratet-seine-jugendliebe-669fcae8d2fbcb0f92d410d7\" class=\"text-link\" rel=\"nofollow noopener\" target=\"_blank\">Andreas Bovenschulte<\/a> (61) auftauchen. Klingbeil besucht lediglich das Anti-Rechts-Festival \u201eJamel rockt den F\u00f6rster\u201c.<\/p>\n<p><img decoding=\"async\" width=\"992\" height=\"558\" alt=\"Manuela Schwesig (52) will Ministerpr\u00e4sidentin in Mecklenburg-Vorpommern bleiben\" loading=\"lazy\" src=\"https:\/\/www.europesays.com\/de\/wp-content\/uploads\/2026\/08\/a4e465875eac1f0fd81dc4a34191194c,2ad2ee06.jpeg\"   class=\"landscape\"\/><\/p>\n<p class=\"fig__caption__text\">Manuela Schwesig (52) will Ministerpr\u00e4sidentin in Mecklenburg-Vorpommern bleiben<\/p>\n<p>Foto: Markus Scholz\/dpa<\/p>\n<p data-83f060b9=\"0-3027\">F\u00fcr die <a href=\"https:\/\/www.bild.de\/politik\/inland\/bundesregierung\/bundesregierung-alle-infos-78491630.bild.html\" class=\"text-link\" rel=\"nofollow noopener\" target=\"_blank\">Bundesregierung<\/a> und ihre Reformpl\u00e4ne macht es das kompliziert: Schneidet die SPD bei den Wahlen katastrophal ab, droht die Revolte gegen die Chefs und die Reformen. Hat die Berlin-Distanz Erfolg, wird der Druck ebenfalls steigen, die Reformpakete noch mal aufzuschn\u00fcren.<\/p>\n","protected":false},"excerpt":{"rendered":"TTS-Player \u00fcberspringen\u21b5Artikel weiterlesen Magdeburg\/Berlin \u2013 Der SPD-Spitzenkandidat aus Sachsen-Anhalt redet nicht drum herum. \u201eDas trifft uns ins Mark\u201c,&hellip;\n","protected":false},"author":2,"featured_media":1260316,"comment_status":"","ping_status":"","sticky":false,"template":"","format":"standard","meta":{"footnotes":"","_share_on_mastodon":"0"},"categories":[1825],"tags":[150,72389,296,29,209871,30,260554,2388,88844,860,184,138370],"class_list":["post-1260315","post","type-post","status-publish","format-standard","has-post-thumbnail","category-berlin","tag-alternative-fuer-deutschland","tag-bas-baerbel","tag-berlin","tag-deutschland","tag-gabriel-sigmar","tag-germany","tag-heil-hubertus","tag-klingbeil-lars","tag-landtagswahlen-sachsen-anhalt","tag-sachsen-anhalt","tag-spd","tag-team-first"],"share_on_mastodon":{"url":"https:\/\/pubeurope.com\/@de\/117157933402157596","error":""},"_links":{"self":[{"href":"https:\/\/www.europesays.com\/de\/wp-json\/wp\/v2\/posts\/1260315","targetHints":{"allow":["GET"]}}],"collection":[{"href":"https:\/\/www.europesays.com\/de\/wp-json\/wp\/v2\/posts"}],"about":[{"href":"https:\/\/www.europesays.com\/de\/wp-json\/wp\/v2\/types\/post"}],"author":[{"embeddable":true,"href":"https:\/\/www.europesays.com\/de\/wp-json\/wp\/v2\/users\/2"}],"replies":[{"embeddable":true,"href":"https:\/\/www.europesays.com\/de\/wp-json\/wp\/v2\/comments?post=1260315"}],"version-history":[{"count":0,"href":"https:\/\/www.europesays.com\/de\/wp-json\/wp\/v2\/posts\/1260315\/revisions"}],"wp:featuredmedia":[{"embeddable":true,"href":"https:\/\/www.europesays.com\/de\/wp-json\/wp\/v2\/media\/1260316"}],"wp:attachment":[{"href":"https:\/\/www.europesays.com\/de\/wp-json\/wp\/v2\/media?parent=1260315"}],"wp:term":[{"taxonomy":"category","embeddable":true,"href":"https:\/\/www.europesays.com\/de\/wp-json\/wp\/v2\/categories?post=1260315"},{"taxonomy":"post_tag","embeddable":true,"href":"https:\/\/www.europesays.com\/de\/wp-json\/wp\/v2\/tags?post=1260315"}],"curies":[{"name":"wp","href":"https:\/\/api.w.org\/{rel}","templated":true}]}}