{"id":1260350,"date":"2026-08-25T20:22:17","date_gmt":"2026-08-25T20:22:17","guid":{"rendered":"https:\/\/www.europesays.com\/de\/1260350\/"},"modified":"2026-08-25T20:22:17","modified_gmt":"2026-08-25T20:22:17","slug":"milchlaster-ueberschlaegt-sich-a215-bei-kiel-gesperrt","status":"publish","type":"post","link":"https:\/\/www.europesays.com\/de\/1260350\/","title":{"rendered":"Milchlaster \u00fcberschl\u00e4gt sich: A215 bei Kiel gesperrt"},"content":{"rendered":"<p>        <img decoding=\"async\" src=\"https:\/\/www.europesays.com\/de\/wp-content\/uploads\/2026\/08\/lkw-318.webp\" alt=\"Ein umgekippter Lkw auf einer Autobahn\" title=\"Ein umgekippter Lkw auf einer Autobahn | Daniel Friederichs\" class=\"responsive\"\/><\/p>\n<p>AUDIO: Nachrichten 15:00 Uhr &#8211; 25.08.2026 (4 Min)<\/p>\n<p>\n                Stand: 25.08.2026 21:29 Uhr<\/p>\n<p class=\"preface\">Ein Milchlaster liegt seit Dienstagmittag auf der A215 zwischen Kiel-West und Bordesholm quer \u00fcber einer Leitplanke. Der Autobahnabschnitt ist in Richtung Neum\u00fcnster laut Polizei voll gesperrt. Die Bergung sollte bis in den Abend dauern.<\/p>\n<p class=\"\">Seit Dienstagmittag liegt ein Milchlaster auf der A215 bei Mielkendorf (<a href=\"https:\/\/www.ndr.de\/nachrichten\/schleswig-holstein\/Kreis-Rendsburg-Eckernfoerde-Aktuelle-Nachrichten-und-Videos,rendsburgeckernfoerde118.html\" title=\"Kreis Rendsburg-Eckernf\u00f6rde - Aktuelle Nachrichten und Videos\" rel=\"nofollow noopener\" target=\"_blank\">Kreis Rendsburg-Eckernf\u00f6rde<\/a>) verdreht und quer \u00fcber einer Leitplanke. Der Lkw hatte sich vorher \u00fcberschlagen, wie die Polizei mitteilte. Der Autobahnabschnitt zwischen <a href=\"https:\/\/www.ndr.de\/nachrichten\/schleswig-holstein\/Kiel-Aktuelle-Nachrichten-News-und-Videos,kiel7262.html\" title=\"Kiel - Aktuelle Nachrichten und Videos\" rel=\"nofollow noopener\" target=\"_blank\">Kiel<\/a> und Bordesholm war in Richtung Neum\u00fcnster auch am Abend noch gesperrt.<\/p>\n<p>    Autobahn f\u00fcr mehrere Stunden gesperrt<\/p>\n<p class=\"\">Das Fahrerh\u00e4uschen befinde sich noch auf dem rechten Fahrstreifen und der Sammeltank des Lkw hinter der Leitplanke im Graben. &#8222;Deswegen sind die Bergungsarbeiten jetzt auch etwas komplizierter&#8220;, erkl\u00e4rt Polizeisprecherin Mira Grunicke am Nachmittag. Am fr\u00fchen Abend um kurz vor 18 Uhr wurde die Milch aus dem Laster abgepumpt, um ihn sp\u00e4ter besser aufrichten und bergen zu k\u00f6nnen.<\/p>\n<p class=\"\">Die Vollsperrung sollte laut Polizei bis in den Abend dauern &#8211; zun\u00e4chst war von 20 Uhr gesprochen worden. Der Verkehr wurde zurzeit \u00fcber die A210 umgeleitet.<\/p>\n<p>    A215-Unfall: Br\u00fccke besch\u00e4digt<\/p>\n<p class=\"\">Nach ersten Erkenntnissen waren keine anderen Fahrzeuge an dem Unfall beteiligt. Der Tank des Milchlasters hielt trotz des Unfalls dicht, es lief also keine Milch aus.<\/p>\n<p class=\"\">Es wurde aber eine Br\u00fccke \u00fcber die Eider leicht besch\u00e4digt. Experten haben die Statik schon untersucht &#8211; laut Polizei ist diese nicht gef\u00e4hrdet. Autofahrer k\u00f6nnen nach Ende der Sperrung also wieder \u00fcber die Br\u00fccke fahren.<\/p>\n<p>    Lkw-Fahrer erlitt medizinischen Notfall<\/p>\n<p class=\"\">Der 34 j\u00e4hrige Fahrer des Milchlasters wurde bei dem Unfall leicht verletzt. Er kam in ein Krankenhaus. Nach jetzigem Stand der Ermittlungen war &#8222;ein medizinischer Notfall&#8220; des Lkw-Fahrers Ursache f\u00fcr den Unfall.<\/p>\n<p>        <img decoding=\"async\" src=\"https:\/\/www.europesays.com\/de\/wp-content\/uploads\/2026\/08\/bus-228.webp\" alt=\"Ein umgest\u00fcrzter Bus\" title=\"Ein umgest\u00fcrzter Bus | Jeroen Jumelet\/ANP\/dpa\" class=\"responsive\" loading=\"lazy\"\/><\/p>\n<p>Die Jugendlichen kommen von der Gemeinschaftsschule Probstei in Sch\u00f6nberg im Kreis Pl\u00f6n. Sie waren auf dem Weg nach Paris. <\/p>\n<p>        <img decoding=\"async\" src=\"https:\/\/www.europesays.com\/de\/wp-content\/uploads\/2026\/08\/bahnuebergang-142.webp\" alt=\"Eine Bahnschranke\" title=\"Eine Bahnschranke | picture alliance \/ Eibner-Pressefoto\/Ardan Fuessman\" class=\"responsive\" loading=\"lazy\"\/><\/p>\n<p>In Gl\u00fcckstadt ist ein 75-j\u00e4hriger Mann an einem Bahn\u00fcbergang von einem Zug erfasst und t\u00f6dlich verletzt worden.<\/p>\n<p>        <img decoding=\"async\" src=\"https:\/\/www.europesays.com\/de\/wp-content\/uploads\/2026\/04\/stau1656.webp.webp\" alt=\"Stau auf der Autobahn 1 in Schleswig-Holstein Richtung Hamburg.\" title=\"Stau auf der Autobahn 1 in Schleswig-Holstein Richtung Hamburg. | dpa - picture alliance, Markus Scholz\" class=\"responsive\" loading=\"lazy\"\/><\/p>\n<p>Staus, Baustellen, Gefahren-Hinweise: Aktuelle Meldungen zum Verkehr f\u00fcr Hamburg, Niedersachsen, Schleswig-Holstein und Mecklenburg-Vorpommern.<\/p>\n","protected":false},"excerpt":{"rendered":"AUDIO: Nachrichten 15:00 Uhr &#8211; 25.08.2026 (4 Min) Stand: 25.08.2026 21:29 Uhr Ein Milchlaster liegt seit Dienstagmittag auf&hellip;\n","protected":false},"author":2,"featured_media":1260351,"comment_status":"","ping_status":"","sticky":false,"template":"","format":"standard","meta":{"footnotes":"","_share_on_mastodon":"0"},"categories":[1852],"tags":[104483,26919,5543,249175,3364,29,548,663,3934,30,13,4949,12158,1962,260563,14,15,121,12,1971,2224],"class_list":["post-1260350","post","type-post","status-publish","format-standard","has-post-thumbnail","category-kiel","tag-a210","tag-a215","tag-autobahn","tag-bordesholm","tag-de","tag-deutschland","tag-eu","tag-europa","tag-europe","tag-germany","tag-headlines","tag-kiel","tag-kreis-rendsburg-eckernfoerde","tag-lkw","tag-milchlaster","tag-nachrichten","tag-news","tag-polizei","tag-schlagzeilen","tag-schleswig-holstein","tag-sperrung"],"share_on_mastodon":{"url":"https:\/\/pubeurope.com\/@de\/117158018268993569","error":""},"_links":{"self":[{"href":"https:\/\/www.europesays.com\/de\/wp-json\/wp\/v2\/posts\/1260350","targetHints":{"allow":["GET"]}}],"collection":[{"href":"https:\/\/www.europesays.com\/de\/wp-json\/wp\/v2\/posts"}],"about":[{"href":"https:\/\/www.europesays.com\/de\/wp-json\/wp\/v2\/types\/post"}],"author":[{"embeddable":true,"href":"https:\/\/www.europesays.com\/de\/wp-json\/wp\/v2\/users\/2"}],"replies":[{"embeddable":true,"href":"https:\/\/www.europesays.com\/de\/wp-json\/wp\/v2\/comments?post=1260350"}],"version-history":[{"count":0,"href":"https:\/\/www.europesays.com\/de\/wp-json\/wp\/v2\/posts\/1260350\/revisions"}],"wp:featuredmedia":[{"embeddable":true,"href":"https:\/\/www.europesays.com\/de\/wp-json\/wp\/v2\/media\/1260351"}],"wp:attachment":[{"href":"https:\/\/www.europesays.com\/de\/wp-json\/wp\/v2\/media?parent=1260350"}],"wp:term":[{"taxonomy":"category","embeddable":true,"href":"https:\/\/www.europesays.com\/de\/wp-json\/wp\/v2\/categories?post=1260350"},{"taxonomy":"post_tag","embeddable":true,"href":"https:\/\/www.europesays.com\/de\/wp-json\/wp\/v2\/tags?post=1260350"}],"curies":[{"name":"wp","href":"https:\/\/api.w.org\/{rel}","templated":true}]}}