{"id":1260459,"date":"2026-08-25T21:46:17","date_gmt":"2026-08-25T21:46:17","guid":{"rendered":"https:\/\/www.europesays.com\/de\/1260459\/"},"modified":"2026-08-25T21:46:17","modified_gmt":"2026-08-25T21:46:17","slug":"babylon-in-berlin-premiere-berlin-1024576","status":"publish","type":"post","link":"https:\/\/www.europesays.com\/de\/1260459\/","title":{"rendered":"BABYLON in Berlin &#8211; Premiere: BERLIN 1024*576"},"content":{"rendered":"<p>\t\t\t\t\t\t\t <img decoding=\"async\" src=\"https:\/\/www.europesays.com\/de\/wp-content\/uploads\/2026\/08\/BERLIN1024_Screenshot00090776-2.jpg\" alt=\"\" itemprop=\"image\"\/> <\/p>\n<p>BERLIN 1024*576<br \/>&#13;<br \/>\nDeutschland, 2026,\u00a0Regie und Kamera: Malte Wirtz,\u00a0Musik: Even Drones,\u00a0Trailersong: SIMAS<\/p>\n<p>Ein modernes Stadtportr\u00e4t in alter Aufl\u00f6sung: Berlin 1024&#215;576 beobachtet das heutige Leben in der Hauptstadt durch die Linse einer 20 Jahre alten DV-Kamera. Roh, warm und ungesch\u00f6nt zeigt der Film eine Stadt zwischen L\u00e4rm und Stille, Bewegung und Stillstand. Ganz ohne Kommentar, nur getragen von der Musik, f\u00e4ngt er fl\u00fcchtige Momente, Gesichter und Stimmungen ein. Ein poetischer Streifzug durch das Berlin von heute, so nah wie lange nicht mehr.<\/p>\n<p>Trailer:<\/p><\/p>\n","protected":false},"excerpt":{"rendered":"BERLIN 1024*576&#13; Deutschland, 2026,\u00a0Regie und Kamera: Malte Wirtz,\u00a0Musik: Even Drones,\u00a0Trailersong: SIMAS Ein modernes Stadtportr\u00e4t in alter Aufl\u00f6sung: Berlin&hellip;\n","protected":false},"author":2,"featured_media":1260460,"comment_status":"","ping_status":"","sticky":false,"template":"","format":"standard","meta":{"footnotes":"","_share_on_mastodon":"0"},"categories":[1825],"tags":[27921,27669,296,27919,29,5561,30,27920,95,27924,27922,27925,27923,27926,3699],"class_list":["post-1260459","post","type-post","status-publish","format-standard","has-post-thumbnail","category-berlin","tag-anime","tag-babylon","tag-berlin","tag-cinemaperitivo","tag-deutschland","tag-festival","tag-germany","tag-indogerman","tag-kino","tag-kino-babylon","tag-kinoorgel","tag-rosa-luxemburg-strasse-30","tag-stummfilm","tag-timothy-grossman","tag-veranstaltung"],"share_on_mastodon":{"url":"https:\/\/pubeurope.com\/@de\/117158347742802770","error":""},"_links":{"self":[{"href":"https:\/\/www.europesays.com\/de\/wp-json\/wp\/v2\/posts\/1260459","targetHints":{"allow":["GET"]}}],"collection":[{"href":"https:\/\/www.europesays.com\/de\/wp-json\/wp\/v2\/posts"}],"about":[{"href":"https:\/\/www.europesays.com\/de\/wp-json\/wp\/v2\/types\/post"}],"author":[{"embeddable":true,"href":"https:\/\/www.europesays.com\/de\/wp-json\/wp\/v2\/users\/2"}],"replies":[{"embeddable":true,"href":"https:\/\/www.europesays.com\/de\/wp-json\/wp\/v2\/comments?post=1260459"}],"version-history":[{"count":0,"href":"https:\/\/www.europesays.com\/de\/wp-json\/wp\/v2\/posts\/1260459\/revisions"}],"wp:featuredmedia":[{"embeddable":true,"href":"https:\/\/www.europesays.com\/de\/wp-json\/wp\/v2\/media\/1260460"}],"wp:attachment":[{"href":"https:\/\/www.europesays.com\/de\/wp-json\/wp\/v2\/media?parent=1260459"}],"wp:term":[{"taxonomy":"category","embeddable":true,"href":"https:\/\/www.europesays.com\/de\/wp-json\/wp\/v2\/categories?post=1260459"},{"taxonomy":"post_tag","embeddable":true,"href":"https:\/\/www.europesays.com\/de\/wp-json\/wp\/v2\/tags?post=1260459"}],"curies":[{"name":"wp","href":"https:\/\/api.w.org\/{rel}","templated":true}]}}