{"id":1260482,"date":"2026-08-25T22:01:15","date_gmt":"2026-08-25T22:01:15","guid":{"rendered":"https:\/\/www.europesays.com\/de\/1260482\/"},"modified":"2026-08-25T22:01:15","modified_gmt":"2026-08-25T22:01:15","slug":"medienberichte-cia-direktor-john-ratcliffe-offenbar-nach-gespraechen-in-moskau-wieder-abgereist","status":"publish","type":"post","link":"https:\/\/www.europesays.com\/de\/1260482\/","title":{"rendered":"Medienberichte: CIA-Direktor John Ratcliffe offenbar nach Gespr\u00e4chen in Moskau wieder abgereist"},"content":{"rendered":"<p>Ein US-Milit\u00e4rflugzeug flog von Washington \u00fcber Riga bis nach Moskau \u2013 bislang ohne offiziell kommunizierte Mission. Laut US-Medien befand sich CIA-Chef John Ratcliffe an Bord. Nun ist er wieder auf dem R\u00fcckweg.<\/p>\n<p class=\"is-first-paragraph\" data-external=\"Article.FirstParagraph\">Der Direktor des US-Auslandsgeheimdienstes CIA, John Ratcliffe, ist unbest\u00e4tigten US-Medienberichten zufolge nach Moskau geflogen. Dort habe er an Gespr\u00e4chen teilgenommen, berichteten die <a class=\"is-link c-block-items__link is-external c-link--rich-text-renderer\" href=\"https:\/\/www.cbsnews.com\/news\/cia-director-john-ratcliffe-russia-secret-trip\/\" target=\"_blank\" title=\"Link wird in einem neuen Tab ge\u00f6ffnet\" rel=\"nofollow noopener\" data-internal-tracking-enabled=\"true\" data-internal-tracking=\"{&quot;action&quot;:&quot;click&quot;,&quot;label&quot;:&quot;link&quot;,&quot;name&quot;:&quot;Inline Element&quot;,&quot;data&quot;:{&quot;source&quot;:&quot;&quot;,&quot;target&quot;:&quot;https:\/\/www.cbsnews.com\/news\/cia-director-john-ratcliffe-russia-secret-trip\/&quot;,&quot;trackingName&quot;:&quot;&quot;,&quot;trackingLabel&quot;:&quot;&quot;}}\">US-Senders CBS und CNN<\/a> sowie das <a class=\"is-link c-block-items__link is-external c-link--rich-text-renderer\" href=\"https:\/\/www.axios.com\/2026\/08\/25\/cia-director-ratcliffe-visits-moscow\" target=\"_blank\" title=\"Link wird in einem neuen Tab ge\u00f6ffnet\" rel=\"nofollow noopener\" data-internal-tracking-enabled=\"true\" data-internal-tracking=\"{&quot;action&quot;:&quot;click&quot;,&quot;label&quot;:&quot;link&quot;,&quot;name&quot;:&quot;Inline Element&quot;,&quot;data&quot;:{&quot;source&quot;:&quot;&quot;,&quot;target&quot;:&quot;https:\/\/www.axios.com\/2026\/08\/25\/cia-director-ratcliffe-visits-moscow&quot;,&quot;trackingName&quot;:&quot;&quot;,&quot;trackingLabel&quot;:&quot;&quot;}}\">Nachrichtenportals \u201eAxios\u201c<\/a> unter Berufung auf mit der Angelegenheit vertraute Personen. Mit wem er konkret sprach, ist derzeit unklar.<\/p>\n<p>Aufenthalt von wenigen Stunden in Moskau<\/p>\n<p>Am Dienstagabend hob das US-Flugzeug nach Angaben der staatlichen russischen Nachrichtenagentur Tass wieder in Richtung Riga ab. Der russische Armeesender \u201eSwesda\u201c postete zudem in sozialen Netzwerken ein Video, das den Start der Transportmaschine zeigen sollte.<\/p>\n<p>Zuvor hatte der Flug einer US-amerikanischen Milit\u00e4rtransportmaschine von Riga nach Moskau Spekulationen ausgel\u00f6st. Die Route des Flugzeugs konnte \u00fcber Flugverfolgungsportale beobachtet werden. Russische Medien berichteten unter Verweis auf Augenzeugen von der Sichtung einer Autokolonne mit diplomatischen Kennzeichen der USA nach der Ankunft in Moskau.<\/p>\n<p>Laut \u201eAxios\u201c und CNN hatte die US-Seite vor Ratcliffes Besuch die Ukraine gebeten, ihre Angriffe auf Russland bis zur Abreise der US-Delegation auszusetzen. CNN zufolge sollten Drohnen- und Raketenangriffe auf Moskau und andere St\u00e4dte im Norden Russlands von Montag bis Mittwoch eingestellt werden.<\/p>\n<p>Verhinderung einer Eskalation im Ukraine-Krieg?<\/p>\n<p>Hintergrund der Reise k\u00f6nnten neuerliche russische Drohungen mit einer Eskalation im seit 2022 w\u00e4hrenden Krieg gegen die Ukraine sein. Kremlchef Wladimir Putin sprach am Samstag von der durch Kiew mit Angriffen auf das russische Hinterland ge\u00f6ffneten \u201eB\u00fcchse der Pandora\u201c. Allerdings hatte der Chef des russischen Auslandsgeheimdienstes, Sergej Naryschkin, bereits zuvor ein pers\u00f6nliches Treffen mit Ratcliffe nicht ausgeschlossen. Die Geheimdienstler f\u00fchrten seit 2025 mehrfach Telefongespr\u00e4che.<\/p>\n<p>Ratcliffe wurde nach dem Amtsantritt von US-Pr\u00e4sident Donald Trump im Januar 2025 Chef des Auslandsgeheimdienstes CIA.<\/p>\n<p>lfb\/lay mit AFP\/rtr<\/p>\n","protected":false},"excerpt":{"rendered":"Ein US-Milit\u00e4rflugzeug flog von Washington \u00fcber Riga bis nach Moskau \u2013 bislang ohne offiziell kommunizierte Mission. Laut US-Medien&hellip;\n","protected":false},"author":2,"featured_media":1260483,"comment_status":"","ping_status":"","sticky":false,"template":"","format":"standard","meta":{"footnotes":"","_share_on_mastodon":"0"},"categories":[3],"tags":[508,13,14,15,250153,110,111,307,115,12,45,10,8,9,11,64,103,112,104],"class_list":["post-1260482","post","type-post","status-publish","format-standard","has-post-thumbnail","category-welt","tag-diplomatie","tag-headlines","tag-nachrichten","tag-news","tag-newsos-import-welt","tag-newsteam","tag-putin","tag-russland","tag-russland-ukraine-krieg-24-2-2022","tag-schlagzeilen","tag-texttospeech","tag-top-news","tag-top-meldungen","tag-topmeldungen","tag-topnews","tag-usa","tag-welt","tag-wladimir","tag-world"],"share_on_mastodon":{"url":"https:\/\/pubeurope.com\/@de\/117158404790896739","error":""},"_links":{"self":[{"href":"https:\/\/www.europesays.com\/de\/wp-json\/wp\/v2\/posts\/1260482","targetHints":{"allow":["GET"]}}],"collection":[{"href":"https:\/\/www.europesays.com\/de\/wp-json\/wp\/v2\/posts"}],"about":[{"href":"https:\/\/www.europesays.com\/de\/wp-json\/wp\/v2\/types\/post"}],"author":[{"embeddable":true,"href":"https:\/\/www.europesays.com\/de\/wp-json\/wp\/v2\/users\/2"}],"replies":[{"embeddable":true,"href":"https:\/\/www.europesays.com\/de\/wp-json\/wp\/v2\/comments?post=1260482"}],"version-history":[{"count":0,"href":"https:\/\/www.europesays.com\/de\/wp-json\/wp\/v2\/posts\/1260482\/revisions"}],"wp:featuredmedia":[{"embeddable":true,"href":"https:\/\/www.europesays.com\/de\/wp-json\/wp\/v2\/media\/1260483"}],"wp:attachment":[{"href":"https:\/\/www.europesays.com\/de\/wp-json\/wp\/v2\/media?parent=1260482"}],"wp:term":[{"taxonomy":"category","embeddable":true,"href":"https:\/\/www.europesays.com\/de\/wp-json\/wp\/v2\/categories?post=1260482"},{"taxonomy":"post_tag","embeddable":true,"href":"https:\/\/www.europesays.com\/de\/wp-json\/wp\/v2\/tags?post=1260482"}],"curies":[{"name":"wp","href":"https:\/\/api.w.org\/{rel}","templated":true}]}}