{"id":1260519,"date":"2026-08-25T22:28:42","date_gmt":"2026-08-25T22:28:42","guid":{"rendered":"https:\/\/www.europesays.com\/de\/1260519\/"},"modified":"2026-08-25T22:28:42","modified_gmt":"2026-08-25T22:28:42","slug":"wuppertal-institut-staerkt-zielgerichteten-praxistransfer","status":"publish","type":"post","link":"https:\/\/www.europesays.com\/de\/1260519\/","title":{"rendered":"Wuppertal Institut st\u00e4rkt zielgerichteten Praxistransfer"},"content":{"rendered":"<p>Wuppertal Institut st\u00e4rkt zielgerichteten Praxistransfer &#8211; Wuppertal Institut f\u00fcr Klima, Umwelt, Energie<\/p>\n<p><a class=\"anchor\" id=\"c\"\/><\/p>\n<p>\n                            Prof. Dr. Henning Wilts \u00fcbernimmt Leitung  f\u00fcr &#8222;Transfer und Wirkung&#8220;\n                        <\/p>\n<p>                                    <img loading=\"lazy\" decoding=\"async\" class=\"ext-title-news__image\" src=\"https:\/\/www.europesays.com\/de\/wp-content\/uploads\/2026\/08\/csm_WI_Building_1000x666px_ca31e5417d.webp\" width=\"200\" height=\"200\" alt=\"\"\/><\/p>\n<p>\n                                Prof. Dr. Henning Wilts \u00fcbernimmt Leitung  f\u00fcr &#8222;Transfer und Wirkung&#8220;\n                            <\/p>\n<p>                                    <img loading=\"lazy\" decoding=\"async\" class=\"ext-title-news__image\" src=\"https:\/\/www.europesays.com\/de\/wp-content\/uploads\/2026\/08\/csm_WI_Building_1000x666px_ca31e5417d.webp\" width=\"200\" height=\"200\" alt=\"\"\/><\/p>\n<p>Das Wuppertal Institut hat sich zum Ziel gesetzt, innovatives Wirkungsmanagement als eine seiner Kernkompetenzen zu etablieren. So will es auf der einen Seite Impulse in den wissenschaftlichen Diskurs zur Wirkungsmessung wissenschaftlicher Projekte geben, auf der anderen Seite aber ganz explizit den gesellschaftlichen Mehrwert seiner Forschung weiter optimieren und die Transferm\u00f6glichkeiten weiter st\u00e4rken. Daf\u00fcr hat das Institut seine Institutsleitung um die neue Stelle &#8222;Transfer und Wirkung&#8220; erweitert, die ab sofort von Prof. Dr. Henning Wilts \u00fcbernommen wird. So soll der gesellschaftliche Mehrwert der Transformationsforschung weiter optimiert und wissenschaftliche Impulse noch schneller in die Praxis \u00fcbersetzt werden.<br \/>Wilts blickt mit klarer Ausrichtung auf seine neue Aufgabe: &#8222;Gerade bei komplexen Transformationsprozessen kommt es darauf an, dass aus guten wissenschaftlichen Ideen und Zukunftswissen konkrete Ver\u00e4nderungen, Prozess- und Produktinnovationen sowie direkt umsetzbare Handlungsoptionen f\u00fcr die Beteiligten vor Ort entstehen.&#8220;<\/p>\n<p>Ein zentraler Baustein des Wirkungsmanagements ist das am Institut entwickelte Wirkungsmodell, das f\u00fcnf unterschiedliche Ebenen unterscheidet und ausgehend von der reinen Wissensvermittlung \u00fcber Motivation und Kompetenzaufbau, der Entwicklung konkreter Konzepte bis hin zur konkreten Umsetzung von L\u00f6sungen reicht.\u00a0<br \/>In seiner neuen Rolle koordiniert Wilts gemeinsam mit den Stabsstellen Strategieentwicklung und Forschungskoordination die Entwicklung und Umsetzung einer institutsweiten Wirkungsstrategie sowie die Weiterentwicklung des Wirkungsmodells. Die Aufgaben umfassen unter anderem die Einf\u00fchrung einer systematischen, digital gest\u00fctzten Wirkungserfassung (ex post) und Wirkungsplanung (ex ante), die verst\u00e4rkte Zusammenarbeit mit Beteiligten aus Politik, Wirtschaft und Gesellschaft im Wege der Co-Creation sowie die Entwicklung zielgruppenspezifischer Transferformate und Handlungswerkzeuge.<\/p>\n<p>                        Weitere Informationen<\/p>\n<p>                            Links<\/p>\n<p class=\"cc-headline\">Cookie-Einstellungen<\/p>\n<p class=\"cc-description\">Cookies helfen uns, die Website f\u00fcr Sie st\u00e4ndig zu verbessern. Mit dem Klick auf den Button &#8222;Zustimmen&#8220; erkl\u00e4ren Sie sich mit der Verwendung von Cookies einverstanden. F\u00fcr weitere Informationen \u00fcber die Nutzung von Cookies oder f\u00fcr die \u00c4nderung Ihrer Einstellungen klicken Sie bitte auf <a href=\"https:\/\/wupperinst.org\/datenschutz\/\" target=\"_blank\" title=\"Mehr \u00fcber die Verwendung und Ablehnung von Cookies\" rel=\"nofollow noopener\">Mehr \u00fcber die Verwendung und Ablehnung von Cookies<\/a>.<\/p>\n<p>Zustimmen<\/p>\n","protected":false},"excerpt":{"rendered":"Wuppertal Institut st\u00e4rkt zielgerichteten Praxistransfer &#8211; Wuppertal Institut f\u00fcr Klima, Umwelt, Energie Prof. Dr. Henning Wilts \u00fcbernimmt Leitung&hellip;\n","protected":false},"author":2,"featured_media":1260520,"comment_status":"","ping_status":"","sticky":false,"template":"","format":"standard","meta":{"footnotes":"","_share_on_mastodon":"0"},"categories":[1840],"tags":[3364,29,1149,4781,19165,30,1563,19164,4507,1209,19166,19162,19160,19163,19161,383,601,4418,19159],"class_list":["post-1260519","post","type-post","status-publish","format-standard","has-post-thumbnail","category-wuppertal","tag-de","tag-deutschland","tag-energie","tag-energieeffizienz","tag-ernst-ulrich-von-weizsaecker","tag-germany","tag-klima","tag-manfred-fischedick","tag-nachhaltigkeit","tag-nordrhein-westfalen","tag-peter-hennicke","tag-ressourceneffizienz","tag-stoffstroeme","tag-sustainability","tag-transition-forschung","tag-umwelt","tag-verkehr","tag-wuppertal","tag-wuppertal-institut"],"share_on_mastodon":{"url":"https:\/\/pubeurope.com\/@de\/117158513089175385","error":""},"_links":{"self":[{"href":"https:\/\/www.europesays.com\/de\/wp-json\/wp\/v2\/posts\/1260519","targetHints":{"allow":["GET"]}}],"collection":[{"href":"https:\/\/www.europesays.com\/de\/wp-json\/wp\/v2\/posts"}],"about":[{"href":"https:\/\/www.europesays.com\/de\/wp-json\/wp\/v2\/types\/post"}],"author":[{"embeddable":true,"href":"https:\/\/www.europesays.com\/de\/wp-json\/wp\/v2\/users\/2"}],"replies":[{"embeddable":true,"href":"https:\/\/www.europesays.com\/de\/wp-json\/wp\/v2\/comments?post=1260519"}],"version-history":[{"count":0,"href":"https:\/\/www.europesays.com\/de\/wp-json\/wp\/v2\/posts\/1260519\/revisions"}],"wp:featuredmedia":[{"embeddable":true,"href":"https:\/\/www.europesays.com\/de\/wp-json\/wp\/v2\/media\/1260520"}],"wp:attachment":[{"href":"https:\/\/www.europesays.com\/de\/wp-json\/wp\/v2\/media?parent=1260519"}],"wp:term":[{"taxonomy":"category","embeddable":true,"href":"https:\/\/www.europesays.com\/de\/wp-json\/wp\/v2\/categories?post=1260519"},{"taxonomy":"post_tag","embeddable":true,"href":"https:\/\/www.europesays.com\/de\/wp-json\/wp\/v2\/tags?post=1260519"}],"curies":[{"name":"wp","href":"https:\/\/api.w.org\/{rel}","templated":true}]}}