{"id":1260533,"date":"2026-08-25T22:38:22","date_gmt":"2026-08-25T22:38:22","guid":{"rendered":"https:\/\/www.europesays.com\/de\/1260533\/"},"modified":"2026-08-25T22:38:22","modified_gmt":"2026-08-25T22:38:22","slug":"frankreich-marine-le-pen-geht-klar-als-favoritin-ins-rennen-um-die-praesidentschaft","status":"publish","type":"post","link":"https:\/\/www.europesays.com\/de\/1260533\/","title":{"rendered":"Frankreich: Marine Le Pen geht klar als Favoritin ins Rennen um die Pr\u00e4sidentschaft"},"content":{"rendered":"<p>Marine Le Pen geht nach einer neuen Umfrage als klare Favoritin in das Rennen um die franz\u00f6sische Pr\u00e4sidentschaft 2027: Die fr\u00fchere Vorsitzende des Rassemblement National (RN) liegt im ersten Wahlgang deutlich vorne und w\u00fcrde sich in s\u00e4mtlichen untersuchten Stichwahlszenarien durchsetzen.<\/p>\n<p>Nach den von <a href=\"https:\/\/apollo-news.net\/praesidentschaftswahl-le-pen-mit-grossem-vorsprung-sozialist-melenchon-koennte-in-die-stichwahl-kommen\/\" rel=\"nofollow noopener\" target=\"_blank\">Apollo News<\/a> ver\u00f6ffentlichten Umfragedaten erreicht Le Pen je nach Kandidatenkonstellation 35 bis 38 Prozent. \u00dcberraschend stark schneidet Jean-Luc M\u00e9lenchon von der linken Partei La France Insoumise ab. Er kommt auf 16 bis 17 Prozent und liegt damit teilweise gleichauf mit dem fr\u00fcheren Premierminister und Horizons-Chef \u00c9douard Philippe. Damit h\u00e4tte M\u00e9lenchon Chancen auf den Einzug in die Stichwahl.<\/p>\n<p>                <img src=\"https:\/\/www.europesays.com\/de\/wp-content\/uploads\/2026\/08\/718924180_highres-scaled-7-1024x683.jpg\" alt=\"Michel Euler\/AP\/Keystone\" itemprop=\"contentUrl\" class=\"story-img story-img--landscape\" loading=\"lazy\" decoding=\"async\"\/><\/p>\n<p>                                                                            Marine Le Pen und Jordan Bardella auf einem Markt in La Fleche<br \/>\n                                                                            <\/p>\n<p>                                        Michel Euler\/AP\/Keystone<\/p>\n<p>Dort w\u00e4re der Abstand allerdings deutlich: Gegen M\u00e9lenchon k\u00e4me Le Pen laut Umfrage auf 68 Prozent, ihr Gegner auf 32 Prozent. Gegen den fr\u00fcheren Premierminister Gabriel Attal w\u00fcrde sie mit 57 zu 43 Prozent gewinnen, gegen Philippe mit 55 zu 45 Prozent.<\/p>\n<p>Lange war offen, ob Le Pen 2027 \u00fcberhaupt kandidieren kann. Wegen der Veruntreuung von EU-Geldern war sie zu einem mehrj\u00e4hrigen Ausschluss von Wahlen verurteilt worden. Ein Berufungsgericht entsch\u00e4rfte das Urteil jedoch, womit eine Kandidatur nach Angaben des Berichts voraussichtlich m\u00f6glich ist.<\/p>\n<p>Auch abseits der Pr\u00e4sidentschaftsumfragen befindet sich der RN im Aufwind. In einem im Juni ver\u00f6ffentlichten Popularit\u00e4tsranking belegten Politiker aus dem RN-Lager die ersten vier Pl\u00e4tze. Parteichef Jordan Bardella f\u00fchrte mit 40 Prozent Zustimmung vor Le Pen mit 39 Prozent. Bei den Kommunalwahlen im M\u00e4rz lag der RN zudem im ersten Wahlgang in 58 Gemeinden vorne. 2020 war ihm dies lediglich in 11 Gemeinden gelungen.<\/p>\n","protected":false},"excerpt":{"rendered":"Marine Le Pen geht nach einer neuen Umfrage als klare Favoritin in das Rennen um die franz\u00f6sische Pr\u00e4sidentschaft&hellip;\n","protected":false},"author":2,"featured_media":1260534,"comment_status":"","ping_status":"","sticky":false,"template":"","format":"standard","meta":{"footnotes":"","_share_on_mastodon":"0"},"categories":[3974],"tags":[331,332,548,663,3934,3980,156,13,22589,260619,14,15,16,6577,260620,12,4649,4672],"class_list":["post-1260533","post","type-post","status-publish","format-standard","has-post-thumbnail","category-frankreich","tag-aktuelle-nachrichten","tag-aktuelle-news","tag-eu","tag-europa","tag-europe","tag-france","tag-frankreich","tag-headlines","tag-kandidatur","tag-marinelepen","tag-nachrichten","tag-news","tag-politik","tag-praesidentschaft","tag-rassemblementnational","tag-schlagzeilen","tag-umfrage","tag-wahlen"],"share_on_mastodon":{"url":"","error":""},"_links":{"self":[{"href":"https:\/\/www.europesays.com\/de\/wp-json\/wp\/v2\/posts\/1260533","targetHints":{"allow":["GET"]}}],"collection":[{"href":"https:\/\/www.europesays.com\/de\/wp-json\/wp\/v2\/posts"}],"about":[{"href":"https:\/\/www.europesays.com\/de\/wp-json\/wp\/v2\/types\/post"}],"author":[{"embeddable":true,"href":"https:\/\/www.europesays.com\/de\/wp-json\/wp\/v2\/users\/2"}],"replies":[{"embeddable":true,"href":"https:\/\/www.europesays.com\/de\/wp-json\/wp\/v2\/comments?post=1260533"}],"version-history":[{"count":0,"href":"https:\/\/www.europesays.com\/de\/wp-json\/wp\/v2\/posts\/1260533\/revisions"}],"wp:featuredmedia":[{"embeddable":true,"href":"https:\/\/www.europesays.com\/de\/wp-json\/wp\/v2\/media\/1260534"}],"wp:attachment":[{"href":"https:\/\/www.europesays.com\/de\/wp-json\/wp\/v2\/media?parent=1260533"}],"wp:term":[{"taxonomy":"category","embeddable":true,"href":"https:\/\/www.europesays.com\/de\/wp-json\/wp\/v2\/categories?post=1260533"},{"taxonomy":"post_tag","embeddable":true,"href":"https:\/\/www.europesays.com\/de\/wp-json\/wp\/v2\/tags?post=1260533"}],"curies":[{"name":"wp","href":"https:\/\/api.w.org\/{rel}","templated":true}]}}