{"id":126054,"date":"2025-05-20T18:12:08","date_gmt":"2025-05-20T18:12:08","guid":{"rendered":"https:\/\/www.europesays.com\/de\/126054\/"},"modified":"2025-05-20T18:12:08","modified_gmt":"2025-05-20T18:12:08","slug":"autofahrer-uebersieht-motorradfahrer-unfall-in-wuppertal","status":"publish","type":"post","link":"https:\/\/www.europesays.com\/de\/126054\/","title":{"rendered":"Autofahrer \u00fcbersieht Motorradfahrer: Unfall in Wuppertal"},"content":{"rendered":"<p class=\"text_ohne_einzug richtext text-em-55 !leading-serif mx-6 desktop:mx-0\">Ein Motorradfahrer ist bei einem Verkehrsunfall am Dienstag, 20. Mai, verletzt worden. Laut Polizei wollte ein 58-j\u00e4hriger Autofahrer gegen 17 Uhr vom Gel\u00e4nde einer Tankstelle an der Remscheider Stra\u00dfe nach links auf die Fahrbahn abbiegen. Dabei \u00fcbersah er laut ersten Erkenntnissen den von links kommenden Motorradfahrer und es kam zum Zusammensto\u00df. Der Motorradfahrer st\u00fcrzte und verletzte sich so schwer, dass er im Krankenhaus behandelt werden musste. Das Alter des Motorradfahrer war zun\u00e4chst unbekannt. Kurze Zeit war die Remscheider Stra\u00dfe in dem Bereich in beide Richtungen gesperrt.<\/p>\n","protected":false},"excerpt":{"rendered":"Ein Motorradfahrer ist bei einem Verkehrsunfall am Dienstag, 20. Mai, verletzt worden. Laut Polizei wollte ein 58-j\u00e4hriger Autofahrer&hellip;\n","protected":false},"author":2,"featured_media":126055,"comment_status":"","ping_status":"","sticky":false,"template":"","format":"standard","meta":{"footnotes":""},"categories":[1840],"tags":[6175,3364,29,30,3263,6389,1209,30314,4418],"class_list":{"0":"post-126054","1":"post","2":"type-post","3":"status-publish","4":"format-standard","5":"has-post-thumbnail","7":"category-wuppertal","8":"tag-autofahrer","9":"tag-de","10":"tag-deutschland","11":"tag-germany","12":"tag-krankenhaus","13":"tag-motorradfahrer","14":"tag-nordrhein-westfalen","15":"tag-remscheider","16":"tag-wuppertal"},"share_on_mastodon":{"url":"https:\/\/pubeurope.com\/@de\/114541516809551957","error":""},"_links":{"self":[{"href":"https:\/\/www.europesays.com\/de\/wp-json\/wp\/v2\/posts\/126054","targetHints":{"allow":["GET"]}}],"collection":[{"href":"https:\/\/www.europesays.com\/de\/wp-json\/wp\/v2\/posts"}],"about":[{"href":"https:\/\/www.europesays.com\/de\/wp-json\/wp\/v2\/types\/post"}],"author":[{"embeddable":true,"href":"https:\/\/www.europesays.com\/de\/wp-json\/wp\/v2\/users\/2"}],"replies":[{"embeddable":true,"href":"https:\/\/www.europesays.com\/de\/wp-json\/wp\/v2\/comments?post=126054"}],"version-history":[{"count":0,"href":"https:\/\/www.europesays.com\/de\/wp-json\/wp\/v2\/posts\/126054\/revisions"}],"wp:featuredmedia":[{"embeddable":true,"href":"https:\/\/www.europesays.com\/de\/wp-json\/wp\/v2\/media\/126055"}],"wp:attachment":[{"href":"https:\/\/www.europesays.com\/de\/wp-json\/wp\/v2\/media?parent=126054"}],"wp:term":[{"taxonomy":"category","embeddable":true,"href":"https:\/\/www.europesays.com\/de\/wp-json\/wp\/v2\/categories?post=126054"},{"taxonomy":"post_tag","embeddable":true,"href":"https:\/\/www.europesays.com\/de\/wp-json\/wp\/v2\/tags?post=126054"}],"curies":[{"name":"wp","href":"https:\/\/api.w.org\/{rel}","templated":true}]}}