{"id":1260632,"date":"2026-08-25T23:42:25","date_gmt":"2026-08-25T23:42:25","guid":{"rendered":"https:\/\/www.europesays.com\/de\/1260632\/"},"modified":"2026-08-25T23:42:25","modified_gmt":"2026-08-25T23:42:25","slug":"film-everytime-als-deutscher-beitrag-fuer-oscar-verleihung-nominiert","status":"publish","type":"post","link":"https:\/\/www.europesays.com\/de\/1260632\/","title":{"rendered":"Film &#8222;Everytime&#8220; als deutscher Beitrag f\u00fcr Oscar-Verleihung nominiert"},"content":{"rendered":"<p>            <img loading=\"lazy\" decoding=\"async\" class=\"ts-image\" src=\"https:\/\/www.europesays.com\/de\/wp-content\/uploads\/2026\/08\/minichmayr-100.jpg\" alt=\"Birgit Minichmayr in einer Szene des Films &quot;Everytime&quot;.\" title=\"Birgit Minichmayr in einer Szene des Films &quot;Everytime&quot;. | Gregory Oke\/TheBarricades, PanamaFilm\/dpa\"\/><\/p>\n<p class=\"metatextline\">Stand: 25.08.2026 \u2022 20:44 Uhr<\/p>\n<p class=\"article-head__shorttext\">\n        <strong>Der Film &#8222;Everytime&#8220; von Sandra Wollner ist die offizielle Oscar-Einreichung aus Deutschland. Dar\u00fcber hinaus k\u00f6nnten erstmals zwei weitere deutsche Produktionen ins Rennen um den Oscar als &#8222;Bester internationaler Film&#8220; gehen.<\/strong>\n    <\/p>\n<p class=\"textabsatz m-ten m-offset-one l-eight l-offset-two columns twelve\">Deutschland schickt den Film &#8222;Everytime&#8220; der \u00f6sterreichischen Regisseurin Sandra Wollner ins Rennen um den Oscar als &#8222;Bester internationaler Film&#8220;. Das gab German Films, die Auslandsvertretung des deutschen Films, in M\u00fcnchen bekannt.<\/p>\n<p class=\"textabsatz m-ten m-offset-one l-eight l-offset-two columns twelve\">&#8222;Everytime&#8220; erz\u00e4hlt von Ella und ihrer j\u00fcngeren Tochter Melli, die ein Jahr nach dem pl\u00f6tzlichen Tod der \u00e4lteren Tochter Jessie versuchen, ihren Alltag zu bew\u00e4ltigen. Die Trauer zeigt sich in kleinen Gesten, alten Nachrichten und Videoaufnahmen. Eine Reise nach Teneriffa mit Jessies Freund Lux bringt verdr\u00e4ngte Gef\u00fchle und Erinnerungen wieder an die Oberfl\u00e4che.<\/p>\n<p class=\"textabsatz m-ten m-offset-one l-eight l-offset-two columns twelve\">Die Hauptrollen spielen Birgit Minichmayr, Carla H\u00fcttermann und Trist\u00e1n L\u00f3pez. Wollner gewann mit &#8222;Everytime&#8220; bei den Filmfestspielen in Cannes bereits den Hauptpreis der Sektion &#8222;Un Certain Regard&#8220;.<\/p>\n<p class=\"absatzbild__info__text\">\n                        Trist\u00e1n L\u00f3pez, Esja Wendel, Carla H\u00fcttermann, Lotte Keiling, Regisseurin Sandra Wollner und Birgit Minichmayr (von links nach rechts) posieren bei den Filmfestspielen in Cannes f\u00fcr die Kameras.\n                    <\/p>\n<p>    Auch Filme von \u0130lker \u00c7atak und Visar Morina qualifiziert<\/p>\n<p class=\"textabsatz m-ten m-offset-one l-eight l-offset-two columns twelve\">Erstmals ist es m\u00f6glich, dass drei deutsche Produktionen ins Rennen um die oft &#8222;Auslands-Oscar&#8220; genannte Auszeichnung gehen. Das liegt an einer Regel\u00e4nderung: Seit diesem Jahr sind Werke, die bei bestimmten Filmfestivals Hauptpreise gewonnen haben, automatisch f\u00fcr die Einreichung als &#8222;Bester internationaler Film&#8220; qualifiziert.<\/p>\n<p class=\"textabsatz m-ten m-offset-one l-eight l-offset-two columns twelve\">Dieses Jahr sind das die Filme &#8222;Gelbe Briefe&#8220; von \u0130lker \u00c7atak (Goldener B\u00e4r bei der Berlinale) und &#8222;Von Scham und Geld&#8220; von Visar Morina (World Cinema Grand Jury Prize beim Sundance Festival).<\/p>\n<p class=\"textabsatz m-ten m-offset-one l-eight l-offset-two columns twelve\">Die Shortlist f\u00fcr den &#8222;Besten internationalen Film&#8220; wird am 15. Dezember ver\u00f6ffentlicht. Aus der Shortlist werden wiederum die f\u00fcnf Filme ausgew\u00e4hlt, die f\u00fcr einen Oscar nominiert werden. Diese werden am 21. Januar 2027 bekanntgegeben. Die 99. Oscar-Verleihung findet dann am 14. M\u00e4rz (Ortszeit) in Los Angeles statt.<\/p>\n","protected":false},"excerpt":{"rendered":"Stand: 25.08.2026 \u2022 20:44 Uhr Der Film &#8222;Everytime&#8220; von Sandra Wollner ist die offizielle Oscar-Einreichung aus Deutschland. Dar\u00fcber&hellip;\n","protected":false},"author":2,"featured_media":1260633,"comment_status":"","ping_status":"","sticky":false,"template":"","format":"standard","meta":{"footnotes":"","_share_on_mastodon":"0"},"categories":[5],"tags":[13,95,14,15,3583,12,10,8,9,11],"class_list":["post-1260632","post","type-post","status-publish","format-standard","has-post-thumbnail","category-nachrichten","tag-headlines","tag-kino","tag-nachrichten","tag-news","tag-oscar","tag-schlagzeilen","tag-top-news","tag-top-meldungen","tag-topmeldungen","tag-topnews"],"share_on_mastodon":{"url":"","error":""},"_links":{"self":[{"href":"https:\/\/www.europesays.com\/de\/wp-json\/wp\/v2\/posts\/1260632","targetHints":{"allow":["GET"]}}],"collection":[{"href":"https:\/\/www.europesays.com\/de\/wp-json\/wp\/v2\/posts"}],"about":[{"href":"https:\/\/www.europesays.com\/de\/wp-json\/wp\/v2\/types\/post"}],"author":[{"embeddable":true,"href":"https:\/\/www.europesays.com\/de\/wp-json\/wp\/v2\/users\/2"}],"replies":[{"embeddable":true,"href":"https:\/\/www.europesays.com\/de\/wp-json\/wp\/v2\/comments?post=1260632"}],"version-history":[{"count":0,"href":"https:\/\/www.europesays.com\/de\/wp-json\/wp\/v2\/posts\/1260632\/revisions"}],"wp:featuredmedia":[{"embeddable":true,"href":"https:\/\/www.europesays.com\/de\/wp-json\/wp\/v2\/media\/1260633"}],"wp:attachment":[{"href":"https:\/\/www.europesays.com\/de\/wp-json\/wp\/v2\/media?parent=1260632"}],"wp:term":[{"taxonomy":"category","embeddable":true,"href":"https:\/\/www.europesays.com\/de\/wp-json\/wp\/v2\/categories?post=1260632"},{"taxonomy":"post_tag","embeddable":true,"href":"https:\/\/www.europesays.com\/de\/wp-json\/wp\/v2\/tags?post=1260632"}],"curies":[{"name":"wp","href":"https:\/\/api.w.org\/{rel}","templated":true}]}}