{"id":1260637,"date":"2026-08-25T23:46:45","date_gmt":"2026-08-25T23:46:45","guid":{"rendered":"https:\/\/www.europesays.com\/de\/1260637\/"},"modified":"2026-08-25T23:46:45","modified_gmt":"2026-08-25T23:46:45","slug":"schleswig-holstein-setzt-zeichen-gegen-antisemitismus","status":"publish","type":"post","link":"https:\/\/www.europesays.com\/de\/1260637\/","title":{"rendered":"Schleswig-Holstein setzt Zeichen gegen Antisemitismus"},"content":{"rendered":"<p>J\u00fcdisches Leben im Norden <\/p>\n<p>Schleswig-Holstein setzt Zeichen gegen Antisemitismus<\/p>\n<p>Aktualisiert am 25.08.2026 &#8211; 16:55 UhrLesedauer: 2 Min.<\/p>\n<p><a href=\"#focus-0\" class=\"transition-colors block text-current relative\" data-sctrack=\"FocusGalleryImage.Reference\"><img fetchpriority=\"high\" data-testid=\"Opener.Image\"   loading=\"eager\" src=\"https:\/\/www.europesays.com\/de\/wp-content\/uploads\/2026\/08\/juedisches-leben-ist-unter-anderem-an-der-kieler-synagoge-sichtbar-archivbild.jpg\" alt=\"Landtag ber\u00e4t \u00fcber 10-Punkte-Plan f\u00fcr j\u00fcdisches Leben\" title=\"Landtag ber\u00e4t \u00fcber 10-Punkte-Plan f\u00fcr j\u00fcdisches Leben\" width=\"2048\" height=\"1152\" class=\"bg-[url:var(--lqipURL)] bg-cover bg-center flex h-full w-full max-w-full\" style=\"--lqipURL:url('https:\/\/images.t-online.de\/2026\/08\/IrRgSGxH0e82\/0x112:2048x1152\/fit-in\/150x0\/filters:blur(25)\/juedisches-leben-ist-unter-anderem-an-der-kieler-synagoge-sichtbar-archivbild.jpg')\" decoding=\"async\"\/><img loading=\"lazy\" src=\"https:\/\/www.t-online.de\/s\/paper\/_next\/static\/media\/zoom-in.f7dae02f.svg\" alt=\"Vergr\u00f6\u00dfern des Bildes\" title=\"Vergr\u00f6\u00dfern des Bildes\" class=\"block h-[calc(var(--height)_\/_16_*_1rem)] w-[calc(var(--width)_\/_16_*_1rem)] max-w-none absolute right-8 bottom-8 rounded-4 bg-snow p-8\" style=\"--width:32;--height:32\" decoding=\"async\"\/><\/a><\/p>\n<p>J\u00fcdisches Leben ist unter anderem an der Kieler Synagoge sichtbar. (Archivbild) (Quelle: Axel Heimken\/dpa\/dpa-bilder)<\/p>\n<p><img loading=\"lazy\" src=\"https:\/\/www.t-online.de\/s\/paper\/_next\/static\/media\/audio-volume.6689034c.svg\" alt=\"\" title=\"\" class=\"block h-[calc(var(--height)_\/_16_*_1rem)] w-[calc(var(--width)_\/_16_*_1rem)] max-w-none group-hover:brightness-0 group-hover:invert\" style=\"--width:16;--height:16\" decoding=\"async\"\/>Vorlesen<\/p>\n<p>Aktuelle Zeit:0:00Gesamtdauer:0:00<\/p>\n<p>1x<img loading=\"lazy\" src=\"https:\/\/www.t-online.de\/s\/paper\/_next\/static\/media\/font-sizes.32942e33.svg\" alt=\"\" title=\"\" class=\"block h-[calc(var(--height)_\/_16_*_1rem)] w-[calc(var(--width)_\/_16_*_1rem)] max-w-none group-hover:hidden group-aria-expanded:hidden\" style=\"--width:16;--height:16\" decoding=\"async\"\/><img loading=\"lazy\" src=\"https:\/\/www.t-online.de\/s\/paper\/_next\/static\/media\/font-sizes-dark-mode.e382645c.svg\" alt=\"\" title=\"\" class=\"block h-[calc(var(--height)_\/_16_*_1rem)] w-[calc(var(--width)_\/_16_*_1rem)] max-w-none hidden group-hover:block group-aria-expanded:block\" style=\"--width:16;--height:16\" decoding=\"async\"\/><img loading=\"lazy\" src=\"https:\/\/www.t-online.de\/s\/paper\/_next\/static\/media\/sharing-menu-icon.1eb71368.svg\" alt=\"\" title=\"\" class=\"block h-[calc(var(--height)_\/_16_*_1rem)] w-[calc(var(--width)_\/_16_*_1rem)] max-w-none group-hover:brightness-0 group-hover:invert\" style=\"--width:16;--height:16\" decoding=\"async\"\/>Artikel teilen<\/p>\n<p class=\"font-bold text-18 leading-17 user-text-lg:text-22 user-text-xl:text-24\">Antisemitismus gibt es auch im Norden, J\u00fcdinnen und Juden sind verunsichert. Die Landesregierung beschlie\u00dft einen Aktionsplan.<\/p>\n<p class=\"text-18 leading-17 user-text-lg:text-22 user-text-xl:text-24\">Das Land Schleswig-Holstein tritt dem Antisemitismus in der Gesellschaft mit einem umfangreichen Aktionsplan entgegen. Der vom Kabinett beschlossene Plan reicht von Bildung bis Strafverfolgung.<\/p>\n<p class=\"text-18 leading-17 user-text-lg:text-22 user-text-xl:text-24\">&#8222;Antisemitismus, das muss allen klar sein, ist keine Meinung&#8220;, sagte der Beauftragte f\u00fcr j\u00fcdisches Leben und gegen Antisemitismus, Gerhard Ulrich. &#8222;Antisemitismus ist eine Gefahr f\u00fcr unsere Demokratie und unser gesellschaftliches Zusammenleben. Antisemitismus ist ein Angriff auf die Menschenw\u00fcrde.&#8220; Er sei auch deshalb so gef\u00e4hrlich, weil es keine ideologischen Grenzen mehr zu geben scheine, so Ulrich.<\/p>\n<p>75 antisemitische Straftaten im Jahr 2025<\/p>\n<p class=\"text-18 leading-17 user-text-lg:text-22 user-text-xl:text-24\">Der Verfassungsschutz hat nach Ulrichs Angaben 97 antisemitische Straftaten im Jahr 2025 dokumentiert. Die Landesweite Informations- und Dokumentationsstelle Antisemitismus Schleswig-Holstein (LIDA-SH) habe 411 Vorf\u00e4lle dokumentiert. Enthalten seien auch F\u00e4lle unter der Strafbarkeitsschwelle. Die Zahlen seien im Vergleich zu 2024 leicht zur\u00fcckgegangen.<\/p>\n<p><a href=\"#focus-1\" class=\"transition-colors block text-current relative\" data-sctrack=\"FocusGalleryImage.Reference\"><img   loading=\"lazy\" src=\"https:\/\/www.europesays.com\/de\/wp-content\/uploads\/2026\/08\/gerhard-ulrich-fordert-einsatz-gegen-antisemitismus-archivbild.jpg\" alt=\"Gerhard Ulrich\" title=\"Gerhard Ulrich\" width=\"2048\" height=\"1152\" class=\"h-full w-full max-w-full rounded-8\" decoding=\"async\"\/><img loading=\"lazy\" src=\"https:\/\/www.t-online.de\/s\/paper\/_next\/static\/media\/zoom-in.f7dae02f.svg\" alt=\"Vergr\u00f6\u00dfern des Bildes\" title=\"Vergr\u00f6\u00dfern des Bildes\" class=\"block h-[calc(var(--height)_\/_16_*_1rem)] w-[calc(var(--width)_\/_16_*_1rem)] max-w-none absolute right-8 bottom-8 rounded-4 bg-snow p-8\" style=\"--width:32;--height:32\" decoding=\"async\"\/>Gerhard Ulrich fordert Einsatz gegen Antisemitismus. (Archivbild) (Quelle: Frank Molter\/dpa\/dpa-bilder)<\/a><\/p>\n<p class=\"text-18 leading-17 user-text-lg:text-22 user-text-xl:text-24\">Man k\u00f6nne aber nicht von einer entspannteren Situation ausgehen, sagte Ulrich. Die Delikte an sich seien deutlich konkreter und auch gezielter gegen Personen und Gruppen gerichtet. &#8222;Wir erleben besonders eine Verrohung der Sprache und eine kaum mehr existente Hemmschwelle auch hin zur Gewaltbereitschaft.&#8220;<\/p>\n<p class=\"text-18 leading-17 user-text-lg:text-22 user-text-xl:text-24\">Der Landesaktionsplan umfasst nach Angaben von Kulturministerin Dorit Stenke (CDU) mehr als 100 bereits bestehende und neu entwickelte Ma\u00dfnahmen. Im Zentrum stehen Antisemitismus-Pr\u00e4vention, Sicherheit und Bildung. &#8222;Wir besch\u00fctzen j\u00fcdisches Leben. Bildung und Wissen sind daf\u00fcr wesentliche Schl\u00fcssel&#8220;, so die Ministerin. &#8222;Und wenn Sensibilit\u00e4t und Aufkl\u00e4rung nicht mehr reichen, haben wir einen wachsamen Staat und eine starke Judikative.&#8220;<\/p>\n<p><a href=\"#focus-2\" class=\"transition-colors block text-current relative\" data-sctrack=\"FocusGalleryImage.Reference\"><img   loading=\"lazy\" src=\"https:\/\/www.europesays.com\/de\/wp-content\/uploads\/2026\/08\/kulturministerin-stenke-cdu-setzt-sich-fuer-den-schutz-des-juedischen-lebens-in-schleswig-holstein-e.jpeg\" alt=\"Schuljahrespressekonferenz mit Bildungsministerin Stenke in Kiel\" title=\"Schuljahrespressekonferenz mit Bildungsministerin Stenke in Kiel\" width=\"2048\" height=\"1152\" class=\"h-full w-full max-w-full rounded-8\" decoding=\"async\"\/><img loading=\"lazy\" src=\"https:\/\/www.t-online.de\/s\/paper\/_next\/static\/media\/zoom-in.f7dae02f.svg\" alt=\"Vergr\u00f6\u00dfern des Bildes\" title=\"Vergr\u00f6\u00dfern des Bildes\" class=\"block h-[calc(var(--height)_\/_16_*_1rem)] w-[calc(var(--width)_\/_16_*_1rem)] max-w-none absolute right-8 bottom-8 rounded-4 bg-snow p-8\" style=\"--width:32;--height:32\" decoding=\"async\"\/>Kulturministerin Stenke (CDU) setzt sich f\u00fcr den Schutz des j\u00fcdischen Lebens in Schleswig-Holstein ein. (Archivbild) (Quelle: Frank Molter\/dpa\/dpa-bilder)<\/a><\/p>\n<p class=\"text-18 leading-17 user-text-lg:text-22 user-text-xl:text-24\">Stenke betonte, dass j\u00fcdisches Leben und j\u00fcdische Kultur zu Schleswig-Holstein geh\u00f6ren. &#8222;Mit dem Aktionsplan stellen wir uns gegen jede Form von Hass und Antisemitismus.&#8220;<\/p>\n<p>Ministerpr\u00e4sident: Antisemitismus bedroht Freiheit aller<\/p>\n<p class=\"text-18 leading-17 user-text-lg:text-22 user-text-xl:text-24\">Im Gru\u00dfwort zu dem 80 Seiten umfassenden Aktionsplan schreibt Ministerpr\u00e4sident Daniel G\u00fcnther (CDU), Antisemitismus richte sich gegen das Fundament unseres Zusammenlebens: gegen Menschenw\u00fcrde, Rechtsstaatlichkeit, Respekt und Toleranz. &#8222;Wer j\u00fcdisches Leben bedroht, bedroht die Freiheit aller.&#8220;<\/p>\n","protected":false},"excerpt":{"rendered":"J\u00fcdisches Leben im Norden Schleswig-Holstein setzt Zeichen gegen Antisemitismus Aktualisiert am 25.08.2026 &#8211; 16:55 UhrLesedauer: 2 Min. J\u00fcdisches&hellip;\n","protected":false},"author":2,"featured_media":1260638,"comment_status":"","ping_status":"","sticky":false,"template":"","format":"standard","meta":{"footnotes":"","_share_on_mastodon":"0"},"categories":[1852],"tags":[62055,712,31,3364,29,49016,548,663,3934,260652,30,13,4949,14,15,12,1971,419],"class_list":["post-1260637","post","type-post","status-publish","format-standard","has-post-thumbnail","category-kiel","tag-aktionsplan","tag-antisemitismus","tag-cdu","tag-de","tag-deutschland","tag-dorit-stenke","tag-eu","tag-europa","tag-europe","tag-gerhard-ulrich","tag-germany","tag-headlines","tag-kiel","tag-nachrichten","tag-news","tag-schlagzeilen","tag-schleswig-holstein","tag-verfassungsschutz"],"share_on_mastodon":{"url":"https:\/\/pubeurope.com\/@de\/117158821385562553","error":""},"_links":{"self":[{"href":"https:\/\/www.europesays.com\/de\/wp-json\/wp\/v2\/posts\/1260637","targetHints":{"allow":["GET"]}}],"collection":[{"href":"https:\/\/www.europesays.com\/de\/wp-json\/wp\/v2\/posts"}],"about":[{"href":"https:\/\/www.europesays.com\/de\/wp-json\/wp\/v2\/types\/post"}],"author":[{"embeddable":true,"href":"https:\/\/www.europesays.com\/de\/wp-json\/wp\/v2\/users\/2"}],"replies":[{"embeddable":true,"href":"https:\/\/www.europesays.com\/de\/wp-json\/wp\/v2\/comments?post=1260637"}],"version-history":[{"count":0,"href":"https:\/\/www.europesays.com\/de\/wp-json\/wp\/v2\/posts\/1260637\/revisions"}],"wp:featuredmedia":[{"embeddable":true,"href":"https:\/\/www.europesays.com\/de\/wp-json\/wp\/v2\/media\/1260638"}],"wp:attachment":[{"href":"https:\/\/www.europesays.com\/de\/wp-json\/wp\/v2\/media?parent=1260637"}],"wp:term":[{"taxonomy":"category","embeddable":true,"href":"https:\/\/www.europesays.com\/de\/wp-json\/wp\/v2\/categories?post=1260637"},{"taxonomy":"post_tag","embeddable":true,"href":"https:\/\/www.europesays.com\/de\/wp-json\/wp\/v2\/tags?post=1260637"}],"curies":[{"name":"wp","href":"https:\/\/api.w.org\/{rel}","templated":true}]}}