{"id":1260667,"date":"2026-08-26T00:10:45","date_gmt":"2026-08-26T00:10:45","guid":{"rendered":"https:\/\/www.europesays.com\/de\/1260667\/"},"modified":"2026-08-26T00:10:45","modified_gmt":"2026-08-26T00:10:45","slug":"1-kilometer-in-u-bahn-tunnel-wie-ist-der-aygo-da-hingekommen","status":"publish","type":"post","link":"https:\/\/www.europesays.com\/de\/1260667\/","title":{"rendered":"1 Kilometer in U-Bahn-Tunnel: Wie ist der Aygo da hingekommen"},"content":{"rendered":"<p>Im Bereich des Vonovia Ruhrstadions geriet die Autofahrerin am Montag (24.8.2026) gegen 10:30 Uhr von der Castroper Stra\u00dfe auf die dort noch oberirdisch verlaufenden Gleise. Statt zum Stehen zu kommen, fuhr sie weiter in den Tunnel in Richtung Innenstadt.<\/p>\n<p>Kleinwagen passiert unterirdische Haltestelle<\/p>\n<p>Auf ihrer Fahrt passierte die 63-J\u00e4hrige mit dem Toyota die Haltestelle Planetarium. Erst kurz vor dem Bochumer Hauptbahnhof kam der Kleinwagen zum Stehen. Eine Bahn kam ihr dabei nach Aussage der Feuerwehr nicht entgegen, eine Stra\u00dfenbahn, die sich auf dem betroffenen Streckenabschnitt befand, musste jedoch evakuiert werden.<\/p>\n<p>Der Aygo besch\u00e4digte w\u00e4hrend der Fahrt Gleise und eine Schaltanlage. Angaben zur H\u00f6he des Sachschadens liegen aktuell noch nicht vor<\/p>\n<p>Fahrerin kommt ins Krankenhaus<\/p>\n<p>Als die Rettungskr\u00e4fte den Toyota im Tunnel fanden, entdeckten sie die Fahrerin weiterhin orientierungslos, aber ohne weitere Verletzungen. Feuerwehr und Polizei sprachen von einem &#8222;internistischen Notfall&#8220;, offenbar war die Fahrerin stark unterzuckert. Sie wurde zur weiteren Untersuchung in ein Krankenhaus gebracht.<\/p>\n<p>F\u00fcr die Bergung musste der Kleinwagen zun\u00e4chst mit hydraulischem Ger\u00e4t angehoben werden. Feuerwehr und Bogestra setzten ihn anschlie\u00dfend auf zwei Rollwagen, mit denen er \u00fcber die Schienen zur\u00fccktransportiert werden konnte. Au\u00dferhalb des Tunnels \u00fcbernahm ein Abschleppunternehmen das Fahrzeug.<\/p>\n<p>Der Einsatz dauerte rund viereinhalb Stunden. W\u00e4hrenddessen war die Strecke zwischen dem Ruhrstadion und dem Hauptbahnhof in beiden Richtungen gesperrt. Die Bogestra richtete einen Schienenersatzverkehr ein.<\/p>\n<p>Was der Fahrerin droht<\/p>\n<p>Welche rechtlichen Folgen der 63-J\u00e4hrigen drohen, h\u00e4ngt vor allem davon ab, ob der medizinische Notfall f\u00fcr sie vorhersehbar war. Trat er pl\u00f6tzlich und ohne erkennbare Warnzeichen auf, muss ihr die Fahrt nicht zwangsl\u00e4ufig strafrechtlich vorgeworfen werden. Anders k\u00f6nnte es aussehen, wenn ihr eine Erkrankung und das damit verbundene Risiko bekannt waren oder sie bereits vor der Fahrt entsprechende Symptome bemerkte.<\/p>\n<p>Dann k\u00f6nnte unter anderem eine Gef\u00e4hrdung des Stra\u00dfenverkehrs nach \u00a7 315c StGB gepr\u00fcft werden, wobei daf\u00fcr eine konkrete Gef\u00e4hrdung von Menschen oder bedeutenden fremden Sachwerten nachgewiesen werden m\u00fcsste. Unabh\u00e4ngig von einer m\u00f6glichen Strafe kann zudem die Fahrerlaubnisbeh\u00f6rde pr\u00fcfen, ob gesundheitliche Zweifel an der Fahreignung bestehen und beispielsweise ein \u00e4rztliches Gutachten verlangen.<\/p>\n<p>Fazit<\/p>\n","protected":false},"excerpt":{"rendered":"Im Bereich des Vonovia Ruhrstadions geriet die Autofahrerin am Montag (24.8.2026) gegen 10:30 Uhr von der Castroper Stra\u00dfe&hellip;\n","protected":false},"author":2,"featured_media":1260668,"comment_status":"","ping_status":"","sticky":false,"template":"","format":"standard","meta":{"footnotes":"","_share_on_mastodon":"0"},"categories":[1839],"tags":[260662,20997,187619,260661,7507,260660,260659,3364,29,202318,985,30,1209,14498,9286,39966,601,51401],"class_list":["post-1260667","post","type-post","status-publish","format-standard","has-post-thumbnail","category-bochum","tag--315c-stgb","tag-bogestra","tag-ams-aktuelles","tag-aygo","tag-bochum","tag-bochumer-hauptbahnhof","tag-castroper-strasse","tag-de","tag-deutschland","tag-fahrerlaubnisbehoerde","tag-feuerwehr","tag-germany","tag-nordrhein-westfalen","tag-politik-wirtschaft","tag-schienenersatzverkehr","tag-toyota","tag-verkehr","tag-vonovia-ruhrstadion"],"share_on_mastodon":{"url":"https:\/\/pubeurope.com\/@de\/117158912165733732","error":""},"_links":{"self":[{"href":"https:\/\/www.europesays.com\/de\/wp-json\/wp\/v2\/posts\/1260667","targetHints":{"allow":["GET"]}}],"collection":[{"href":"https:\/\/www.europesays.com\/de\/wp-json\/wp\/v2\/posts"}],"about":[{"href":"https:\/\/www.europesays.com\/de\/wp-json\/wp\/v2\/types\/post"}],"author":[{"embeddable":true,"href":"https:\/\/www.europesays.com\/de\/wp-json\/wp\/v2\/users\/2"}],"replies":[{"embeddable":true,"href":"https:\/\/www.europesays.com\/de\/wp-json\/wp\/v2\/comments?post=1260667"}],"version-history":[{"count":0,"href":"https:\/\/www.europesays.com\/de\/wp-json\/wp\/v2\/posts\/1260667\/revisions"}],"wp:featuredmedia":[{"embeddable":true,"href":"https:\/\/www.europesays.com\/de\/wp-json\/wp\/v2\/media\/1260668"}],"wp:attachment":[{"href":"https:\/\/www.europesays.com\/de\/wp-json\/wp\/v2\/media?parent=1260667"}],"wp:term":[{"taxonomy":"category","embeddable":true,"href":"https:\/\/www.europesays.com\/de\/wp-json\/wp\/v2\/categories?post=1260667"},{"taxonomy":"post_tag","embeddable":true,"href":"https:\/\/www.europesays.com\/de\/wp-json\/wp\/v2\/tags?post=1260667"}],"curies":[{"name":"wp","href":"https:\/\/api.w.org\/{rel}","templated":true}]}}