{"id":1260703,"date":"2026-08-26T00:33:21","date_gmt":"2026-08-26T00:33:21","guid":{"rendered":"https:\/\/www.europesays.com\/de\/1260703\/"},"modified":"2026-08-26T00:33:21","modified_gmt":"2026-08-26T00:33:21","slug":"demo-gegen-einsparungen-dresdner-buendnis-ruft-zu-protest-gegen-sozialkuerzungen-auf-news","status":"publish","type":"post","link":"https:\/\/www.europesays.com\/de\/1260703\/","title":{"rendered":"Demo gegen Einsparungen: Dresdner B\u00fcndnis ruft zu Protest gegen Sozialk\u00fcrzungen auf &#8211; News"},"content":{"rendered":"<p>&#8222;Jetzt drohen so viele K\u00fcrzungen auf allen Ebenen, dass wir gesagt haben, wir m\u00fcssen wieder aktiv werden&#8220;, sagte Hollasky. Die bereits beschlossenen \u00c4nderungen bei der gesetzlichen Krankenkasse seien f\u00fcr das B\u00fcndnis ein Zeichen gewesen. &#8222;Es muss wirklich massiven Widerstand geben, sonst wird die Regierung das alles einfach zack, zack, zack beschlie\u00dfen&#8220;, bef\u00fcrchtete die Sozialarbeiterin.<\/p>\n","protected":false},"excerpt":{"rendered":"&#8222;Jetzt drohen so viele K\u00fcrzungen auf allen Ebenen, dass wir gesagt haben, wir m\u00fcssen wieder aktiv werden&#8220;, sagte&hellip;\n","protected":false},"author":2,"featured_media":1260704,"comment_status":"","ping_status":"","sticky":false,"template":"","format":"standard","meta":{"footnotes":"","_share_on_mastodon":"0"},"categories":[1835],"tags":[3364,507,29,2386,30,859,1458],"class_list":["post-1260703","post","type-post","status-publish","format-standard","has-post-thumbnail","category-dresden","tag-de","tag-demonstration","tag-deutschland","tag-dresden","tag-germany","tag-sachsen","tag-soziales"],"share_on_mastodon":{"url":"https:\/\/pubeurope.com\/@de\/117159002570745735","error":""},"_links":{"self":[{"href":"https:\/\/www.europesays.com\/de\/wp-json\/wp\/v2\/posts\/1260703","targetHints":{"allow":["GET"]}}],"collection":[{"href":"https:\/\/www.europesays.com\/de\/wp-json\/wp\/v2\/posts"}],"about":[{"href":"https:\/\/www.europesays.com\/de\/wp-json\/wp\/v2\/types\/post"}],"author":[{"embeddable":true,"href":"https:\/\/www.europesays.com\/de\/wp-json\/wp\/v2\/users\/2"}],"replies":[{"embeddable":true,"href":"https:\/\/www.europesays.com\/de\/wp-json\/wp\/v2\/comments?post=1260703"}],"version-history":[{"count":0,"href":"https:\/\/www.europesays.com\/de\/wp-json\/wp\/v2\/posts\/1260703\/revisions"}],"wp:featuredmedia":[{"embeddable":true,"href":"https:\/\/www.europesays.com\/de\/wp-json\/wp\/v2\/media\/1260704"}],"wp:attachment":[{"href":"https:\/\/www.europesays.com\/de\/wp-json\/wp\/v2\/media?parent=1260703"}],"wp:term":[{"taxonomy":"category","embeddable":true,"href":"https:\/\/www.europesays.com\/de\/wp-json\/wp\/v2\/categories?post=1260703"},{"taxonomy":"post_tag","embeddable":true,"href":"https:\/\/www.europesays.com\/de\/wp-json\/wp\/v2\/tags?post=1260703"}],"curies":[{"name":"wp","href":"https:\/\/api.w.org\/{rel}","templated":true}]}}