{"id":1260773,"date":"2026-08-26T01:17:29","date_gmt":"2026-08-26T01:17:29","guid":{"rendered":"https:\/\/www.europesays.com\/de\/1260773\/"},"modified":"2026-08-26T01:17:29","modified_gmt":"2026-08-26T01:17:29","slug":"mutmasslicher-brandanschlag-moeglicher-anschlag-auf-drohnenfabrik-in-slowakei-verhindert","status":"publish","type":"post","link":"https:\/\/www.europesays.com\/de\/1260773\/","title":{"rendered":"Mutma\u00dflicher Brandanschlag: M\u00f6glicher Anschlag auf Drohnenfabrik in Slowakei verhindert"},"content":{"rendered":"<p class=\"paragraph article__item\">Die <a class=\"rtr-entity\" href=\"https:\/\/www.zeit.de\/thema\/polizei\" rel=\"nofollow noopener\" target=\"_blank\">Polizei<\/a> in der <a href=\"https:\/\/www.zeit.de\/thema\/slowakei\" target=\"_blank\" rel=\"nofollow noopener\">Slowakei<\/a> hat nach eigenen Angaben einen m\u00f6glichen Brandanschlag auf eine Drohnenfabrik verhindert. Ziel sei ein Produktionswerk f\u00fcr unbemannte Flugobjekte im Osten des EU- und Nato-Mitgliedstaats gewesen, teilten die Beh\u00f6rden bei Facebook mit. Zu den Hintergr\u00fcnden war zun\u00e4chst nichts bekannt. Unklar war auch, ob in dem Werk Drohnen f\u00fcr die <a href=\"https:\/\/www.zeit.de\/thema\/krieg-in-ukraine\" target=\"_blank\" rel=\"nofollow noopener\">von Russland angegriffene Ukraine<\/a> gefertigt werden.\n<\/p>\n<p class=\"paragraph article__item\">Zwei Beschuldigte seien in der <a class=\"rtr-entity\" href=\"https:\/\/www.zeit.de\/thema\/slowakei\" rel=\"nofollow noopener\" target=\"_blank\">Slowakei<\/a> festgenommen worden, ein dritter auf der Grundlage eines europ\u00e4ischen Haftbefehls in Deutschland, hie\u00df es. Ihnen drohe eine Anklage wegen Gef\u00e4hrdung der Allgemeinheit. Diese Straftat begeht, wer eine Gefahr f\u00fcr Leib oder Leben einer gr\u00f6\u00dferen Zahl von Menschen oder f\u00fcr fremdes Eigentum in gro\u00dfem Ausma\u00df herbeif\u00fchrt. Die drei Beschuldigten sollen im Auftrag von Dritten gehandelt haben. N\u00e4here Angaben dazu machten die Beh\u00f6rden zun\u00e4chst nicht.\n<\/p>\n<p>            Brands\u00e4tze und handschriftlicher Plan sichergestellt            <\/p>\n<p class=\"paragraph article__item\">Bei Razzien stellten die Ermittler demnach eine gr\u00f6\u00dfere Menge an Brandmischung, Werkzeuge, Mobiltelefone sowie einen handschriftlich ausgearbeiteten Plan sicher. Nach ersten Erkenntnissen habe es sich bei der Brandmasse um improvisiertes Napalm, einer Mischung aus Benzin und Verdickungsmittel, gehandelt.\n<\/p>\n<p class=\"paragraph article__item\">\u00bbFalls es zu dem Angriff gekommen w\u00e4re, h\u00e4tten<br \/>\nein umfangreicher Brand, eine Gef\u00e4hrdung von Leben und Gesundheit (der<br \/>\nArbeiter) sowie Sachsch\u00e4den von gro\u00dfem Umfang gedroht\u00ab, teilten die<br \/>\nErmittler mit. In dem Werk seien rund 70 Personen besch\u00e4ftigt. Der Wert<br \/>\nder Produktionsanlage belaufe sich auf Dutzende Millionen Euro.\n<\/p>\n<p class=\"paragraph article__item\">Die Ermittlungen f\u00fchrte die Sondereinheit f\u00fcr den Kampf gegen die <a href=\"https:\/\/www.zeit.de\/thema\/organisierte-kriminalitaet\" target=\"_blank\" rel=\"nofollow noopener\">organisierte Kriminalit\u00e4t<\/a> (UBOK)<br \/>\nauf der Grundlage von Hinweisen des slowakischen Nachrichtendienstes SIS<br \/>\n und des Milit\u00e4rgeheimdienstes.<\/p>\n<p>Drohnen<\/p>\n<p>                <a href=\"https:\/\/www.zeit.de\/2026\/35\/drohnenangriff-flughafen-leipzig-halle-russland-bundesregierung\" data-ct-label=\"Drohnenangriff bei Leipzig \u2022 Z+ Empfehlung: M\u00fcssen wir Russland wirklich f\u00fcrchten?\" data-uuid=\"663c31d8-735d-4c52-9e62-b1e62a6b33a7\" rel=\"nofollow noopener\" target=\"_blank\"><\/p>\n<p>        Z+ (abopflichtiger Inhalt);<\/p>\n<p>    Drohnenangriff bei Leipzig \u2022 Z+ Empfehlung:<br \/>\n                        M\u00fcssen wir Russland wirklich f\u00fcrchten?<\/p>\n<p>                <\/a><\/p>\n<p>                <a href=\"https:\/\/www.zeit.de\/politik\/deutschland\/2026-08\/drohne-leipzig-flughafen-sprengstoff-kameraaufnahmen\" data-ct-label=\"Drohne am Leipziger Flughafen: Das war keine Warnung, das war ein Angriff \" data-uuid=\"f317b7ba-c7c3-4ccb-a1be-76f75614a0d8\" rel=\"nofollow noopener\" target=\"_blank\"><\/p>\n<p>        Z+ (abopflichtiger Inhalt);<\/p>\n<p>    Drohne am Leipziger Flughafen:<br \/>\n                        Das war keine Warnung, das war ein Angriff <\/p>\n<p>                <\/a><\/p>\n<p>                <a href=\"https:\/\/www.zeit.de\/politik\/deutschland\/2026-08\/bedrohung-drohnen-sicherheitspolitik-kritische-infrastruktur-schleswig-holstein\" data-ct-label=\"Bedrohung durch Drohnen: Drohnen? \u00bbDie fliegen immer hier lang\u00ab\" data-uuid=\"23dd5ded-f4e4-488e-bdba-f565aa43cff3\" rel=\"nofollow noopener\" target=\"_blank\"><\/p>\n<p>        Z+ (abopflichtiger Inhalt);<\/p>\n<p>    Bedrohung durch Drohnen:<br \/>\n                        Drohnen? \u00bbDie fliegen immer hier lang\u00ab<\/p>\n<p>                <\/a><\/p>\n","protected":false},"excerpt":{"rendered":"Die Polizei in der Slowakei hat nach eigenen Angaben einen m\u00f6glichen Brandanschlag auf eine Drohnenfabrik verhindert. Ziel sei&hellip;\n","protected":false},"author":2,"featured_media":1260774,"comment_status":"","ping_status":"","sticky":false,"template":"","format":"standard","meta":{"footnotes":"","_share_on_mastodon":"0"},"categories":[2],"tags":[12941,29,1478,158,10074,30,13,108946,14,15,16,121,12,7376,10,8,9,11],"class_list":["post-1260773","post","type-post","status-publish","format-standard","has-post-thumbnail","category-deutschland","tag-brandanschlag","tag-deutschland","tag-drohne","tag-europaeische-union","tag-flugzeug","tag-germany","tag-headlines","tag-mutmasslicher-brandanschlag","tag-nachrichten","tag-news","tag-politik","tag-polizei","tag-schlagzeilen","tag-slowakei","tag-top-news","tag-top-meldungen","tag-topmeldungen","tag-topnews"],"share_on_mastodon":{"url":"https:\/\/pubeurope.com\/@de\/117159175595969115","error":""},"_links":{"self":[{"href":"https:\/\/www.europesays.com\/de\/wp-json\/wp\/v2\/posts\/1260773","targetHints":{"allow":["GET"]}}],"collection":[{"href":"https:\/\/www.europesays.com\/de\/wp-json\/wp\/v2\/posts"}],"about":[{"href":"https:\/\/www.europesays.com\/de\/wp-json\/wp\/v2\/types\/post"}],"author":[{"embeddable":true,"href":"https:\/\/www.europesays.com\/de\/wp-json\/wp\/v2\/users\/2"}],"replies":[{"embeddable":true,"href":"https:\/\/www.europesays.com\/de\/wp-json\/wp\/v2\/comments?post=1260773"}],"version-history":[{"count":0,"href":"https:\/\/www.europesays.com\/de\/wp-json\/wp\/v2\/posts\/1260773\/revisions"}],"wp:featuredmedia":[{"embeddable":true,"href":"https:\/\/www.europesays.com\/de\/wp-json\/wp\/v2\/media\/1260774"}],"wp:attachment":[{"href":"https:\/\/www.europesays.com\/de\/wp-json\/wp\/v2\/media?parent=1260773"}],"wp:term":[{"taxonomy":"category","embeddable":true,"href":"https:\/\/www.europesays.com\/de\/wp-json\/wp\/v2\/categories?post=1260773"},{"taxonomy":"post_tag","embeddable":true,"href":"https:\/\/www.europesays.com\/de\/wp-json\/wp\/v2\/tags?post=1260773"}],"curies":[{"name":"wp","href":"https:\/\/api.w.org\/{rel}","templated":true}]}}