{"id":1260792,"date":"2026-08-26T01:31:17","date_gmt":"2026-08-26T01:31:17","guid":{"rendered":"https:\/\/www.europesays.com\/de\/1260792\/"},"modified":"2026-08-26T01:31:17","modified_gmt":"2026-08-26T01:31:17","slug":"die-alzheimer-gesellschaft-rheinland-pfalz-laedt-zum-welt-alzheimertag-mit-einer-informationsveranstaltung-im-krankenhaus-zum-guten-hirten-ein","status":"publish","type":"post","link":"https:\/\/www.europesays.com\/de\/1260792\/","title":{"rendered":"Die Alzheimer Gesellschaft Rheinland-Pfalz l\u00e4dt zum Welt-Alzheimertag mit einer Informationsveranstaltung im Krankenhaus Zum Guten Hirten ein."},"content":{"rendered":"<p>Ludwigshafen\/Metropolregion Rhein-Neckar \u2013 Gemeinsam laden wir zu einem vielf\u00e4ltigen Vortragsprogramm unter dem Motto \u201eDemenz (k)eine Frage des Alters\u201c ein.<\/p>\n<p>Rund 1,8 Millionen Menschen sind in Deutschland von einer Demenzerkrankung betroffen.<br \/>Auch wenn eine Heilung bislang nicht m\u00f6glich ist, k\u00f6nnen medizinische Behandlung, Beratung, soziale Betreuung und fachkundige Pflege einen wichtigen Beitrag zur Unterst\u00fctzung von Betroffenen und ihren Angeh\u00f6rigen leisten.<\/p>\n<p>Zusammen mit der Alzheimer Gesellschaft Rheinland-Pfalz informiert das Krankenhaus zum Guten Hirten zum Welt-Alzheimertag.<\/p>\n<p>\ud83d\udccd Veranstaltungsort:<\/p>\n<p>Krankenhaus Zum Guten Hirten, Aula<br \/>Semmelwei\u00dfstr. 7<br \/>67071 Lu-Oggersheim<\/p>\n<p>\ud83d\udcc6 Veranstaltungstermin:<\/p>\n<p>Samstag, 26.09.2026 | 10:00 \u2013 14:00 Uhr<\/p>\n<p>\ud83d\udce3 Vortr\u00e4ge:<br \/>Gru\u00dfwort: Prof. Dr. Georg Adler Vorstandsvorsitzender Alzheimer Ges. RLP \/ Fr. Dr. Glathe Chef\u00e4rztin Psychiatrie Krankenhaus Zum Guten Hirten<br \/>Neue Antik\u00f6rper zur Behandlung der Alzheimer Erkrankung \u2013 Erste Erfahrungen aus der Praxis \/ Alzheimer Ges. RLP: Prof. Dr. Georg Adler<br \/>Diagnose Demenz \u2013 was nun \u2013 Hilfsangebote der Alzheimer Ges. RLP \/ Monika Bechtel Alzheimer Gesellschaft RLP<\/p>\n<p>Imbiss zum Gedankenaustausch<br \/>Therapie und Behandlungsm\u00f6glichkeiten bei Demenz \/ Fr. Dr. Weis Chef\u00e4rztin Geriatrie und innere Medizin Krankenhaus Zum Guten Hirten<br \/>Ged\u00e4chtnisambulanz \u2013 was verbirgt sich dahinter \u2013 Fr. Dr. Glathe Chef\u00e4rztin Psychiatrie Krankenhaus Zum Guten Hirten<br \/>Zeit f\u00fcr Gespr\u00e4che<\/p>\n<p>Neben den Fachvortr\u00e4gen haben Besucher*innen die Gelegenheit, sich an verschiedenen Infost\u00e4nden zu informieren und in den Austausch zu treten.<br \/>Ein gemeinsamer Imbiss rundet die Veranstaltung ab.<\/p>\n<p>Die Teilnahme ist kostenlos, eine Anmeldung ist nicht erforderlich.<\/p>\n<p>Der Veranstaltungsort ist barrierefrei und mit \u00f6ffentlichen Verkehrsmitteln zu erreichen oder Parkhausnutzung der BG-Unfallklinik<\/p>\n<p>Quelle: Alzheimer Gesellschaft Rheinland-Pfalz e.V.<\/p>\n<p class=\"post-modified-info\">Zuletzt aktualisiert am 25. August 2026, 20:53<\/p>\n","protected":false},"excerpt":{"rendered":"Ludwigshafen\/Metropolregion Rhein-Neckar \u2013 Gemeinsam laden wir zu einem vielf\u00e4ltigen Vortragsprogramm unter dem Motto \u201eDemenz (k)eine Frage des Alters\u201c&hellip;\n","protected":false},"author":2,"featured_media":609818,"comment_status":"","ping_status":"","sticky":false,"template":"","format":"standard","meta":{"footnotes":"","_share_on_mastodon":"0"},"categories":[1845],"tags":[11214,1634,15252,3364,29,318,548,663,3934,30,13,21204,3263,25476,2096,9834,25488,25489,14,14480,15,27789,16935,9221,5206,28951,2802,1756,12,4205,1250,3699,103],"class_list":["post-1260792","post","type-post","status-publish","format-standard","has-post-thumbnail","category-mannheim","tag-11214","tag-baden-wuerttemberg","tag-beratung","tag-de","tag-deutschland","tag-erkrankung","tag-eu","tag-europa","tag-europe","tag-germany","tag-headlines","tag-heilung","tag-krankenhaus","tag-ludwigshafen","tag-mannheim","tag-menschen","tag-metropolregion","tag-metropolregion-rhein-neckar","tag-nachrichten","tag-neckar","tag-news","tag-oggersheim","tag-pfalz","tag-pflege","tag-rhein","tag-rhein-neckar","tag-rheinland","tag-rheinland-pfalz","tag-schlagzeilen","tag-therapie","tag-unterstuetzung","tag-veranstaltung","tag-welt"],"share_on_mastodon":{"url":"","error":"Validation failed: Text character limit of 500 exceeded"},"_links":{"self":[{"href":"https:\/\/www.europesays.com\/de\/wp-json\/wp\/v2\/posts\/1260792","targetHints":{"allow":["GET"]}}],"collection":[{"href":"https:\/\/www.europesays.com\/de\/wp-json\/wp\/v2\/posts"}],"about":[{"href":"https:\/\/www.europesays.com\/de\/wp-json\/wp\/v2\/types\/post"}],"author":[{"embeddable":true,"href":"https:\/\/www.europesays.com\/de\/wp-json\/wp\/v2\/users\/2"}],"replies":[{"embeddable":true,"href":"https:\/\/www.europesays.com\/de\/wp-json\/wp\/v2\/comments?post=1260792"}],"version-history":[{"count":0,"href":"https:\/\/www.europesays.com\/de\/wp-json\/wp\/v2\/posts\/1260792\/revisions"}],"wp:featuredmedia":[{"embeddable":true,"href":"https:\/\/www.europesays.com\/de\/wp-json\/wp\/v2\/media\/609818"}],"wp:attachment":[{"href":"https:\/\/www.europesays.com\/de\/wp-json\/wp\/v2\/media?parent=1260792"}],"wp:term":[{"taxonomy":"category","embeddable":true,"href":"https:\/\/www.europesays.com\/de\/wp-json\/wp\/v2\/categories?post=1260792"},{"taxonomy":"post_tag","embeddable":true,"href":"https:\/\/www.europesays.com\/de\/wp-json\/wp\/v2\/tags?post=1260792"}],"curies":[{"name":"wp","href":"https:\/\/api.w.org\/{rel}","templated":true}]}}