{"id":1260809,"date":"2026-08-26T01:47:45","date_gmt":"2026-08-26T01:47:45","guid":{"rendered":"https:\/\/www.europesays.com\/de\/1260809\/"},"modified":"2026-08-26T01:47:45","modified_gmt":"2026-08-26T01:47:45","slug":"63-jaehrige-faehrt-einen-kilometer-weit-in-bochumer-u-bahn-tunnel","status":"publish","type":"post","link":"https:\/\/www.europesays.com\/de\/1260809\/","title":{"rendered":"63-J\u00e4hrige f\u00e4hrt einen Kilometer weit in Bochumer U-Bahn-Tunnel"},"content":{"rendered":"<p>Eine 63-J\u00e4hrige verliert in Bochum nach einem internistischen Notfall die Orientierung &#8211; und f\u00e4hrt mit ihrem Auto in einen U-Bahn-Tunnel. Erst nach ungef\u00e4hr einem Kilometer endet die Fahrt.<\/p>\n<p>Bochum (dpa) &#8211; Eine 63-j\u00e4hrige Frau ist mit ihrem Auto in Bochum in einen U-Bahn-Tunnel gefahren &#8211; und hat dort rund einen Kilometer zur\u00fcckgelegt. Das teilte die Bochumer Feuerwehr mit. Nach ersten Erkenntnissen sei die aufgrund eines internistischen Notfalls orientierungslose Autofahrerin am Vormittag \u00fcber die oberirdisch gef\u00fchrten Stra\u00dfenbahnschienen beim Vonovia Ruhrstadion in den unterirdischen Tunnel geraten, sagte ein Sprecher der Feuerwehr.<\/p>\n<p class=\"contextmenu caption\">Auto aus Tunnel gezogen<\/p>\n<p>In dem Tunnel habe die 63-J\u00e4hrige mit ihrem Wagen mehrere hundert Meter zur\u00fcckgelegt &#8211; und dabei auch die Haltestelle \u201ePlanetarium\u201c passiert. Erst nach ungef\u00e4hr einem Kilometer sei der Wagen zum Stillstand gekommen, hie\u00df es weiter. Auf der Fahrt seien ihr keine Bahnen begegnet. <\/p>\n<p>Nachdem die Einsatzkr\u00e4fte demnach die Position des Autos lokalisiert hatten, retteten sie die noch immer orientierungslose Frau aus dem Tunnel und brachten sie ins Krankenhaus. Sie habe w\u00e4hrend der Fahrt keine Verletzungen erlitten, so der Feuerwehrsprecher. Ihren Wagen zog die Feuerwehr nach eigenen Angaben gemeinsam mit Mitarbeitern der Bochum-Gelsenkirchener Stra\u00dfenbahnen AG (Bogestra) auf einem speziellen Rollwagen aus dem Tunnel heraus. <\/p>\n<p>Nach ungef\u00e4hr viereinhalb Stunden sei der Einsatz beendet gewesen. Die Bahnstrecke zwischen dem Ruhrstadion und dem Hauptbahnhof blieb laut Mitteilung f\u00fcr die Zeit der Ma\u00dfnahmen vollst\u00e4ndig gesperrt. <\/p>\n<p>Texte und Fotos von die-glocke.de sind urheberrechtlich gesch\u00fctzt.<br \/>\n            Weiterverwendung nur mit Genehmigung der Chefredaktion.<\/p>\n","protected":false},"excerpt":{"rendered":"Eine 63-J\u00e4hrige verliert in Bochum nach einem internistischen Notfall die Orientierung &#8211; und f\u00e4hrt mit ihrem Auto in&hellip;\n","protected":false},"author":2,"featured_media":1260810,"comment_status":"","ping_status":"","sticky":false,"template":"","format":"standard","meta":{"footnotes":"","_share_on_mastodon":"0"},"categories":[1839],"tags":[7507,3364,29,985,30,1209,4338,121,4733,2788],"class_list":["post-1260809","post","type-post","status-publish","format-standard","has-post-thumbnail","category-bochum","tag-bochum","tag-de","tag-deutschland","tag-feuerwehr","tag-germany","tag-nordrhein-westfalen","tag-notfall","tag-polizei","tag-tunnel","tag-u-bahn"],"share_on_mastodon":{"url":"https:\/\/pubeurope.com\/@de\/117159293482303717","error":""},"_links":{"self":[{"href":"https:\/\/www.europesays.com\/de\/wp-json\/wp\/v2\/posts\/1260809","targetHints":{"allow":["GET"]}}],"collection":[{"href":"https:\/\/www.europesays.com\/de\/wp-json\/wp\/v2\/posts"}],"about":[{"href":"https:\/\/www.europesays.com\/de\/wp-json\/wp\/v2\/types\/post"}],"author":[{"embeddable":true,"href":"https:\/\/www.europesays.com\/de\/wp-json\/wp\/v2\/users\/2"}],"replies":[{"embeddable":true,"href":"https:\/\/www.europesays.com\/de\/wp-json\/wp\/v2\/comments?post=1260809"}],"version-history":[{"count":0,"href":"https:\/\/www.europesays.com\/de\/wp-json\/wp\/v2\/posts\/1260809\/revisions"}],"wp:featuredmedia":[{"embeddable":true,"href":"https:\/\/www.europesays.com\/de\/wp-json\/wp\/v2\/media\/1260810"}],"wp:attachment":[{"href":"https:\/\/www.europesays.com\/de\/wp-json\/wp\/v2\/media?parent=1260809"}],"wp:term":[{"taxonomy":"category","embeddable":true,"href":"https:\/\/www.europesays.com\/de\/wp-json\/wp\/v2\/categories?post=1260809"},{"taxonomy":"post_tag","embeddable":true,"href":"https:\/\/www.europesays.com\/de\/wp-json\/wp\/v2\/tags?post=1260809"}],"curies":[{"name":"wp","href":"https:\/\/api.w.org\/{rel}","templated":true}]}}