{"id":1260888,"date":"2026-08-26T02:41:48","date_gmt":"2026-08-26T02:41:48","guid":{"rendered":"https:\/\/www.europesays.com\/de\/1260888\/"},"modified":"2026-08-26T02:41:48","modified_gmt":"2026-08-26T02:41:48","slug":"berlin-nach-csd-anschlag-linke-gegen-schnelle-gesetzesaenderungen","status":"publish","type":"post","link":"https:\/\/www.europesays.com\/de\/1260888\/","title":{"rendered":"Berlin | Nach CSD-Anschlag: Linke gegen schnelle Gesetzes\u00e4nderungen"},"content":{"rendered":"<p>Berlin (dpa) &#8211; Die Linke lehnt schnelle Gesetzesversch\u00e4rfungen nach dem islamistischen Terroranschlag am Rande des Christopher Street Days (CSD) in Berlin ab. Bevor man dar\u00fcber diskutiere, m\u00fcsse man pr\u00fcfen, warum im Fall des sp\u00e4teren Attent\u00e4ters Abdul B. die vorhandenen rechtlichen M\u00f6glichkeiten nicht ausgesch\u00f6pft worden seien, sagte die stellvertretende Fraktionsvorsitzende Clara B\u00fcnger im ZDF-\u00abMorgenmagazin\u00bb.\u00a0<\/p>\n<p>So h\u00e4tte das Jugendstrafrecht auch in diesem Fall die M\u00f6glichkeit er\u00f6ffnet, einen Haftbefehl zu erlassen. Vor allem aber stelle sich die Frage, warum ein Islamist, den die Beh\u00f6rden als Hochrisikofall eingestuft h\u00e4tten, nicht engmaschiger \u00fcberwacht worden sei \u2013 und ob Informationen des Gemeinsamen Terrorabwehrzentrums (GTAZ) nicht ordentlich an das Gericht \u00fcbermittelt worden seien.\u00a0<\/p>\n<p>Der sp\u00e4tere Attent\u00e4ter war im Januar 2026 von der Polizei als Gef\u00e4hrder eingestuft worden, daraufhin hatte sich auch das GTAZ, in dem Polizeibeh\u00f6rden und Geheimdienste zusammenarbeiten, mit ihm befasst. Dem Berliner Verfassungsschutz war Abdul B. schon seit November 2021 bekannt. Er war zu einer noch nicht rechtskr\u00e4ftigen Jugendstrafe verurteilt, aber auf freiem Fu\u00df.<\/p>\n<p>Am 25. Juli hatte der 21-J\u00e4hrige am Rande des CSD in Berlin mit einem Auto mehrere Menschen angefahren und weitere vermutlich mit einer Machete attackiert. Eine Frau starb, 31 Menschen wurden verletzt. Der Islamist wurde einen Tag sp\u00e4ter von Polizisten erschossen, als er sie nach Angaben der Ermittlungsbeh\u00f6rden angriff.\u00a0<\/p>\n<p>Heute Sondersitzung des Innenausschusses<\/p>\n<p>Der Innenausschuss des Bundestages ber\u00e4t heute in einer Sondersitzung \u00fcber den Anschlag und den Umgang mit Abdul B.. Bundesinnenminister Alexander Dobrindt (CSU) soll die Abgeordneten \u00fcber den Stand der Ermittlungen informieren. Unionsfraktionschef Thorsten Frei (CDU) hat bereits deutlich gemacht, dass er als Konsequenz aus dem Anschlag mit z\u00fcgigen Gesetzesversch\u00e4rfungen rechnet.<\/p>\n","protected":false},"excerpt":{"rendered":"Berlin (dpa) &#8211; Die Linke lehnt schnelle Gesetzesversch\u00e4rfungen nach dem islamistischen Terroranschlag am Rande des Christopher Street Days&hellip;\n","protected":false},"author":2,"featured_media":1260889,"comment_status":"","ping_status":"","sticky":false,"template":"","format":"standard","meta":{"footnotes":"","_share_on_mastodon":"0"},"categories":[1825],"tags":[1941,1939,296,1937,1180,29,1549,30,14936,1584,1940,1938,2544],"class_list":["post-1260888","post","type-post","status-publish","format-standard","has-post-thumbnail","category-berlin","tag-aktuelle-nachrichten-aus-berlin","tag-aktuelle-news-aus-berlin","tag-berlin","tag-berlin-news","tag-bundestag","tag-deutschland","tag-extremismus","tag-germany","tag-innere-sicherheit","tag-kriminalitaet","tag-nachrichten-aus-berlin","tag-news-aus-berlin","tag-terrorismus"],"share_on_mastodon":{"url":"https:\/\/pubeurope.com\/@de\/117159505804391601","error":""},"_links":{"self":[{"href":"https:\/\/www.europesays.com\/de\/wp-json\/wp\/v2\/posts\/1260888","targetHints":{"allow":["GET"]}}],"collection":[{"href":"https:\/\/www.europesays.com\/de\/wp-json\/wp\/v2\/posts"}],"about":[{"href":"https:\/\/www.europesays.com\/de\/wp-json\/wp\/v2\/types\/post"}],"author":[{"embeddable":true,"href":"https:\/\/www.europesays.com\/de\/wp-json\/wp\/v2\/users\/2"}],"replies":[{"embeddable":true,"href":"https:\/\/www.europesays.com\/de\/wp-json\/wp\/v2\/comments?post=1260888"}],"version-history":[{"count":0,"href":"https:\/\/www.europesays.com\/de\/wp-json\/wp\/v2\/posts\/1260888\/revisions"}],"wp:featuredmedia":[{"embeddable":true,"href":"https:\/\/www.europesays.com\/de\/wp-json\/wp\/v2\/media\/1260889"}],"wp:attachment":[{"href":"https:\/\/www.europesays.com\/de\/wp-json\/wp\/v2\/media?parent=1260888"}],"wp:term":[{"taxonomy":"category","embeddable":true,"href":"https:\/\/www.europesays.com\/de\/wp-json\/wp\/v2\/categories?post=1260888"},{"taxonomy":"post_tag","embeddable":true,"href":"https:\/\/www.europesays.com\/de\/wp-json\/wp\/v2\/tags?post=1260888"}],"curies":[{"name":"wp","href":"https:\/\/api.w.org\/{rel}","templated":true}]}}