{"id":1260890,"date":"2026-08-26T02:43:17","date_gmt":"2026-08-26T02:43:17","guid":{"rendered":"https:\/\/www.europesays.com\/de\/1260890\/"},"modified":"2026-08-26T02:43:17","modified_gmt":"2026-08-26T02:43:17","slug":"capybara-glitzer-und-squishy-toys-was-in-die-schultuete-packen-fuenf-trends-bei-erstklaesslern-in-berlin","status":"publish","type":"post","link":"https:\/\/www.europesays.com\/de\/1260890\/","title":{"rendered":"Capybara, Glitzer und Squishy Toys: Was in die Schult\u00fcte packen? F\u00fcnf Trends bei Erstkl\u00e4sslern in Berlin"},"content":{"rendered":"<p class=\"tspCJpg tspCJph\">Ob niedliche Tiermotive auf Stiften, lustige Knet- und Anti-Stress-Spielzeuge oder mit Glitzersteinen verzierte Accessoires \u2013 <strong>der Schulstart 2026<\/strong> wird bunt, nostalgisch und vom Sammelreiz gepr\u00e4gt.<\/p>\n<p>W\u00e4hrend Capybaras die Schreibwarenregale erobern, feiern Diddl und Pok\u00e9mon ein Comeback. Das begeistert nicht nur Kinder, sondern l\u00e4sst auch ihre Eltern in Erinnerungen schwelgen. Der Tagesspiegel hat sich in Spielwarenl\u00e4den nach den Trends rund um die Einschulung umgeh\u00f6rt. Ein \u00dcberblick \u00fcber <strong>Geschenkideen zum Schulstart.<\/strong><\/p>\n","protected":false},"excerpt":{"rendered":"Ob niedliche Tiermotive auf Stiften, lustige Knet- und Anti-Stress-Spielzeuge oder mit Glitzersteinen verzierte Accessoires \u2013 der Schulstart 2026&hellip;\n","protected":false},"author":2,"featured_media":1260891,"comment_status":"","ping_status":"","sticky":false,"template":"","format":"standard","meta":{"footnotes":"","_share_on_mastodon":"0"},"categories":[1825],"tags":[296,29,30,4850,1886],"class_list":["post-1260890","post","type-post","status-publish","format-standard","has-post-thumbnail","category-berlin","tag-berlin","tag-deutschland","tag-germany","tag-lehrer","tag-tiere"],"share_on_mastodon":{"url":"https:\/\/pubeurope.com\/@de\/117159513804647692","error":""},"_links":{"self":[{"href":"https:\/\/www.europesays.com\/de\/wp-json\/wp\/v2\/posts\/1260890","targetHints":{"allow":["GET"]}}],"collection":[{"href":"https:\/\/www.europesays.com\/de\/wp-json\/wp\/v2\/posts"}],"about":[{"href":"https:\/\/www.europesays.com\/de\/wp-json\/wp\/v2\/types\/post"}],"author":[{"embeddable":true,"href":"https:\/\/www.europesays.com\/de\/wp-json\/wp\/v2\/users\/2"}],"replies":[{"embeddable":true,"href":"https:\/\/www.europesays.com\/de\/wp-json\/wp\/v2\/comments?post=1260890"}],"version-history":[{"count":0,"href":"https:\/\/www.europesays.com\/de\/wp-json\/wp\/v2\/posts\/1260890\/revisions"}],"wp:featuredmedia":[{"embeddable":true,"href":"https:\/\/www.europesays.com\/de\/wp-json\/wp\/v2\/media\/1260891"}],"wp:attachment":[{"href":"https:\/\/www.europesays.com\/de\/wp-json\/wp\/v2\/media?parent=1260890"}],"wp:term":[{"taxonomy":"category","embeddable":true,"href":"https:\/\/www.europesays.com\/de\/wp-json\/wp\/v2\/categories?post=1260890"},{"taxonomy":"post_tag","embeddable":true,"href":"https:\/\/www.europesays.com\/de\/wp-json\/wp\/v2\/tags?post=1260890"}],"curies":[{"name":"wp","href":"https:\/\/api.w.org\/{rel}","templated":true}]}}