{"id":1260925,"date":"2026-08-26T03:12:50","date_gmt":"2026-08-26T03:12:50","guid":{"rendered":"https:\/\/www.europesays.com\/de\/1260925\/"},"modified":"2026-08-26T03:12:50","modified_gmt":"2026-08-26T03:12:50","slug":"schleswig-holstein-aktuell-nachrichten-im-ueberblick-333","status":"publish","type":"post","link":"https:\/\/www.europesays.com\/de\/1260925\/","title":{"rendered":"Schleswig-Holstein aktuell: Nachrichten im \u00dcberblick"},"content":{"rendered":"<p>        <img decoding=\"async\" src=\"https:\/\/www.europesays.com\/de\/wp-content\/uploads\/2026\/03\/nachrichtenkompakt126.webp.webp\" alt=\"Grafik: Eine Sprechblase, in der die Kontur des Landes Schleswig-Holstein abgebildet ist.\" title=\"Grafik: Eine Sprechblase, in der die Kontur des Landes Schleswig-Holstein abgebildet ist. | NDR\" class=\"responsive\"\/><\/p>\n<p>AUDIO: Nachrichten 18:00 Uhr &#8211; 25.08.2026 (4 Min)<\/p>\n<p>\n                Stand: 25.08.2026 21:22 Uhr<\/p>\n<p class=\"preface\">Nachrichten aus Schleswig-Holstein vom 25. August 2026 &#8211; kompakt und aktuell im Newsblog von NDR SH: Lesen Sie hier im \u00dcberblick, was im Land passiert und noch wichtig wird.<\/p>\n<p>\n        25.08.2026 18:33 Uhr\n    <\/p>\n<p>    Festakt zum 80. Geburtstag des Landes<\/p>\n<p class=\"\">In Molfsee haben am Dienstagabend die offiziellen Feierlichkeiten der Landesregierung zum 80. Geburtstag Schleswig-Holsteins begonnen. Nach Angaben der Staatskanzlei wurden 400 G\u00e4ste im Freilichtmuseum erwartet. Bereits am vergangenen Wochenende hatte es landesweit verschiedene Aktionen zum Jubil\u00e4um gegeben &#8211; zum Beispiel ein B\u00fcrgerfest in Nortorf im Kreis Rendsburg-Eckernf\u00f6rde. Au\u00dferdem hatten die Landesmuseen kostenlos ge\u00f6ffnet. | NDR Schleswig-Holstein 25.08.2026 18:00 Uhr<\/p>\n<p>        <img decoding=\"async\" src=\"https:\/\/www.europesays.com\/de\/wp-content\/uploads\/2026\/08\/festakt-molfsee-100.webp\" alt=\"Ministerpr\u00e4sident Daniel G\u00fcnther (r, CDU) britische Botschafter Andrew Mitchell schneiden beim Festakt zu 80 Jahre Schleswig-Holstein im Freilichtmuseum Molfsee eine Torte an.\" title=\"Ministerpr\u00e4sident Daniel G\u00fcnther (r, CDU) britische Botschafter Andrew Mitchell schneiden beim Festakt zu 80 Jahre Schleswig-Holstein im Freilichtmuseum Molfsee eine Torte an. | NDR, Uwe Jahn\" class=\"responsive\" loading=\"lazy\"\/><\/p>\n<p>Zum Jubil\u00e4um des Landes hatte Ministerpr\u00e4sident Daniel G\u00fcnther ins Freilichtmuseum Molfsee eingeladen. Es kamen rund 400 G\u00e4ste.<\/p>\n<p>\n        25.08.2026 18:29 Uhr\n    <\/p>\n<p>    Kita-Eltern schreiben offenen Brief<\/p>\n<p class=\"\">Wegen h\u00e4ufiger Betreuungsausf\u00e4lle hat die Landeselternvertretung der Kitas in einem offenen Brief Sozialministerin Aminata Tour\u00e9 (Gr\u00fcne) zum Handeln aufgefordert. Die Elternvertreter haben einen konkreten Drei-Punkte-Plan vorgelegt: Sie fordern weniger Dokumentationsaufgaben f\u00fcr Erzieher, au\u00dferdem sollen Mittel aus dem Sonderverm\u00f6gen f\u00fcr Alltagshelfer in den Kitas eingsetzt werden. Tour\u00e9 zeigte Verst\u00e4ndnis, viele der Forderungen teile sie und habe sie im neuen Kita-Gesetz schon umgesetzt. | NDR Schleswig-Holstein 25.08.2026 17:00 Uhr<\/p>\n<p>        <img decoding=\"async\" src=\"https:\/\/www.europesays.com\/de\/wp-content\/uploads\/2026\/03\/podcastlogo104.webp.webp\" alt=\"Ein Mikrofon vor zwei Menschen.\" title=\"Ein Mikrofon vor zwei Menschen. | NDR, Janis R\u00f6hlig\" class=\"responsive\" loading=\"lazy\"\/><\/p>\n<p>Alles, was f\u00fcr Schleswig-Holstein wichtig ist: Im Nachrichten-Podcast von NDR 1 Welle Nord h\u00f6ren Sie das Neueste aus Schleswig-Holstein, Deutschland und der Welt.<\/p>\n<p>        <img decoding=\"async\" src=\"https:\/\/www.europesays.com\/de\/wp-content\/uploads\/2026\/08\/kita-564.webp\" alt=\"Ein Kleinkind, das einen Haifischrucksack und ein gestreiftes Hemd tr\u00e4gt\" title=\"Ein Kleinkind, das einen Haifischrucksack und ein gestreiftes Hemd tr\u00e4gt | picture alliance \/ imageBROKER\" class=\"responsive\" loading=\"lazy\"\/><\/p>\n<p>Die Landeselternvertretung hat daf\u00fcr einen Drei-Punkte Plan vorgelegt. Ministerin Tour\u00e9 sagt, die meisten Forderungen seien im neuen Kita-Gesetz schon umgesetzt.<\/p>\n<p>\n        25.08.2026 17:08 Uhr\n    <\/p>\n<p>    Kritik an Friedrich Merz aus Schleswig-Holstein wird lauter<\/p>\n<p class=\"\">Nach Umweltminister Tobias Goldschmidt (Gr\u00fcne) \u00fcbt nun auch Gr\u00fcnen-Franktionschef Lasse Petersdotter Kritik an Friedrich Merz. Der Bundeskanzler habe vielfach in dieser Legislatur gezeigt, dass er nicht geeignet sei als Kanzler. Ein fr\u00fcherer Wechsel k\u00f6nnte im Laufe der Legislatur erm\u00f6glichen, die Gesellschaft und die Koalition wieder zusammenzuf\u00fchren, sagte Petersdotter. | NDR Schleswig-Holstein 25.08.2026 17:00 Uhr<\/p>\n<p>\n        25.08.2026 15:12 Uhr\n    <\/p>\n<p>    Aktionsplan gegen Antisemitismus in SH<\/p>\n<p class=\"\">In Schleswig-Holstein werden Juden nach Angaben der Landesregierung zunehmend eingesch\u00fcchtert, angefeindet und bedroht, sowohl in sozialen Netzwerken als auch auf der Stra\u00dfe. Die Landesregierung hat deshalb gemeinsam mit den beiden j\u00fcdischen Landesverb\u00e4nden einen Landesaktionsplan um rund 30 Ma\u00dfnahmen erweitert. Unter anderem sollen Polizei, Justiz, Lehrkr\u00e4fte und Besch\u00e4ftigte der Landesverwaltung st\u00e4rker zum Thema Antisemitismus geschult werden. | NDR Schleswig-Holstein 25.08.2026 15:00 Uhr<\/p>\n<p>\n        25.08.2026 15:08 Uhr\n    <\/p>\n<p>    Sperrung der A215 nach Lkw-Unfall<\/p>\n<p class=\"\">Auf der A215 zwischen <a href=\"https:\/\/www.ndr.de\/nachrichten\/schleswig-holstein\/Kiel-Aktuelle-Nachrichten-News-und-Videos,kiel7262.html\" title=\"Kiel - Aktuelle Nachrichten und Videos\" rel=\"nofollow noopener\" target=\"_blank\">Kiel<\/a> und Bordesholm (<a href=\"https:\/\/www.ndr.de\/nachrichten\/schleswig-holstein\/Kreis-Rendsburg-Eckernfoerde-Aktuelle-Nachrichten-und-Videos,rendsburgeckernfoerde118.html\" title=\"Kreis Rendsburg-Eckernf\u00f6rde - Aktuelle Nachrichten und Videos\" rel=\"nofollow noopener\" target=\"_blank\">Kreis Rendsburg-Eckernf\u00f6rde<\/a>) ist nach Angaben der Polizei am Dienstagmittag ein <a href=\"https:\/\/www.ndr.de\/nachrichten\/schleswig-holstein\/kiel_neumuenster_ploen_rendsburg-eckernfoerde\/milchlaster-ueberschlaegt-sich-a215-bei-kiel-voll-gesperrt,umgekippterlkw-100.html\" title=\"Milchlaster \u00fcberschl\u00e4gt sich: A215 bei Kiel gesperrt\" rel=\"nofollow noopener\" target=\"_blank\">Milchlaster von der Fahrbahn abgekommen<\/a> und eine B\u00f6schung hinuntergest\u00fcrzt. Grund f\u00fcr den Unfall war nach derzeitigem Ermittlungsstand ein k\u00f6rperlicher Mangel des 34-j\u00e4hrigen Fahrers. Die A215 war in Fahrtrichtung S\u00fcden voll gesperrt, laut Polizei sollte die Sperrung bis etwa 20.00 Uhr dauern. Eine Umleitung ist eingerichtet. | NDR Schleswig-Holstein 25.08.2026 15:00 Uhr<\/p>\n<p>        <img decoding=\"async\" src=\"https:\/\/www.europesays.com\/de\/wp-content\/uploads\/2026\/08\/lkw-318.webp\" alt=\"Ein umgekippter Lkw auf einer Autobahn\" title=\"Ein umgekippter Lkw auf einer Autobahn | Daniel Friederichs\" class=\"responsive\" loading=\"lazy\"\/><\/p>\n<p>Zwischen Kiel-West und Bordesholm war die A215 auch noch um Mitternacht in Richtung Neum\u00fcnster gesperrt.<\/p>\n<p>        <img decoding=\"async\" src=\"https:\/\/www.europesays.com\/de\/wp-content\/uploads\/2026\/03\/podcastlogo104.webp.webp\" alt=\"Ein Mikrofon vor zwei Menschen.\" title=\"Ein Mikrofon vor zwei Menschen. | NDR, Janis R\u00f6hlig\" class=\"responsive\" loading=\"lazy\"\/><\/p>\n<p>Alles, was f\u00fcr Schleswig-Holstein wichtig ist: Im Nachrichten-Podcast von NDR 1 Welle Nord h\u00f6ren Sie das Neueste aus Schleswig-Holstein, Deutschland und der Welt.<\/p>\n<p>\n        25.08.2026 13:07 Uhr\n    <\/p>\n<p>    Schleswig-Holstein auf Platz eins im Campingplatz-Ranking<\/p>\n<p class=\"\"><a href=\"https:\/\/www.ndr.de\/nachrichten\/schleswig-holstein\/campingplaetze-in-sh-adac-ranking-sieht-norden-vorn,camping-296.html\" title=\"Campingpl\u00e4tze in SH: ADAC-Ranking sieht den Norden vorn\" rel=\"nofollow noopener\" target=\"_blank\">Schleswig-Holstein ist bei deutschen Campern beliebter als Bayern<\/a> und steht damit auf Platz eins des ADAC-Campingportals &#8222;PinCamp&#8220;. Zehn Campingpl\u00e4tze aus dem Land haben es unter die 100 meistgesuchten Pl\u00e4tze Europas geschafft, doppelt so viele wie 2025. Ganz vorne liegt der Camping- und Ferienpark Wulfener Hals auf Fehmarn (<a href=\"https:\/\/www.ndr.de\/nachrichten\/schleswig-holstein\/Ostholstein-Aktuelle-Nachrichten-und-Videos,ostholstein126.html\" title=\"Ostholstein - Aktuelle Nachrichten und Videos\" rel=\"nofollow noopener\" target=\"_blank\">Kreis Ostholstein<\/a>). 2025 gab es laut Statistikamt Nord knapp f\u00fcnfeinhalb Millionen Camping-\u00dcbernachtungen im Land &#8211; gut zwei Prozent mehr als im Vorjahr. | NDR Schleswig-Holstein 25.08.2026 13:00 Uhr<\/p>\n<p>        <img decoding=\"async\" src=\"https:\/\/www.europesays.com\/de\/wp-content\/uploads\/2026\/08\/camping-298.webp\" alt=\"Ein Paar sitzt vor einem Wohnmobil\" title=\"Ein Paar sitzt vor einem Wohnmobil | picture alliance \/ dpa Themendienst\" class=\"responsive\" loading=\"lazy\"\/><\/p>\n<p>Zehn Pl\u00e4tze aus Schleswig-Holstein geh\u00f6ren zu Europas meistgesuchten Campingpl\u00e4tzen im ADAC-Portal. Besonders beliebt: Ostholstein.<\/p>\n<p>        <img decoding=\"async\" src=\"https:\/\/www.europesays.com\/de\/wp-content\/uploads\/2026\/03\/podcastlogo104.webp.webp\" alt=\"Ein Mikrofon vor zwei Menschen.\" title=\"Ein Mikrofon vor zwei Menschen. | NDR, Janis R\u00f6hlig\" class=\"responsive\" loading=\"lazy\"\/><\/p>\n<p>Alles, was f\u00fcr Schleswig-Holstein wichtig ist: Im Nachrichten-Podcast von NDR 1 Welle Nord h\u00f6ren Sie das Neueste aus Schleswig-Holstein, Deutschland und der Welt.<\/p>\n<p>\n        25.08.2026 12:07 Uhr\n    <\/p>\n<p>    Gl\u00fcckstadt: T\u00f6dlicher Unfall am Bahn\u00fcbergang<\/p>\n<p class=\"\">Bei einem <a href=\"https:\/\/www.ndr.de\/nachrichten\/schleswig-holstein\/dithmarschen_steinburg\/toedlicher-bahn-unfall-in-glueckstadt-radfahrer-erfasst,regionheidenews-3564.html\" title=\"T\u00f6dlicher Bahn-Unfall in Gl\u00fcckstadt: Radfahrer erfasst\" rel=\"nofollow noopener\" target=\"_blank\">Unfall an einem Bahn\u00fcbergang in Gl\u00fcckstadt<\/a> (<a href=\"https:\/\/www.ndr.de\/nachrichten\/schleswig-holstein\/Steinburg-Aktuelle-Nachrichten-und-Videos,steinburg118.html\" title=\"Steinburg - Aktuelle Nachrichten und Videos\" rel=\"nofollow noopener\" target=\"_blank\">Kreis Steinburg<\/a>) ist am Dienstagmorgen ein Radfahrer ums Leben gekommen. Der 75-J\u00e4hrige war von einem Regionalexpress erfasst worden, weil er die geschlossenen Halbschranken umfahren hatte. Das teilte die Bundespolizei mit. Der Lokf\u00fchrer konnte den Zusammensto\u00df trotz Schnellbremsung nicht mehr verhindern. Die etwa 40 Fahrg\u00e4ste blieben unverletzt. Die Strecke zwischen Hamburg und Westerland (<a href=\"https:\/\/www.ndr.de\/nachrichten\/schleswig-holstein\/Sylt-Aktuelle-News-und-Videos-von-der-Insel,sylt1522.html\" title=\"Sylt - Nachrichten und Videos von der Nordsee-Insel\" rel=\"nofollow noopener\" target=\"_blank\">Sylt<\/a>) war f\u00fcr knapp drei Stunden gesperrt. | NDR Schleswig-Holstein 25.08.2026 12:00 Uhr<\/p>\n<p>        <img decoding=\"async\" src=\"https:\/\/www.europesays.com\/de\/wp-content\/uploads\/2026\/08\/bahnuebergang-142.webp\" alt=\"Eine Bahnschranke\" title=\"Eine Bahnschranke | picture alliance \/ Eibner-Pressefoto\/Ardan Fuessman\" class=\"responsive\" loading=\"lazy\"\/><\/p>\n<p>In Gl\u00fcckstadt ist ein 75-j\u00e4hriger Mann an einem Bahn\u00fcbergang von einem Zug erfasst und t\u00f6dlich verletzt worden.<\/p>\n<p>        <img decoding=\"async\" src=\"https:\/\/www.europesays.com\/de\/wp-content\/uploads\/2026\/03\/podcastlogo104.webp.webp\" alt=\"Ein Mikrofon vor zwei Menschen.\" title=\"Ein Mikrofon vor zwei Menschen. | NDR, Janis R\u00f6hlig\" class=\"responsive\" loading=\"lazy\"\/><\/p>\n<p>Alles, was f\u00fcr Schleswig-Holstein wichtig ist: Im Nachrichten-Podcast von NDR 1 Welle Nord h\u00f6ren Sie das Neueste aus Schleswig-Holstein, Deutschland und der Welt.<\/p>\n<p>\n        25.08.2026 08:11 Uhr\n    <\/p>\n<p>    Sylt: Kitesurf-Weltcup startet<\/p>\n<p class=\"\">In Westerland auf <a href=\"https:\/\/www.ndr.de\/nachrichten\/schleswig-holstein\/Sylt-Aktuelle-News-und-Videos-von-der-Insel,sylt1522.html\" title=\"Sylt - Nachrichten und Videos von der Nordsee-Insel\" rel=\"nofollow noopener\" target=\"_blank\">Sylt<\/a> ist am Dienstag der Kitesurf-Weltcup gestartet. Bis zum 30. August treten hier die besten Sportlerinnen und Sportler der Welt im Kitesurfen gegeneinander an. Mit dabei sind auch einige deutsche Kitesurfer, unter anderem der <a href=\"https:\/\/www.ndr.de\/nachrichten\/schleswig-holstein\/Luebeck-Aktuelle-Nachrichten-und-Videos-,luebeck2802.html\" title=\"L\u00fcbeck - Aktuelle Nachrichten und Videos\" rel=\"nofollow noopener\" target=\"_blank\">L\u00fcbecker<\/a> Alex Middeler. Die Veranstalter erwarten an den sechs Tagen zehntausende G\u00e4ste. | NDR Schleswig-Holstein 25.08.2026 08:00 Uhr<\/p>\n<p>        <img decoding=\"async\" src=\"https:\/\/www.europesays.com\/de\/wp-content\/uploads\/2026\/03\/podcastlogo104.webp.webp\" alt=\"Ein Mikrofon vor zwei Menschen.\" title=\"Ein Mikrofon vor zwei Menschen. | NDR, Janis R\u00f6hlig\" class=\"responsive\" loading=\"lazy\"\/><\/p>\n<p>Alles, was f\u00fcr Schleswig-Holstein wichtig ist: Im Nachrichten-Podcast von NDR 1 Welle Nord h\u00f6ren Sie das Neueste aus Schleswig-Holstein, Deutschland und der Welt.<\/p>\n<p>\n        25.08.2026 07:04 Uhr\n    <\/p>\n<p>    Stand der Stra\u00dfen-Gro\u00dfprojekte im Land: A1 nachts gesperrt, A21 bald fertig<\/p>\n<p class=\"\">Es gibt viele Baustellen auf Schleswig-Holsteins Stra\u00dfen. Zum Beispiel ist die A1 zwischen dem Kreuz Bargteheide und Bad Oldesloe (beide <a href=\"https:\/\/www.ndr.de\/nachrichten\/schleswig-holstein\/Stormarn-Aktuelle-Nachrichten-und-Videos,stormarn148.html\" title=\"Stormarn - Aktuelle Nachrichten und Videos\" rel=\"nofollow noopener\" target=\"_blank\">Kreis Stormarn<\/a>) Richtung Norden bis Samstag, jeweils zwischen 19 Uhr und 6 Uhr gesperrt. Der Bau der Rader Hochbr\u00fccke im <a href=\"https:\/\/www.ndr.de\/nachrichten\/schleswig-holstein\/Kreis-Rendsburg-Eckernfoerde-Aktuelle-Nachrichten-und-Videos,rendsburgeckernfoerde118.html\" title=\"Kreis Rendsburg-Eckernf\u00f6rde - Aktuelle Nachrichten und Videos\" rel=\"nofollow noopener\" target=\"_blank\">Kreis Rendsburg-Eckernf\u00f6rde<\/a> liegt aktuell im Zeitplan, wie auch der Ausbau der B207 zwischen Heiligenhafen und Puttgarden (beide <a href=\"https:\/\/www.ndr.de\/nachrichten\/schleswig-holstein\/Ostholstein-Aktuelle-Nachrichten-und-Videos,ostholstein126.html\" title=\"Ostholstein - Aktuelle Nachrichten und Videos\" rel=\"nofollow noopener\" target=\"_blank\">Kreis Ostholstein<\/a>). Die A21 zwischen Leezen (<a href=\"https:\/\/www.ndr.de\/nachrichten\/schleswig-holstein\/Kreis-Segeberg-Aktuelle-Nachrichten-und-Videos,segeberg224.html\" title=\"Kreis Segeberg - Aktuelle Nachrichten und Videos\" rel=\"nofollow noopener\" target=\"_blank\">Kreis Segeberg<\/a>) und Bad Oldesloe soll Ende 2026 fertig sein. | NDR Schleswig-Holstein 25.08.2026 07:00 Uhr<\/p>\n<p>        <img decoding=\"async\" src=\"https:\/\/www.europesays.com\/de\/wp-content\/uploads\/2026\/08\/schlagloch-148.webp\" alt=\"Ein Schlgloch auf der Autobahn, abgesperrt durch Pylonen.\" title=\"Ein Schlagloch auf der A1 zwischen dem Kreuz Bargteheide und der AS Bad Oldesloe | Polizeidirektion Ratzeburg\u00a0\u00a0\" class=\"responsive\" loading=\"lazy\"\/><\/p>\n<p>Ein kleineres Schlagloch wurde bereits am Sonntag geflickt. Die Betonfahrbahn &#8222;f\u00e4llt wie ein Kuchen auseinander&#8220;, sagt eine Sprecherin der Autobahn GmbH. <\/p>\n<p>        <img decoding=\"async\" src=\"https:\/\/www.europesays.com\/de\/wp-content\/uploads\/2026\/03\/podcastlogo104.webp.webp\" alt=\"Ein Mikrofon vor zwei Menschen.\" title=\"Ein Mikrofon vor zwei Menschen. | NDR, Janis R\u00f6hlig\" class=\"responsive\" loading=\"lazy\"\/><\/p>\n<p>Alles, was f\u00fcr Schleswig-Holstein wichtig ist: Im Nachrichten-Podcast von NDR 1 Welle Nord h\u00f6ren Sie das Neueste aus Schleswig-Holstein, Deutschland und der Welt.<\/p>\n<p>\n        25.08.2026 07:01 Uhr\n    <\/p>\n<p>    Busunfall in den Niederlanden: Die meisten Sch\u00fcler wieder zu Hause<\/p>\n<p class=\"\">Nach dem Unfall eines Reisebusses in den Niederlanden mit Oberstufensch\u00fclern aus der Gemeinschaftsschule Probstei in Sch\u00f6nberg (<a href=\"https:\/\/www.ndr.de\/nachrichten\/schleswig-holstein\/Kreis-Ploen-Aktuelle-Nachrichten-und-Videos,ploen198.html\" title=\"Kreis Pl\u00f6n - Aktuelle Nachrichten und Videos\" rel=\"nofollow noopener\" target=\"_blank\">Kreis Pl\u00f6n<\/a>) sind die meisten Teenager gestern Abend wieder zu Hause angekommen, hei\u00dft es von der Schulleitung. Demnach haben viele Eltern ihre Kinder selbst am Ungl\u00fccksort abgeholt. Es soll auch erste psychologische Hilfsangebote f\u00fcr die betroffenen Jugendlichen geben. | NDR Schleswig-Holstein 25.08.2026 07:00 Uhr<\/p>\n<p>        <img decoding=\"async\" src=\"https:\/\/www.europesays.com\/de\/wp-content\/uploads\/2026\/08\/bus-228.webp\" alt=\"Ein umgest\u00fcrzter Bus\" title=\"Ein umgest\u00fcrzter Bus | Jeroen Jumelet\/ANP\/dpa\" class=\"responsive\" loading=\"lazy\"\/><\/p>\n<p>Die Jugendlichen kommen von der Gemeinschaftsschule Probstei in Sch\u00f6nberg im Kreis Pl\u00f6n. Sie waren auf dem Weg nach Paris. <\/p>\n<p>        <img decoding=\"async\" src=\"https:\/\/www.europesays.com\/de\/wp-content\/uploads\/2026\/03\/podcastlogo104.webp.webp\" alt=\"Ein Mikrofon vor zwei Menschen.\" title=\"Ein Mikrofon vor zwei Menschen. | NDR, Janis R\u00f6hlig\" class=\"responsive\" loading=\"lazy\"\/><\/p>\n<p>Alles, was f\u00fcr Schleswig-Holstein wichtig ist: Im Nachrichten-Podcast von NDR 1 Welle Nord h\u00f6ren Sie das Neueste aus Schleswig-Holstein, Deutschland und der Welt.<\/p>\n<p>\n        25.08.2026 06:50 Uhr\n    <\/p>\n<p>    SH: Freizeit- und Erlebnisparks zufrieden<\/p>\n<p class=\"\">Freizeit- und Erlebnisparks in Schleswig-Holstein zeigen sich zufrieden mit der Sommersaison. Anders als der Bundesverband der Freizeitparks, der \u00fcber Einbu\u00dfen klagt, berichten sowohl die Karls Erlebnisd\u00f6rfer in Warnsdorf bei <a href=\"https:\/\/www.ndr.de\/nachrichten\/schleswig-holstein\/Luebeck-Aktuelle-Nachrichten-und-Videos-,luebeck2802.html\" title=\"L\u00fcbeck - Aktuelle Nachrichten und Videos\" rel=\"nofollow noopener\" target=\"_blank\">L\u00fcbeck<\/a> als auch der Hansa-Park in Sierksdorf (<a href=\"https:\/\/www.ndr.de\/nachrichten\/schleswig-holstein\/Ostholstein-Aktuelle-Nachrichten-und-Videos,ostholstein126.html\" title=\"Ostholstein - Aktuelle Nachrichten und Videos\" rel=\"nofollow noopener\" target=\"_blank\">Kreis Ostholstein<\/a>) von einer guten Zwischenbilanz. Vom Hansa-Park hie\u00df es, dass man von den weniger hei\u00dfen Temperaturen profitiere &#8211; und davon, dass es der einzige am Meer gelegene Familienpark ist. | NDR Schleswig-Holstein 25.08.2026 06:30 Uhr<\/p>\n<p>        <img decoding=\"async\" src=\"https:\/\/www.europesays.com\/de\/wp-content\/uploads\/2026\/03\/podcastlogo104.webp.webp\" alt=\"Ein Mikrofon vor zwei Menschen.\" title=\"Ein Mikrofon vor zwei Menschen. | NDR, Janis R\u00f6hlig\" class=\"responsive\" loading=\"lazy\"\/><\/p>\n<p>Alles, was f\u00fcr Schleswig-Holstein wichtig ist: Im Nachrichten-Podcast von NDR 1 Welle Nord h\u00f6ren Sie das Neueste aus Schleswig-Holstein, Deutschland und der Welt.<\/p>\n<p>\n        25.08.2026 06:25 Uhr\n    <\/p>\n<p>    Stadt Elmshorn: Gegen zwei Rathausmitarbeiter wird ermittelt<\/p>\n<p class=\"\">Die Stadt <a href=\"https:\/\/www.ndr.de\/nachrichten\/schleswig-holstein\/Elmshorn-Aktuelle-Nachrichten-und-Videos,elmshorn556.html\" title=\"Elmshorn: Aktuelle Nachrichten und Videos\" rel=\"nofollow noopener\" target=\"_blank\">Elmshorn<\/a> (<a href=\"https:\/\/www.ndr.de\/nachrichten\/schleswig-holstein\/Kreis-Pinneberg-Aktuelle-Nachrichten-und-Videos,pinneberg280.html\" title=\"Kreis Pinneberg - Aktuelle Nachrichten und Videos\" rel=\"nofollow noopener\" target=\"_blank\">Kreis Pinneberg<\/a>) hat gegen zwei ranghohe Mitarbeiter des Rathauses ein sogenanntes dienstrechtliches Verfahren eingeleitet. Das best\u00e4tigte Oberb\u00fcrgermeister Erik Sachse (parteilos). Die beiden Mitarbeiter sind freigestellt und haben ein Hausverbot f\u00fcr Verwaltungsgeb\u00e4ude erhalten. Der Grund: Die Staatsanwaltschaft Itzehoe (<a href=\"https:\/\/www.ndr.de\/nachrichten\/schleswig-holstein\/Steinburg-Aktuelle-Nachrichten-und-Videos,steinburg118.html\" title=\"Steinburg - Aktuelle Nachrichten und Videos\" rel=\"nofollow noopener\" target=\"_blank\">Kreis Steinburg<\/a>) ermittelt gegen einen der betroffenen Mitarbeiter. Er steht im Verdacht, die Stadt \u00fcber Jahre um Geld gebracht zu haben. | NDR Schleswig-Holstein 25.08.2026 06:00 Uhr<\/p>\n<p>        <img decoding=\"async\" src=\"https:\/\/www.europesays.com\/de\/wp-content\/uploads\/2026\/08\/rathaus-192.webp\" alt=\"Das denkmalgesch\u00fctzte Rathaus Elmshorn.\" title=\"Das denkmalgesch\u00fctzte Rathaus Elmshorn. | Stadt Elmshorn\" class=\"responsive\" loading=\"lazy\"\/><\/p>\n<p>Die Staatsanwaltschaft ermittelt wegen des Verdachts von Verm\u00f6gensdelikten. Jahrelang soll der Mann die Stadt um Geld gebracht haben. <\/p>\n<p>        <img decoding=\"async\" src=\"https:\/\/www.europesays.com\/de\/wp-content\/uploads\/2026\/03\/podcastlogo104.webp.webp\" alt=\"Ein Mikrofon vor zwei Menschen.\" title=\"Ein Mikrofon vor zwei Menschen. | NDR, Janis R\u00f6hlig\" class=\"responsive\" loading=\"lazy\"\/><\/p>\n<p>Alles, was f\u00fcr Schleswig-Holstein wichtig ist: Im Nachrichten-Podcast von NDR 1 Welle Nord h\u00f6ren Sie das Neueste aus Schleswig-Holstein, Deutschland und der Welt.<\/p>\n<p>\n        25.08.2026 05:50 Uhr\n    <\/p>\n<p>    Neum\u00fcnster: Feuerwehr rettet f\u00fcnf Menschen aus Mehrfamilienhaus<\/p>\n<p class=\"\">Ein Brand in einem Keller eines Mehrfamilienhauses in <a href=\"https:\/\/www.ndr.de\/nachrichten\/schleswig-holstein\/Neumuenster-Aktuelle-Nachrichten-und-Videos,neumuenster770.html\" title=\"Neum\u00fcnster - Aktuelle Nachrichten und Videos\" rel=\"nofollow noopener\" target=\"_blank\">Neum\u00fcnster<\/a> hat nach Angaben eines Feuerwehrsprechers viel Rauch verursacht. Drei Kinder und eine erwachsene Person wurden mit speziellen Schutzhauben aus dem Geb\u00e4ude geholt, au\u00dferdem wurde ein Baby \u00fcber eine Drehleiter gerettet. Niemand wurde verletzt. Der Einsatz war laut Sprecher nach drei Stunden beendet. | NDR Schleswig-Holstein 25.08.2026 05:30 Uhr<\/p>\n<p>        <img decoding=\"async\" src=\"https:\/\/www.europesays.com\/de\/wp-content\/uploads\/2026\/03\/podcastlogo104.webp.webp\" alt=\"Ein Mikrofon vor zwei Menschen.\" title=\"Ein Mikrofon vor zwei Menschen. | NDR, Janis R\u00f6hlig\" class=\"responsive\" loading=\"lazy\"\/><\/p>\n<p>Alles, was f\u00fcr Schleswig-Holstein wichtig ist: Im Nachrichten-Podcast von NDR 1 Welle Nord h\u00f6ren Sie das Neueste aus Schleswig-Holstein, Deutschland und der Welt.<\/p>\n<p>\n        25.08.2026 07:02 Uhr\n    <\/p>\n<p>    Das Wetter in Schleswig-Holstein: Sonnig und trocken<\/p>\n<p class=\"\">Am Dienstagabend wird es heiter bis sonnig und es bleibt trocken. Die Temperaturen liegen bei 20 Grad in Maasholm (<a href=\"https:\/\/www.ndr.de\/nachrichten\/schleswig-holstein\/Kreis-Schleswig-Flensburg-Aktuelle-Nachrichten-und-Videos,schleswigflensburg118.html\" title=\"Kreis Schleswig-Flensburg - Aktuelle Nachrichten und Videos\" rel=\"nofollow noopener\" target=\"_blank\">Kreis Schleswig-Flensburg<\/a>) bis 23 Grad in <a href=\"https:\/\/www.ndr.de\/nachrichten\/schleswig-holstein\/Pinneberg-Aktuelle-Nachrichten-und-Videos,pinneberg326.html\" title=\"Pinneberg: Aktuelle Nachrichten und Videos\" rel=\"nofollow noopener\" target=\"_blank\">Pinneberg<\/a>. Es weht ein schwacher bis m\u00e4\u00dfiger Wind aus Osten. In der Nacht bleibt es klar und trocken, nur vereinzelt ziehen Wolken vorbei. Die Tiefstwerte liegen bei 16 Grad auf Fehmarn (<a href=\"https:\/\/www.ndr.de\/nachrichten\/schleswig-holstein\/Ostholstein-Aktuelle-Nachrichten-und-Videos,ostholstein126.html\" title=\"Ostholstein - Aktuelle Nachrichten und Videos\" rel=\"nofollow noopener\" target=\"_blank\">Kreis Ostholstein<\/a>) bis 11 Grad in <a href=\"https:\/\/www.ndr.de\/nachrichten\/schleswig-holstein\/Luebeck-Aktuelle-Nachrichten-und-Videos-,luebeck2802.html\" title=\"L\u00fcbeck - Aktuelle Nachrichten und Videos\" rel=\"nofollow noopener\" target=\"_blank\">L\u00fcbeck<\/a>. | NDR Schleswig-Holstein 25.08.2026 15:30 Uhr<\/p>\n<p>        <img decoding=\"async\" src=\"https:\/\/www.europesays.com\/de\/wp-content\/uploads\/2026\/08\/wetter-6896.webp\" alt=\"NDR Schleswig-Holstein Moderatorin Doreen Pelz mit der Wettervorhersage.\" title=\"NDR Schleswig-Holstein Moderatorin Doreen Pelz mit der Wettervorhersage. | NDR\" class=\"responsive\" loading=\"lazy\"\/><\/p>\n<p>NDR Schleswig-Holstein Moderatorin Doreen Pelz mit den Aussichten f\u00fcr den 25. August und die kommenden Tage.<\/p>\n","protected":false},"excerpt":{"rendered":"AUDIO: Nachrichten 18:00 Uhr &#8211; 25.08.2026 (4 Min) Stand: 25.08.2026 21:22 Uhr Nachrichten aus Schleswig-Holstein vom 25. August&hellip;\n","protected":false},"author":2,"featured_media":898760,"comment_status":"","ping_status":"","sticky":false,"template":"","format":"standard","meta":{"footnotes":"","_share_on_mastodon":"0"},"categories":[1852],"tags":[590,3364,29,548,663,3934,30,13,4949,17462,14,15,12,1971,17461,1973],"class_list":["post-1260925","post","type-post","status-publish","format-standard","has-post-thumbnail","category-kiel","tag-aktuell","tag-de","tag-deutschland","tag-eu","tag-europa","tag-europe","tag-germany","tag-headlines","tag-kiel","tag-kompakt","tag-nachrichten","tag-news","tag-schlagzeilen","tag-schleswig-holstein","tag-ueberblick","tag-wetter"],"share_on_mastodon":{"url":"https:\/\/pubeurope.com\/@de\/117159635879570045","error":""},"_links":{"self":[{"href":"https:\/\/www.europesays.com\/de\/wp-json\/wp\/v2\/posts\/1260925","targetHints":{"allow":["GET"]}}],"collection":[{"href":"https:\/\/www.europesays.com\/de\/wp-json\/wp\/v2\/posts"}],"about":[{"href":"https:\/\/www.europesays.com\/de\/wp-json\/wp\/v2\/types\/post"}],"author":[{"embeddable":true,"href":"https:\/\/www.europesays.com\/de\/wp-json\/wp\/v2\/users\/2"}],"replies":[{"embeddable":true,"href":"https:\/\/www.europesays.com\/de\/wp-json\/wp\/v2\/comments?post=1260925"}],"version-history":[{"count":0,"href":"https:\/\/www.europesays.com\/de\/wp-json\/wp\/v2\/posts\/1260925\/revisions"}],"wp:featuredmedia":[{"embeddable":true,"href":"https:\/\/www.europesays.com\/de\/wp-json\/wp\/v2\/media\/898760"}],"wp:attachment":[{"href":"https:\/\/www.europesays.com\/de\/wp-json\/wp\/v2\/media?parent=1260925"}],"wp:term":[{"taxonomy":"category","embeddable":true,"href":"https:\/\/www.europesays.com\/de\/wp-json\/wp\/v2\/categories?post=1260925"},{"taxonomy":"post_tag","embeddable":true,"href":"https:\/\/www.europesays.com\/de\/wp-json\/wp\/v2\/tags?post=1260925"}],"curies":[{"name":"wp","href":"https:\/\/api.w.org\/{rel}","templated":true}]}}