{"id":1261068,"date":"2026-08-26T05:01:24","date_gmt":"2026-08-26T05:01:24","guid":{"rendered":"https:\/\/www.europesays.com\/de\/1261068\/"},"modified":"2026-08-26T05:01:24","modified_gmt":"2026-08-26T05:01:24","slug":"milchlaster-ueberschlaegt-sich-lange-sperrung-der-a215-bei-kiel","status":"publish","type":"post","link":"https:\/\/www.europesays.com\/de\/1261068\/","title":{"rendered":"Milchlaster \u00fcberschl\u00e4gt sich: Lange Sperrung der A215 bei Kiel"},"content":{"rendered":"<p>        <img decoding=\"async\" src=\"https:\/\/www.europesays.com\/de\/wp-content\/uploads\/2026\/08\/lkw-318.webp\" alt=\"Ein umgekippter Lkw auf einer Autobahn\" title=\"Ein umgekippter Lkw auf einer Autobahn | Daniel Friederichs\" class=\"responsive\"\/><\/p>\n<p>AUDIO: Nachrichten 06:00 Uhr &#8211; 26.08.2026 (4 Min)<\/p>\n<p>\n                Stand: 26.08.2026 06:07 Uhr<\/p>\n<p class=\"preface\">Ein verungl\u00fcckter Milch-Laster hat gestern f\u00fcr eine zw\u00f6lfst\u00fcndige Sperrung auf der A215 zwischen Kiel-West und Bordesholm gesorgt. Der Lkw lag quer \u00fcber einer Leitplanke, die Bergungsarbeiten gestalteten sich laut Polizei schwierig.<\/p>\n<p class=\"\">Seit Dienstagmittag lag der Milchlaster auf der A215 bei Mielkendorf (<a href=\"https:\/\/www.ndr.de\/nachrichten\/schleswig-holstein\/Kreis-Rendsburg-Eckernfoerde-Aktuelle-Nachrichten-und-Videos,rendsburgeckernfoerde118.html\" title=\"Kreis Rendsburg-Eckernf\u00f6rde - Aktuelle Nachrichten und Videos\" rel=\"nofollow noopener\" target=\"_blank\">Kreis Rendsburg-Eckernf\u00f6rde<\/a>) verdreht und quer \u00fcber einer Leitplanke. Der Lkw hatte sich vorher \u00fcberschlagen, wie die Polizei mitteilte.<\/p>\n<p class=\"\">Der Autobahnabschnitt zwischen <a href=\"https:\/\/www.ndr.de\/nachrichten\/schleswig-holstein\/Kiel-Aktuelle-Nachrichten-News-und-Videos,kiel7262.html\" title=\"Kiel - Aktuelle Nachrichten und Videos\" rel=\"nofollow noopener\" target=\"_blank\">Kiel<\/a> und Bordesholm musste in Richtung Neum\u00fcnster gesperrt werden. Erst um 00.30 Uhr in der Nacht konnte die Fahrbahn wieder freigegeben werden.<\/p>\n<p>    Autobahn f\u00fcr zw\u00f6lf Stunden gesperrt<\/p>\n<p class=\"\">Zun\u00e4chst rechnete die Polizei mit einem Ende der Sperrung am Dienstagabend, doch die Bergungsarbeiten gestalteten sich schwierig. Das Fahrerh\u00e4uschen befand sich auf dem rechten Fahrstreifen und der Sammeltank des Lkw hinter der Leitplanke im Graben. Am fr\u00fchen Abend wurde die Milch aus dem Laster abgepumpt, um ihn besser aufrichten und bergen zu k\u00f6nnen.<\/p>\n<p class=\"\">Das Abschleppen selbst verz\u00f6gerte sich dann, weil laut Leitstelle die Bremse des Lkw festsa\u00df und erst gel\u00f6st werden musste. Au\u00dferdem musste die Stra\u00dfenmeisterei den Angaben zufolge Schilder ersetzen, die besch\u00e4digt worden waren.<\/p>\n<p>    A215-Unfall: Br\u00fccke besch\u00e4digt<\/p>\n<p class=\"\">Auch die Br\u00fccke \u00fcber die Eider wurde leicht besch\u00e4digt. Experten hatten die Statik aber bereits am Dienstag untersucht &#8211; laut Polizei ist diese nicht gef\u00e4hrdet.<\/p>\n<p>    Lkw-Fahrer erlitt medizinischen Notfall<\/p>\n<p class=\"\">Der 34-j\u00e4hrige Fahrer des Milchlasters wurde bei dem Unfall leicht verletzt. Er kam in ein Krankenhaus. Nach jetzigem Stand der Ermittlungen war &#8222;ein medizinischer Notfall&#8220; des Lkw-Fahrers Ursache f\u00fcr den Unfall. Andere Fahrzeuge waren vermutlich nicht an dem Unfall beteiligt.<\/p>\n<p>        <img decoding=\"async\" src=\"https:\/\/www.europesays.com\/de\/wp-content\/uploads\/2026\/08\/bus-228.webp\" alt=\"Ein umgest\u00fcrzter Bus\" title=\"Ein umgest\u00fcrzter Bus | Jeroen Jumelet\/ANP\/dpa\" class=\"responsive\" loading=\"lazy\"\/><\/p>\n<p>Die Jugendlichen kommen von der Gemeinschaftsschule Probstei in Sch\u00f6nberg im Kreis Pl\u00f6n. Sie waren auf dem Weg nach Paris. <\/p>\n<p>        <img decoding=\"async\" src=\"https:\/\/www.europesays.com\/de\/wp-content\/uploads\/2026\/08\/bahnuebergang-142.webp\" alt=\"Eine Bahnschranke\" title=\"Eine Bahnschranke | picture alliance \/ Eibner-Pressefoto\/Ardan Fuessman\" class=\"responsive\" loading=\"lazy\"\/><\/p>\n<p>In Gl\u00fcckstadt ist ein 75-j\u00e4hriger Mann an einem Bahn\u00fcbergang von einem Zug erfasst und t\u00f6dlich verletzt worden.<\/p>\n<p>        <img decoding=\"async\" src=\"https:\/\/www.europesays.com\/de\/wp-content\/uploads\/2026\/04\/stau1656.webp.webp\" alt=\"Stau auf der Autobahn 1 in Schleswig-Holstein Richtung Hamburg.\" title=\"Stau auf der Autobahn 1 in Schleswig-Holstein Richtung Hamburg. | dpa - picture alliance, Markus Scholz\" class=\"responsive\" loading=\"lazy\"\/><\/p>\n<p>Staus, Baustellen, Gefahren-Hinweise: Aktuelle Meldungen zum Verkehr f\u00fcr Hamburg, Niedersachsen, Schleswig-Holstein und Mecklenburg-Vorpommern.<\/p>\n","protected":false},"excerpt":{"rendered":"AUDIO: Nachrichten 06:00 Uhr &#8211; 26.08.2026 (4 Min) Stand: 26.08.2026 06:07 Uhr Ein verungl\u00fcckter Milch-Laster hat gestern f\u00fcr&hellip;\n","protected":false},"author":2,"featured_media":1260351,"comment_status":"","ping_status":"","sticky":false,"template":"","format":"standard","meta":{"footnotes":"","_share_on_mastodon":"0"},"categories":[1852],"tags":[104483,26919,5543,249175,3364,29,548,663,3934,30,13,4949,12158,1962,260563,14,15,121,12,1971,2224],"class_list":["post-1261068","post","type-post","status-publish","format-standard","has-post-thumbnail","category-kiel","tag-a210","tag-a215","tag-autobahn","tag-bordesholm","tag-de","tag-deutschland","tag-eu","tag-europa","tag-europe","tag-germany","tag-headlines","tag-kiel","tag-kreis-rendsburg-eckernfoerde","tag-lkw","tag-milchlaster","tag-nachrichten","tag-news","tag-polizei","tag-schlagzeilen","tag-schleswig-holstein","tag-sperrung"],"share_on_mastodon":{"url":"https:\/\/pubeurope.com\/@de\/117160056870153772","error":""},"_links":{"self":[{"href":"https:\/\/www.europesays.com\/de\/wp-json\/wp\/v2\/posts\/1261068","targetHints":{"allow":["GET"]}}],"collection":[{"href":"https:\/\/www.europesays.com\/de\/wp-json\/wp\/v2\/posts"}],"about":[{"href":"https:\/\/www.europesays.com\/de\/wp-json\/wp\/v2\/types\/post"}],"author":[{"embeddable":true,"href":"https:\/\/www.europesays.com\/de\/wp-json\/wp\/v2\/users\/2"}],"replies":[{"embeddable":true,"href":"https:\/\/www.europesays.com\/de\/wp-json\/wp\/v2\/comments?post=1261068"}],"version-history":[{"count":0,"href":"https:\/\/www.europesays.com\/de\/wp-json\/wp\/v2\/posts\/1261068\/revisions"}],"wp:featuredmedia":[{"embeddable":true,"href":"https:\/\/www.europesays.com\/de\/wp-json\/wp\/v2\/media\/1260351"}],"wp:attachment":[{"href":"https:\/\/www.europesays.com\/de\/wp-json\/wp\/v2\/media?parent=1261068"}],"wp:term":[{"taxonomy":"category","embeddable":true,"href":"https:\/\/www.europesays.com\/de\/wp-json\/wp\/v2\/categories?post=1261068"},{"taxonomy":"post_tag","embeddable":true,"href":"https:\/\/www.europesays.com\/de\/wp-json\/wp\/v2\/tags?post=1261068"}],"curies":[{"name":"wp","href":"https:\/\/api.w.org\/{rel}","templated":true}]}}