{"id":1261090,"date":"2026-08-26T05:16:12","date_gmt":"2026-08-26T05:16:12","guid":{"rendered":"https:\/\/www.europesays.com\/de\/1261090\/"},"modified":"2026-08-26T05:16:12","modified_gmt":"2026-08-26T05:16:12","slug":"owl-kreis-herford-jeder-zweite-azubi-fuehlt-sich-ueberlastet","status":"publish","type":"post","link":"https:\/\/www.europesays.com\/de\/1261090\/","title":{"rendered":"OWL\/Kreis Herford: Jeder zweite Azubi f\u00fchlt sich \u00fcberlastet"},"content":{"rendered":"<p>Die Azubis in Ostwestfalen-Lippe sind so unzufrieden wie noch nie. Der Deutsche Gewerkschaftsbund bei uns spricht von einem historischen Tiefstand. Laut DGB-Ausbildungsreport f\u00fchlt sich jeder Zweite psychisch belastet, fast zwei Drittel der Azubis k\u00f6nnen von ihrer Ausbildungsverg\u00fctung nicht selbst\u00e4ndig leben.\u00a0<\/p>\n<p>Gewerkschaft fordert h\u00f6here Ausbildungsverg\u00fctung<\/p>\n<p>Die Gewerkschaft fordert deswegen die Arbeitgeber auf, die Bedingungen konsequent zu verbessern. Es k\u00f6nne nicht sein, dass junge Menschen, die voll arbeiten, noch auf ihre Eltern angewiesen sind. Der DGB macht sich deswegen insbesondere f\u00fcr eine Anhebung der Mindestausbildungsverg\u00fctung und verpflichtende Fortbildungen zu mentaler Gesundheit stark.\u00a0<\/p>\n<p>Au\u00dferdem m\u00fcssten die Azubiwohnheime mit sozialp\u00e4dagogischer Begleitung ausgebaut werden.<\/p>\n","protected":false},"excerpt":{"rendered":"Die Azubis in Ostwestfalen-Lippe sind so unzufrieden wie noch nie. Der Deutsche Gewerkschaftsbund bei uns spricht von einem&hellip;\n","protected":false},"author":2,"featured_media":1261091,"comment_status":"","ping_status":"","sticky":false,"template":"","format":"standard","meta":{"footnotes":"","_share_on_mastodon":"0"},"categories":[1841],"tags":[30837,1605,3364,29,30,1209,22058,154555],"class_list":["post-1261090","post","type-post","status-publish","format-standard","has-post-thumbnail","category-bielefeld","tag-azubis","tag-bielefeld","tag-de","tag-deutschland","tag-germany","tag-nordrhein-westfalen","tag-ostwestfalen-lippe","tag-unzufrieden"],"share_on_mastodon":{"url":"https:\/\/pubeurope.com\/@de\/117160115414859922","error":""},"_links":{"self":[{"href":"https:\/\/www.europesays.com\/de\/wp-json\/wp\/v2\/posts\/1261090","targetHints":{"allow":["GET"]}}],"collection":[{"href":"https:\/\/www.europesays.com\/de\/wp-json\/wp\/v2\/posts"}],"about":[{"href":"https:\/\/www.europesays.com\/de\/wp-json\/wp\/v2\/types\/post"}],"author":[{"embeddable":true,"href":"https:\/\/www.europesays.com\/de\/wp-json\/wp\/v2\/users\/2"}],"replies":[{"embeddable":true,"href":"https:\/\/www.europesays.com\/de\/wp-json\/wp\/v2\/comments?post=1261090"}],"version-history":[{"count":0,"href":"https:\/\/www.europesays.com\/de\/wp-json\/wp\/v2\/posts\/1261090\/revisions"}],"wp:featuredmedia":[{"embeddable":true,"href":"https:\/\/www.europesays.com\/de\/wp-json\/wp\/v2\/media\/1261091"}],"wp:attachment":[{"href":"https:\/\/www.europesays.com\/de\/wp-json\/wp\/v2\/media?parent=1261090"}],"wp:term":[{"taxonomy":"category","embeddable":true,"href":"https:\/\/www.europesays.com\/de\/wp-json\/wp\/v2\/categories?post=1261090"},{"taxonomy":"post_tag","embeddable":true,"href":"https:\/\/www.europesays.com\/de\/wp-json\/wp\/v2\/tags?post=1261090"}],"curies":[{"name":"wp","href":"https:\/\/api.w.org\/{rel}","templated":true}]}}