{"id":1261130,"date":"2026-08-26T05:46:13","date_gmt":"2026-08-26T05:46:13","guid":{"rendered":"https:\/\/www.europesays.com\/de\/1261130\/"},"modified":"2026-08-26T05:46:13","modified_gmt":"2026-08-26T05:46:13","slug":"comedy-premiere-in-hannover-masud-mit-playlist","status":"publish","type":"post","link":"https:\/\/www.europesays.com\/de\/1261130\/","title":{"rendered":"Comedy-Premiere in Hannover &#8211; Masud mit &#8222;Playlist&#8220;"},"content":{"rendered":"<p>Masud Akbarzadeh hat alles gesehen, alles gesagt \u2013 und ist noch lange nicht fertig. Mit \u201ePlaylist\u201c bringt er eine rohe, ungesch\u00f6nte Live-Show auf die B\u00fchne. Neues Material trifft auf legend\u00e4re Bits aus seinen fr\u00fcheren Programmen: \u201eFame\u201c, \u201eFucking Famous\u201c und Zeug von davor \u2013 alles kommt nochmal raus, aber anders. Ehrlicher. H\u00e4rter. Lustiger.<\/p>\n<\/p>\n<p>Masud ist kein \u201eNewcomer\u201c. Er ist OG. Stand-up gelernt in den USA, gefeiert bei ProSieben, Amazon Prime, Comedy Central \u2013 und auf so ziemlich jeder B\u00fchne, die z\u00e4hlt. Er macht das nicht \u201enebenbei\u201c. Er macht das besser als die meisten.<\/p>\n<p>\u201ePlaylist\u201c ist keine glattgeb\u00fcgelte Show. Sie ist dreckig, direkt, unfertig \u2013 und genau deswegen echt. Masud liefert, stolpert, explodiert \u2013 live und ohne Skript. Wer wissen will, wie Stand-up sich anf\u00fchlen soll, muss Masud live erleben. <\/p>\n<p>Mit dem neuen Live-Programm \u201ePlaylist\u201c gastiert Masud am 15. September erstmalig in Hannover (<a href=\"https:\/\/www.hannover-entdecken.de\/tag\/kulturzentrum-pavillon\/\" data-internallinksmanager029f6b8e52c=\"3879\" title=\"Kulturzentrum Pavillon\" rel=\"nofollow noopener\" target=\"_blank\">Kulturzentrum Pavillon<\/a> | Hannover-Premiere). <\/p>\n<p>Ort: Kulturzentrum Pavillon, <a href=\"https:\/\/www.hannover-entdecken.de\/lister-meile-fussgaengerzone\/\" data-internallinksmanager029f6b8e52c=\"2365\" title=\"Lister Meile\" rel=\"nofollow noopener\" target=\"_blank\">Lister Meile<\/a> 4, 30161 Hannover<br \/>Termin: Dienstag, 15. September 2026, Beginn 20.00 Uhr (Einlass 19.00 Uhr)<br \/>Eintritt: VVK 31,65 \u20ac<\/p>\n","protected":false},"excerpt":{"rendered":"Masud Akbarzadeh hat alles gesehen, alles gesagt \u2013 und ist noch lange nicht fertig. Mit \u201ePlaylist\u201c bringt er&hellip;\n","protected":false},"author":2,"featured_media":1261131,"comment_status":"","ping_status":"","sticky":false,"template":"","format":"standard","meta":{"footnotes":"","_share_on_mastodon":"0"},"categories":[1836],"tags":[3364,29,30,46,171000,162525,1411,4077],"class_list":["post-1261130","post","type-post","status-publish","format-standard","has-post-thumbnail","category-hannover","tag-de","tag-deutschland","tag-germany","tag-hannover","tag-kulturzentrum-pavillon","tag-lister-meile","tag-niedersachsen","tag-oststadt"],"share_on_mastodon":{"url":"https:\/\/pubeurope.com\/@de\/117160233285663645","error":""},"_links":{"self":[{"href":"https:\/\/www.europesays.com\/de\/wp-json\/wp\/v2\/posts\/1261130","targetHints":{"allow":["GET"]}}],"collection":[{"href":"https:\/\/www.europesays.com\/de\/wp-json\/wp\/v2\/posts"}],"about":[{"href":"https:\/\/www.europesays.com\/de\/wp-json\/wp\/v2\/types\/post"}],"author":[{"embeddable":true,"href":"https:\/\/www.europesays.com\/de\/wp-json\/wp\/v2\/users\/2"}],"replies":[{"embeddable":true,"href":"https:\/\/www.europesays.com\/de\/wp-json\/wp\/v2\/comments?post=1261130"}],"version-history":[{"count":0,"href":"https:\/\/www.europesays.com\/de\/wp-json\/wp\/v2\/posts\/1261130\/revisions"}],"wp:featuredmedia":[{"embeddable":true,"href":"https:\/\/www.europesays.com\/de\/wp-json\/wp\/v2\/media\/1261131"}],"wp:attachment":[{"href":"https:\/\/www.europesays.com\/de\/wp-json\/wp\/v2\/media?parent=1261130"}],"wp:term":[{"taxonomy":"category","embeddable":true,"href":"https:\/\/www.europesays.com\/de\/wp-json\/wp\/v2\/categories?post=1261130"},{"taxonomy":"post_tag","embeddable":true,"href":"https:\/\/www.europesays.com\/de\/wp-json\/wp\/v2\/tags?post=1261130"}],"curies":[{"name":"wp","href":"https:\/\/api.w.org\/{rel}","templated":true}]}}