{"id":1261166,"date":"2026-08-26T06:08:14","date_gmt":"2026-08-26T06:08:14","guid":{"rendered":"https:\/\/www.europesays.com\/de\/1261166\/"},"modified":"2026-08-26T06:08:14","modified_gmt":"2026-08-26T06:08:14","slug":"neufreimann-erster-muenchner-wohnen-block-fertig-mit-100-sozialwohnungen","status":"publish","type":"post","link":"https:\/\/www.europesays.com\/de\/1261166\/","title":{"rendered":"Neufreimann: Erster M\u00fcnchner-Wohnen-Block fertig \u2013 mit 100 Sozialwohnungen"},"content":{"rendered":"<p>Bis auf dem Gel\u00e4nde der ehemaligen <a href=\"https:\/\/www.abendzeitung-muenchen.de\/organisation\/bayernkaserne\/\" rel=\"nofollow noopener\" target=\"_blank\">Bayernkaserne<\/a> in Freimann mal das ganze Neubauviertel \u201eNeufreimann\u201c fertig sein wird, gehen noch einige Jahre ins Land. 5500 Wohnungen, Kitas, Schulen, eine Feuerwache, Einzelhandel, ein Quartiersplatz, ein Stadtpark und vieles mehr sollen bis Mitte der 2030er-Jahre zwischen Heidemannstra\u00dfe und Helene-Wessel-Bogen entstehen. Im Gymnasium l\u00e4uft der Betrieb schon fast ein Jahr. Im Heidepark, also im Ostteil, sind vor einer Weile schon Menschen ins erste Geb\u00e4ude eingezogen.<\/p>\n<p>Ein Wohnhaus nahe den Erholungsfl\u00e4chen<\/p>\n<p>Jetzt hat auch die st\u00e4dtische Wohnungsbaugesellschaft M\u00fcnchner Wohnen, die den Gro\u00dfteil der Wohnungen in Neufreimann bauen will, ihren ersten Wohnblock fertig. Der steht auf dem Baufeld WA 12 im S\u00fcden und grenzt an die Spiel- und Erholungsfl\u00e4chen in Richtung Euro-Industriepark an.<\/p>\n<p>     <img decoding=\"async\" loading=\"lazy\" src=\"https:\/\/www.europesays.com\/de\/wp-content\/uploads\/2026\/08\/1732877_nf-wa12-01_artikelbild-75proz_1Gzs_K_hfDlmX.jpg\" alt=\"60 Hektar gro\u00df ist das Areal der ehemaligen Bayernkaserne. Hier entstehen in den n\u00e4chsten Jahren 5500 Wohnungen und vieles mehr.\" title=\"60 Hektar gro\u00df ist das Areal der ehemaligen Bayernkaserne. Hier entstehen in den n\u00e4chsten Jahren 5500 Wohnungen und vieles mehr.\" width=\"609\" height=\"456\"\/><\/p>\n<p>      60 Hektar gro\u00df ist das Areal der ehemaligen Bayernkaserne. Hier entstehen in den n\u00e4chsten Jahren 5500 Wohnungen und vieles mehr.<br \/>\n      \u00a9 Thilo H\u00e4rdtlein<\/p>\n<p>    60 Hektar gro\u00df ist das Areal der ehemaligen Bayernkaserne. Hier entstehen in den n\u00e4chsten Jahren 5500 Wohnungen und vieles mehr.<\/p>\n<p>von Thilo H\u00e4rdtlein <\/p>\n<p>&#8222;}&#8220;&gt; <\/p>\n<p>Ins Erdgeschoss kommen soziale Einrichtungen<\/p>\n<p>190 unterschiedlich gro\u00dfe Wohnungen f\u00fcr \u00fcber 490 Menschen gibt es dort rund um einen begr\u00fcnten Innenhof. Sie sind teilweise schon vermietet, teilt die M\u00fcnchner Wohnen mit. Ins Erdgeschoss kommen soziale Einrichtungen: ein Haus f\u00fcr Kinder und ein Familienzentrum. <\/p>\n<p>100 dieser Wohnungen werden laut der Wohnungsbaugesellschaft als Sozialwohnungen \u00fcber das st\u00e4dtische Wohnportal \u201eSowon\u201c vermietet. 43 werden nach M\u00fcnchen-Modell-Miete vergeben und 47 im \u201eKonzeptionellen Mietwohnungsbau\u201c, also an Normalverdiener, die sich \u00fcbliche M\u00fcnchner Mietpreise dennoch nicht leisten k\u00f6nnen.<\/p>\n<p>     <img decoding=\"async\" loading=\"lazy\" src=\"https:\/\/www.europesays.com\/de\/wp-content\/uploads\/2026\/08\/1732878_nf-wa12-63_artikelbild-75proz_1Gzs_L_v7LXhD.jpg\" alt=\"Ein Blick in den Innenhof des neuen Wohnblocks. Er soll begr\u00fcnt werden.\" title=\"Ein Blick in den Innenhof des neuen Wohnblocks. Er soll begr\u00fcnt werden.\" width=\"609\" height=\"406\"\/><\/p>\n<p>      Ein Blick in den Innenhof des neuen Wohnblocks. Er soll begr\u00fcnt werden.<br \/>\n      \u00a9 Thilo H\u00e4rdtlein<\/p>\n<p>    Ein Blick in den Innenhof des neuen Wohnblocks. Er soll begr\u00fcnt werden.<\/p>\n<p>von Thilo H\u00e4rdtlein <\/p>\n<p>&#8222;}&#8220;&gt; <\/p>\n<p>Was als N\u00e4chstes gebaut werden soll<\/p>\n<p>Geplant ist noch einiges mehr: Die M\u00fcnchner Wohnen will in insgesamt zw\u00f6lf Bauprojekten auf drei Bauabschnitten mehr als 2200 Wohnungen f\u00fcr rund 6500 Bewohnerinnen und Bewohner bauen. Auch ein Gro\u00dfteil der sozialen Infrastruktur soll in ihren H\u00e4usern untergebracht werden. Allein in den ersten zwei Bauabschnitten drei Kitas und zwei H\u00e4user f\u00fcr Kinder, ein Familienzentrum, eine Seniorenwohnanlage, ein Nachbarschaftstreff und eine Sonderwohnform f\u00fcr akut Wohnungslose. <\/p>\n<p>\u201eIch bin sicher, dass unsere Mieterinnen und Mieter sehr gut und sehr gerne im Viertel wohnen werden\u201c, sagt Gabriele Meier, die technische Gesch\u00e4ftsf\u00fchrerin der M\u00fcnchner Wohnen. Voraussichtlich Ende dieses Jahres soll das Haus auf dem Baufeld \u201eMU 1 (12)\u201c mit 225 Wohnungen fertig sein. Im kommenden Jahr folgen zwei H\u00e4user mit 193 und 181 Wohnungen.<\/p>\n","protected":false},"excerpt":{"rendered":"Bis auf dem Gel\u00e4nde der ehemaligen Bayernkaserne in Freimann mal das ganze Neubauviertel \u201eNeufreimann\u201c fertig sein wird, gehen&hellip;\n","protected":false},"author":2,"featured_media":1261167,"comment_status":"","ping_status":"","sticky":false,"template":"","format":"standard","meta":{"footnotes":"","_share_on_mastodon":"0"},"categories":[1827],"tags":[772,260731,29,30,1268,58079,84867,7743,5337],"class_list":["post-1261166","post","type-post","status-publish","format-standard","has-post-thumbnail","category-muenchen","tag-bayern","tag-bayernkaserne","tag-deutschland","tag-germany","tag-muenchen","tag-muenchner-wohnen","tag-neufreimann","tag-sozialwohnungen","tag-wohnungen"],"share_on_mastodon":{"url":"https:\/\/pubeurope.com\/@de\/117160327034444433","error":""},"_links":{"self":[{"href":"https:\/\/www.europesays.com\/de\/wp-json\/wp\/v2\/posts\/1261166","targetHints":{"allow":["GET"]}}],"collection":[{"href":"https:\/\/www.europesays.com\/de\/wp-json\/wp\/v2\/posts"}],"about":[{"href":"https:\/\/www.europesays.com\/de\/wp-json\/wp\/v2\/types\/post"}],"author":[{"embeddable":true,"href":"https:\/\/www.europesays.com\/de\/wp-json\/wp\/v2\/users\/2"}],"replies":[{"embeddable":true,"href":"https:\/\/www.europesays.com\/de\/wp-json\/wp\/v2\/comments?post=1261166"}],"version-history":[{"count":0,"href":"https:\/\/www.europesays.com\/de\/wp-json\/wp\/v2\/posts\/1261166\/revisions"}],"wp:featuredmedia":[{"embeddable":true,"href":"https:\/\/www.europesays.com\/de\/wp-json\/wp\/v2\/media\/1261167"}],"wp:attachment":[{"href":"https:\/\/www.europesays.com\/de\/wp-json\/wp\/v2\/media?parent=1261166"}],"wp:term":[{"taxonomy":"category","embeddable":true,"href":"https:\/\/www.europesays.com\/de\/wp-json\/wp\/v2\/categories?post=1261166"},{"taxonomy":"post_tag","embeddable":true,"href":"https:\/\/www.europesays.com\/de\/wp-json\/wp\/v2\/tags?post=1261166"}],"curies":[{"name":"wp","href":"https:\/\/api.w.org\/{rel}","templated":true}]}}