{"id":1261178,"date":"2026-08-26T06:22:15","date_gmt":"2026-08-26T06:22:15","guid":{"rendered":"https:\/\/www.europesays.com\/de\/1261178\/"},"modified":"2026-08-26T06:22:15","modified_gmt":"2026-08-26T06:22:15","slug":"berlin-plant-zentrale-servicestelle-fuer-veranstaltungen-tageskarte","status":"publish","type":"post","link":"https:\/\/www.europesays.com\/de\/1261178\/","title":{"rendered":"Berlin plant zentrale Servicestelle f\u00fcr Veranstaltungen: Tageskarte"},"content":{"rendered":"<p>Der <strong>Berliner Senat<\/strong> treibt den Aufbau einer beh\u00f6rden\u00fcbergreifenden Servicestelle f\u00fcr Veranstaltungen voran. Sie soll Veranstalter beraten, Zust\u00e4ndigkeiten erkl\u00e4ren und \u00fcber erforderliche Unterlagen sowie zeitliche Abl\u00e4ufe informieren. Mit dem Vorhaben befasste sich der Senat am <strong>25. August 2026<\/strong> auf gemeinsame Vorlage von Wirtschaftssenatorin <strong>Franziska Giffey<\/strong> und Innensenatorin <strong>Iris Spranger<\/strong>.<\/p>\n<p>Die geplante Servicestelle soll als erste Anlaufstelle dienen, selbst jedoch <strong>keine Genehmigungen erteilen<\/strong>. Vorgesehen sind au\u00dferdem Leitf\u00e4den, Checklisten und ein zentrales Informationsportal. Diese Angebote sollen Veranstaltern die Orientierung erleichtern und dazu beitragen, m\u00f6gliche Fehlantr\u00e4ge und daraus folgende Nachforderungen und Verz\u00f6gerungen zu vermeiden.<\/p>\n<p>Berlin will Verwaltungsprozesse f\u00fcr Veranstaltungen st\u00e4rker standardisieren und digitalisieren<\/p>\n<p>Erg\u00e4nzend plant der Senat einen <strong>berlinweiten Veranstaltungskalender<\/strong> sowie eine st\u00e4rkere Standardisierung und Digitalisierung der Verwaltungsprozesse. Der Kalender solle Veranstaltungen im \u00f6ffentlichen Raum berlinweit abbilden und Termin\u00fcberschneidungen fr\u00fchzeitig sichtbar machen. Zudem solle er eine vorausschauende Ressourcenplanung erm\u00f6glichen.<\/p>\n<p>Der Senat verweist in diesem Zusammenhang auf die wirtschaftliche Bedeutung des Veranstaltungs- und Kongressmarktes. Im Jahr <strong>2025<\/strong> seien <strong>13,7 Millionen Menschen<\/strong> zu rund <strong>87.000 Veranstaltungen<\/strong> in die Hauptstadt gekommen. Die Zahl der Teilnehmer sei damit gegen\u00fcber dem Vorjahr um <strong>sechs Prozent<\/strong> gestiegen. Der Berliner Veranstaltungs- und Kongressmarkt habe 2025 einen Umsatz von rund <strong>1,46 Milliarden Euro<\/strong> erwirtschaftet.<\/p>\n<p>Nach Angaben des Senats sichern Veranstaltungen Arbeitspl\u00e4tze und st\u00e4rken unter anderem <strong>Gastronomie und Hotellerie<\/strong> sowie den Einzelhandel. Als Beispiele nennt die Senatsverwaltung den Berlin-Marathon, den Karneval der Kulturen, das Lollapalooza Festival sowie internationale Kongresse und Sportgro\u00dfveranstaltungen.<\/p>\n<p>Giffey will Genehmigungsprozesse f\u00fcr Veranstalter einfacher und effizienter gestalten<\/p>\n<p>Wirtschaftssenatorin Franziska Giffey erkl\u00e4rte: \u201eDamit Berlin im internationalen Wettbewerb erfolgreich bleibt, wollen wir Genehmigungsprozesse f\u00fcr Veranstaltende einfacher und effizienter gestalten und die Zusammenarbeit zwischen Branche und Verwaltung weiter verbessern.\u201c<\/p>\n<p>Innensenatorin Iris Spranger verwies unter anderem auf internationale Sportgro\u00dfveranstaltungen wie die UEFA Euro 2024, die World University Games, Spiele der NFL und den FIBA Women\u2019s Basketball World Cup. Sie erkl\u00e4rte, mit Hilfe einer beh\u00f6rden\u00fcbergreifenden Servicestelle k\u00f6nnten eine engere Vernetzung der Akteure und effizientere Prozesse geschaffen werden.<\/p>\n<p>Senat pr\u00fcft Anforderungen kleiner Veranstaltungen und internationaler Gro\u00dfereignisse<\/p>\n<p>Im weiteren Konzeptprozess soll gepr\u00fcft werden, wie die unterschiedlichen Anforderungen <strong>kleinerer Veranstaltungen und internationaler Gro\u00dfereignisse<\/strong> ber\u00fccksichtigt werden k\u00f6nnen. F\u00fcr kleinere Formate solle der Schwerpunkt auf Beratung, Orientierung und standardisierten Informationen liegen.<\/p>\n<p>F\u00fcr Gro\u00dfveranstaltungen k\u00f6nnten perspektivisch <strong>Host-City-Pakete<\/strong> entwickelt werden, wie sie im Bereich von Sportgro\u00dfveranstaltungen bereits angewendet werden. Dazu geh\u00f6ren nach Angaben des Senats beispielsweise die Erstellung von Leitbildern f\u00fcr <strong>w\u00fcnschenswerte Gro\u00dfveranstaltungen<\/strong>, Bid-Verfahren, Ausrichtervertr\u00e4ge, die gesamtst\u00e4dtische Veranstaltungskoordination sowie st\u00e4dtische Willkommensleistungen. In die weitere Konzeption sollen bestehende Angebote und die Erfahrungen der Veranstaltungsbranche einflie\u00dfen.<\/p>\n<p>Bei der Erstellung dieses Artikels kamen KI-gest\u00fctzte Werkzeuge zum Einsatz. Die Inhalte wurden redaktionell \u00fcberpr\u00fcft. Feedback nehmen wir gerne unter <a href=\"https:\/\/www.tageskarte.io\/politik\/detail\/mailto:news@tageskarte.io\" rel=\"nofollow noopener\" target=\"_blank\">news@tageskarte.io<\/a> entgegen.<\/p>\n<p>\u00a0<\/p>\n","protected":false},"excerpt":{"rendered":"Der Berliner Senat treibt den Aufbau einer beh\u00f6rden\u00fcbergreifenden Servicestelle f\u00fcr Veranstaltungen voran. Sie soll Veranstalter beraten, Zust\u00e4ndigkeiten erkl\u00e4ren&hellip;\n","protected":false},"author":2,"featured_media":1261179,"comment_status":"","ping_status":"","sticky":false,"template":"","format":"standard","meta":{"footnotes":"","_share_on_mastodon":"0"},"categories":[1825],"tags":[296,30568,2068,29,6604,37375,260737,30,260736,127653,21425,260734,260732,260733,260735],"class_list":["post-1261178","post","type-post","status-publish","format-standard","has-post-thumbnail","category-berlin","tag-berlin","tag-berlin-veranstaltungen","tag-berliner-senat","tag-deutschland","tag-franziska-giffey","tag-gastronomie-berlin","tag-genehmigungsprozesse-veranstaltungen","tag-germany","tag-grossveranstaltungen-berlin","tag-hotellerie-berlin","tag-iris-spranger","tag-kongressmarkt-berlin","tag-servicestelle-veranstaltungen-berlin","tag-veranstaltungsbranche-berlin","tag-veranstaltungskalender-berlin"],"share_on_mastodon":{"url":"https:\/\/pubeurope.com\/@de\/117160374708050289","error":""},"_links":{"self":[{"href":"https:\/\/www.europesays.com\/de\/wp-json\/wp\/v2\/posts\/1261178","targetHints":{"allow":["GET"]}}],"collection":[{"href":"https:\/\/www.europesays.com\/de\/wp-json\/wp\/v2\/posts"}],"about":[{"href":"https:\/\/www.europesays.com\/de\/wp-json\/wp\/v2\/types\/post"}],"author":[{"embeddable":true,"href":"https:\/\/www.europesays.com\/de\/wp-json\/wp\/v2\/users\/2"}],"replies":[{"embeddable":true,"href":"https:\/\/www.europesays.com\/de\/wp-json\/wp\/v2\/comments?post=1261178"}],"version-history":[{"count":0,"href":"https:\/\/www.europesays.com\/de\/wp-json\/wp\/v2\/posts\/1261178\/revisions"}],"wp:featuredmedia":[{"embeddable":true,"href":"https:\/\/www.europesays.com\/de\/wp-json\/wp\/v2\/media\/1261179"}],"wp:attachment":[{"href":"https:\/\/www.europesays.com\/de\/wp-json\/wp\/v2\/media?parent=1261178"}],"wp:term":[{"taxonomy":"category","embeddable":true,"href":"https:\/\/www.europesays.com\/de\/wp-json\/wp\/v2\/categories?post=1261178"},{"taxonomy":"post_tag","embeddable":true,"href":"https:\/\/www.europesays.com\/de\/wp-json\/wp\/v2\/tags?post=1261178"}],"curies":[{"name":"wp","href":"https:\/\/api.w.org\/{rel}","templated":true}]}}