{"id":1261207,"date":"2026-08-26T06:40:17","date_gmt":"2026-08-26T06:40:17","guid":{"rendered":"https:\/\/www.europesays.com\/de\/1261207\/"},"modified":"2026-08-26T06:40:17","modified_gmt":"2026-08-26T06:40:17","slug":"mehr-als-400-neue-arbeitsplaetze-in-halle","status":"publish","type":"post","link":"https:\/\/www.europesays.com\/de\/1261207\/","title":{"rendered":"Mehr als 400 neue Arbeitspl\u00e4tze in Halle"},"content":{"rendered":"<p _ngcontent-sc113=\"\"> 26. August 2026 \u2013 Radio Brocken <\/p>\n<p _ngcontent-sc85=\"\" align=\"false\">In Halle entstehen mehr als 400 neue Arbeitspl\u00e4tze: Die Gro\u00dfb\u00e4ckerei Bonback im Star Park wird f\u00fcr 400 Millionen Euro ausgebaut &#8211; heute ist Spatenstich. Der Mutterkonzern, zu dem auch Lidl und Kaufland geh\u00f6ren, baut ein neues Produktionsgeb\u00e4ude und ein riesiges Tiefk\u00fchllager mit rund 60.000 Palettenpl\u00e4tzen. Grund ist die wachsende Nachfrage in den Backshops in den konzerneigenen Superm\u00e4rkten. Die erweiterte Produktion soll im n\u00e4chsten Jahr anlaufen.<\/p>\n","protected":false},"excerpt":{"rendered":"26. August 2026 \u2013 Radio Brocken In Halle entstehen mehr als 400 neue Arbeitspl\u00e4tze: Die Gro\u00dfb\u00e4ckerei Bonback im&hellip;\n","protected":false},"author":2,"featured_media":1261208,"comment_status":"","ping_status":"","sticky":false,"template":"","format":"standard","meta":{"footnotes":"","_share_on_mastodon":"0"},"categories":[1860],"tags":[4057,4055,4056,3951,4052,3364,29,548,663,3934,30,4059,4062,17332,13,4006,4060,4063,4053,810,14,15,83,4061,17331,860,4054,12,4058,4051],"class_list":["post-1261207","post","type-post","status-publish","format-standard","has-post-thumbnail","category-halle-saale","tag-2000er","tag-80er","tag-90er","tag-aktion","tag-brocken","tag-de","tag-deutschland","tag-eu","tag-europa","tag-europe","tag-germany","tag-gewinnen","tag-halle","tag-halle-saale","tag-headlines","tag-live","tag-lokal","tag-magdeburg","tag-morgenshow","tag-musik","tag-nachrichten","tag-news","tag-radio","tag-regional","tag-saale","tag-sachsen-anhalt","tag-saxony","tag-schlagzeilen","tag-stream","tag-team"],"share_on_mastodon":{"url":"https:\/\/pubeurope.com\/@de\/117160446160521209","error":""},"_links":{"self":[{"href":"https:\/\/www.europesays.com\/de\/wp-json\/wp\/v2\/posts\/1261207","targetHints":{"allow":["GET"]}}],"collection":[{"href":"https:\/\/www.europesays.com\/de\/wp-json\/wp\/v2\/posts"}],"about":[{"href":"https:\/\/www.europesays.com\/de\/wp-json\/wp\/v2\/types\/post"}],"author":[{"embeddable":true,"href":"https:\/\/www.europesays.com\/de\/wp-json\/wp\/v2\/users\/2"}],"replies":[{"embeddable":true,"href":"https:\/\/www.europesays.com\/de\/wp-json\/wp\/v2\/comments?post=1261207"}],"version-history":[{"count":0,"href":"https:\/\/www.europesays.com\/de\/wp-json\/wp\/v2\/posts\/1261207\/revisions"}],"wp:featuredmedia":[{"embeddable":true,"href":"https:\/\/www.europesays.com\/de\/wp-json\/wp\/v2\/media\/1261208"}],"wp:attachment":[{"href":"https:\/\/www.europesays.com\/de\/wp-json\/wp\/v2\/media?parent=1261207"}],"wp:term":[{"taxonomy":"category","embeddable":true,"href":"https:\/\/www.europesays.com\/de\/wp-json\/wp\/v2\/categories?post=1261207"},{"taxonomy":"post_tag","embeddable":true,"href":"https:\/\/www.europesays.com\/de\/wp-json\/wp\/v2\/tags?post=1261207"}],"curies":[{"name":"wp","href":"https:\/\/api.w.org\/{rel}","templated":true}]}}