{"id":1261215,"date":"2026-08-26T06:46:21","date_gmt":"2026-08-26T06:46:21","guid":{"rendered":"https:\/\/www.europesays.com\/de\/1261215\/"},"modified":"2026-08-26T06:46:21","modified_gmt":"2026-08-26T06:46:21","slug":"stadtsommervergnuegen-braunschweig-attraktionen-und-oeffnungszeiten","status":"publish","type":"post","link":"https:\/\/www.europesays.com\/de\/1261215\/","title":{"rendered":"Stadtsommervergn\u00fcgen Braunschweig: Attraktionen und \u00d6ffnungszeiten"},"content":{"rendered":"<p>Zehn Tage in Braunschweigs City <\/p>\n<p>Riesenrad kehrt zur\u00fcck: Rummel startet an sechs Orten<\/p>\n<p>26.08.2026 &#8211; 07:25 UhrLesedauer: 2 Min.<\/p>\n<p><a href=\"#focus-0\" class=\"transition-colors block text-current relative\" data-sctrack=\"FocusGalleryImage.Reference\"><img fetchpriority=\"high\" data-testid=\"Opener.Image\"   loading=\"eager\" src=\"https:\/\/www.europesays.com\/de\/wp-content\/uploads\/2026\/08\/fahrgeschaeft-auf-dem-braunschweiger-schlossplatz-beim-stadtsommervergnuegen-verteilen-sich-insgesam.jpeg\" alt=\"Ein Fahrgesch\u00e4ft auf dem Braunschweiger Schlossplatz: Beim Stadtsommervergn\u00fcgen verteilen sich insgesamt 22 Attraktionen auf sechs Standorte in der Innenstadt.\" title=\"Ein Fahrgesch\u00e4ft auf dem Braunschweiger Schlossplatz: Beim Stadtsommervergn\u00fcgen verteilen sich insgesamt 22 Attraktionen auf sechs Standorte in der Innenstadt.\" width=\"3400\" height=\"1912\" class=\"bg-[url:var(--lqipURL)] bg-cover bg-center flex h-full w-full max-w-full\" style=\"--lqipURL:url('https:\/\/images.t-online.de\/2026\/08\/CLCu8g4VGqqC\/0x267:3400x1912\/fit-in\/150x0\/filters:blur(25)\/fahrgeschaeft-auf-dem-braunschweiger-schlossplatz-beim-stadtsommervergnuegen-verteilen-sich-insgesamt-22-attraktionen-auf-sechs-standorte-in-der-innenstadt.jpg')\" decoding=\"async\"\/><img loading=\"lazy\" src=\"https:\/\/braunschweig.t-online.de\/s\/paper\/_next\/static\/media\/zoom-in.f7dae02f.svg\" alt=\"Vergr\u00f6\u00dfern des Bildes\" title=\"Vergr\u00f6\u00dfern des Bildes\" class=\"block h-[calc(var(--height)_\/_16_*_1rem)] w-[calc(var(--width)_\/_16_*_1rem)] max-w-none absolute right-8 bottom-8 rounded-4 bg-snow p-8\" style=\"--width:32;--height:32\" decoding=\"async\"\/><\/a><\/p>\n<p>Fahrgesch\u00e4ft auf dem Braunschweiger Schlossplatz: Beim Stadtsommervergn\u00fcgen verteilen sich insgesamt 22 Attraktionen auf sechs Standorte in der Innenstadt. (Quelle:  Braunschweig Stadtmarketing GmbH\/Claudia Haring)<\/p>\n<p><img loading=\"lazy\" src=\"https:\/\/braunschweig.t-online.de\/s\/paper\/_next\/static\/media\/audio-volume.6689034c.svg\" alt=\"\" title=\"\" class=\"block h-[calc(var(--height)_\/_16_*_1rem)] w-[calc(var(--width)_\/_16_*_1rem)] max-w-none group-hover:brightness-0 group-hover:invert\" style=\"--width:16;--height:16\" decoding=\"async\"\/>Vorlesen<\/p>\n<p>Aktuelle Zeit:0:00Gesamtdauer:0:00<\/p>\n<p>1x<img loading=\"lazy\" src=\"https:\/\/braunschweig.t-online.de\/s\/paper\/_next\/static\/media\/font-sizes.32942e33.svg\" alt=\"\" title=\"\" class=\"block h-[calc(var(--height)_\/_16_*_1rem)] w-[calc(var(--width)_\/_16_*_1rem)] max-w-none group-hover:hidden group-aria-expanded:hidden\" style=\"--width:16;--height:16\" decoding=\"async\"\/><img loading=\"lazy\" src=\"https:\/\/braunschweig.t-online.de\/s\/paper\/_next\/static\/media\/font-sizes-dark-mode.e382645c.svg\" alt=\"\" title=\"\" class=\"block h-[calc(var(--height)_\/_16_*_1rem)] w-[calc(var(--width)_\/_16_*_1rem)] max-w-none hidden group-hover:block group-aria-expanded:block\" style=\"--width:16;--height:16\" decoding=\"async\"\/><img loading=\"lazy\" src=\"https:\/\/braunschweig.t-online.de\/s\/paper\/_next\/static\/media\/sharing-menu-icon.1eb71368.svg\" alt=\"\" title=\"\" class=\"block h-[calc(var(--height)_\/_16_*_1rem)] w-[calc(var(--width)_\/_16_*_1rem)] max-w-none group-hover:brightness-0 group-hover:invert\" style=\"--width:16;--height:16\" decoding=\"async\"\/>Artikel teilen<\/p>\n<p class=\"font-bold text-18 leading-17 user-text-lg:text-22 user-text-xl:text-24\">Ein 33 Meter hohes Riesenrad pr\u00e4gt ab Freitag wieder die Braunschweiger Innenstadt. Zehn Tage lang verteilen sich 22 Attraktionen auf sechs Standorte.<\/p>\n<p class=\"text-18 leading-17 user-text-lg:text-22 user-text-xl:text-24\">Mit einem rund 33 Meter hohen Riesenrad, einer Berg-und-Tal-Bahn und einer neuen Wasserattraktion beginnt am Freitag (28. August) das Stadtsommervergn\u00fcgen in Braunschweig. Bis zum 6. September verteilen sich Fahrgesch\u00e4fte, Spiel- und Imbissst\u00e4nde auf sechs Orte in der Innenstadt.<\/p>\n<p class=\"text-18 leading-17 user-text-lg:text-22 user-text-xl:text-24\">Der Schaustellerverband Region Harz und Heide richtet die Veranstaltung mit Unterst\u00fctzung des Braunschweiger Stadtmarketings bereits zum sechsten Mal aus. Der Rummel \u00f6ffnet an allen zehn Tagen um 11 Uhr. Der Eintritt auf das Veranstaltungsgel\u00e4nde ist frei.<\/p>\n<p>Hier stehen Riesenrad, Twister sowie Berg-und-Tal-Bahn<\/p>\n<p class=\"text-18 leading-17 user-text-lg:text-22 user-text-xl:text-24\">Das Riesenrad wird auf dem Platz der Deutschen Einheit aufgebaut. Auf dem Schlossplatz stehen unter anderem die Berg-und-Tal-Bahn und der Twister. Weitere Angebote verteilen sich auf den Domplatz, den Platz am Ritterbrunnen, den Langen Hof und den Kohlmarkt.<\/p>\n<p class=\"text-18 leading-17 user-text-lg:text-22 user-text-xl:text-24\">Insgesamt k\u00fcndigt das Stadtmarketing 22 Attraktionen an. Dazu z\u00e4hlen neben dem Bungee-Trampolin mehrere Kinderkarussells, Pfeilwerfen, Greifautomaten und weitere Spielst\u00e4nde. Neu ist in diesem Jahr die Wasserattraktion &#8222;Hawaii Splash&#8220;. Kinder k\u00f6nnen dabei in gro\u00dfen luftgef\u00fcllten B\u00e4llen \u00fcber eine Wasserfl\u00e4che laufen und springen, ohne nass zu werden.<\/p>\n<p class=\"text-18 leading-17 user-text-lg:text-22 user-text-xl:text-24\">&#8222;Das Stadtsommervergn\u00fcgen ist f\u00fcr uns jedes Jahr ein Highlight, weil das bunte Programm einer Freiluftmesse auf das allt\u00e4gliche Treiben in der Innenstadt trifft&#8220;, sagt Carlo Beinhorn vom Schaustellerverband. An den sechs Standorten gibt es au\u00dferdem Imbissst\u00e4nde. Angek\u00fcndigt sind unter anderem gebrannte Mandeln, Cr\u00eapes, Schmalzkuchen, Churros und Eis sowie L\u00e1ngos und Bratwurst.<\/p>\n<p>So lange hat der Rummel in Braunschweig ge\u00f6ffnet<\/p>\n<p class=\"text-18 leading-17 user-text-lg:text-22 user-text-xl:text-24\">Die St\u00e4nde und Fahrgesch\u00e4fte \u00f6ffnen t\u00e4glich um 11 Uhr. An den beiden September-Wochenendtagen l\u00e4uft das Stadtsommervergn\u00fcgen besonders lange:<\/p>\n<ul class=\"text-18 leading-17 block pl-24 *:pb-16 *:before:inline-block *:before:size-8 *:before:bg-magenta *:before:mt-0 *:before:mr-12 *:before:mb-2 *:before:-ml-[20px]\">\n<li>Freitag und Samstag, 28. und 29. August: 11 bis 22 Uhr<\/li>\n<li>Sonntag, 30. August, bis Donnerstag, 3. September: 11 bis 21 Uhr<\/li>\n<li>Freitag und Samstag, 4. und 5. September: 11 bis 0 Uhr<\/li>\n<li>Sonntag, 6. September: 11 bis 21 Uhr<\/li>\n<\/ul>\n<p class=\"text-18 leading-17 user-text-lg:text-22 user-text-xl:text-24\">Fahrpreise f\u00fcr die einzelnen Attraktionen hat das Stadtmarketing bislang nicht ver\u00f6ffentlicht. Auch zur Barrierefreiheit der Fahrgesch\u00e4fte und zu m\u00f6glichen Einschr\u00e4nkungen bei schlechtem Wetter liegen noch keine n\u00e4heren Angaben vor.<\/p>\n","protected":false},"excerpt":{"rendered":"Zehn Tage in Braunschweigs City Riesenrad kehrt zur\u00fcck: Rummel startet an sechs Orten 26.08.2026 &#8211; 07:25 UhrLesedauer: 2&hellip;\n","protected":false},"author":2,"featured_media":1261216,"comment_status":"","ping_status":"","sticky":false,"template":"","format":"standard","meta":{"footnotes":"","_share_on_mastodon":"0"},"categories":[1850],"tags":[722,16671,6429,260742,3364,29,548,663,3934,7824,30,13,2065,14,15,1411,7023,12,14655,260741],"class_list":["post-1261215","post","type-post","status-publish","format-standard","has-post-thumbnail","category-braunschweig","tag-722","tag-attraktion","tag-braunschweig","tag-braunschweig-city","tag-de","tag-deutschland","tag-eu","tag-europa","tag-europe","tag-fahrgeschaeft","tag-germany","tag-headlines","tag-innenstadt","tag-nachrichten","tag-news","tag-niedersachsen","tag-riesenrad","tag-schlagzeilen","tag-schlossplatz","tag-stadtsommervergnuegen"],"share_on_mastodon":{"url":"","error":""},"_links":{"self":[{"href":"https:\/\/www.europesays.com\/de\/wp-json\/wp\/v2\/posts\/1261215","targetHints":{"allow":["GET"]}}],"collection":[{"href":"https:\/\/www.europesays.com\/de\/wp-json\/wp\/v2\/posts"}],"about":[{"href":"https:\/\/www.europesays.com\/de\/wp-json\/wp\/v2\/types\/post"}],"author":[{"embeddable":true,"href":"https:\/\/www.europesays.com\/de\/wp-json\/wp\/v2\/users\/2"}],"replies":[{"embeddable":true,"href":"https:\/\/www.europesays.com\/de\/wp-json\/wp\/v2\/comments?post=1261215"}],"version-history":[{"count":0,"href":"https:\/\/www.europesays.com\/de\/wp-json\/wp\/v2\/posts\/1261215\/revisions"}],"wp:featuredmedia":[{"embeddable":true,"href":"https:\/\/www.europesays.com\/de\/wp-json\/wp\/v2\/media\/1261216"}],"wp:attachment":[{"href":"https:\/\/www.europesays.com\/de\/wp-json\/wp\/v2\/media?parent=1261215"}],"wp:term":[{"taxonomy":"category","embeddable":true,"href":"https:\/\/www.europesays.com\/de\/wp-json\/wp\/v2\/categories?post=1261215"},{"taxonomy":"post_tag","embeddable":true,"href":"https:\/\/www.europesays.com\/de\/wp-json\/wp\/v2\/tags?post=1261215"}],"curies":[{"name":"wp","href":"https:\/\/api.w.org\/{rel}","templated":true}]}}