{"id":1261225,"date":"2026-08-26T06:55:20","date_gmt":"2026-08-26T06:55:20","guid":{"rendered":"https:\/\/www.europesays.com\/de\/1261225\/"},"modified":"2026-08-26T06:55:20","modified_gmt":"2026-08-26T06:55:20","slug":"nach-derby-krawallen-innenminister-laedt-fussballvereine-zum-krisentreffen","status":"publish","type":"post","link":"https:\/\/www.europesays.com\/de\/1261225\/","title":{"rendered":"Nach Derby-Krawallen: Innenminister l\u00e4dt Fu\u00dfballvereine zum Krisentreffen"},"content":{"rendered":"<p class=\"mb-6 text-xs-varying md:text-m lg:text-l font-serif group-[.font-sans]:font-sans \">\n    Nach dem eskalierten S\u00fcdwest-Derby im DFB-Pokal l\u00e4dt der baden-w\u00fcrttembergische Innenminister Manuel Hagel (CDU) Fu\u00dfballvereine zu einem Gespr\u00e4ch nach Stuttgart. Es gehe darum, klare Vereinbarungen zu treffen und die Stadionallianzen weiterzuentwickeln, hei\u00dft es in der Einladung, die der Deutschen Presse-Agentur vorliegt. \u201eUnser aller Ziel ist klar: Gewalt hat in unseren Stadien keinen Platz. Dies muss auch f\u00fcr emotional aufgeladene Spielbegegnungen gelten.\u201c\n  <\/p>\n<p class=\"mb-6 text-xs-varying md:text-m lg:text-l font-serif group-[.font-sans]:font-sans \">\n    Das Treffen ist demnach f\u00fcr den 3. September geplant. Eingeladen sind einer Sprecherin zufolge sieben Vereine, vor allem aus der ersten bis dritten Liga.\n  <\/p>\n<p>            120 Verletzte und drohender Spielabbruch<\/p>\n<p class=\"mb-6 text-xs-varying md:text-m lg:text-l font-serif group-[.font-sans]:font-sans \">\n    Das Erstrundenspiel im DFB-Pokal zwischen dem Drittligisten SV Waldhof Mannheim und dem Zweitligisten 1. FC Kaiserslautern hatte am vergangenen Freitag kurz vor dem Abbruch gestanden. Der 1:0-Ausw\u00e4rtssieg der Roten Teufel nach Verl\u00e4ngerung war im ausverkauften Carl-Benz-Stadion von Krawallen, Pyrotechnik und einem Platzsturm begleitet worden.\n  <\/p>\n<p class=\"mb-6 text-xs-varying md:text-m lg:text-l font-serif group-[.font-sans]:font-sans \">\n    Rund 1.400 Polizeibeamten waren im Einsatz, 35 davon wurden verletzt. Zudem mussten 85 Zuschauer medizinisch betreut werden, teilte die Polizei im Nachgang mit. Acht von ihnen seien zur weiteren Behandlung ins Krankenhaus gekommen.\n  <\/p>\n<p>            \u201eMassive Gewalt gegen Einsatzkr\u00e4fte und Fans nicht hinnehmbar\u201c<\/p>\n<p class=\"mb-6 text-xs-varying md:text-m lg:text-l font-serif group-[.font-sans]:font-sans \">\n    Die Vorkommnisse h\u00e4tten ihn und weite Teile der Bev\u00f6lkerung tief betroffen gemacht, schreibt Minister Hagel in der Einladung. \u201eDie massive Gewalt gegen Einsatzkr\u00e4fte und andere Fans ist nicht hinnehmbar; an keinem Spielort in Baden-W\u00fcrttemberg.\u201c Die Angriffe etwa mit Pyrotechnik h\u00e4tte Zuschauer allen Alters, Spieler und Personal in gr\u00f6\u00dfte Gefahr gebracht.\n  <\/p>\n<p class=\"mb-6 text-xs-varying md:text-m lg:text-l font-serif group-[.font-sans]:font-sans \">\n    \u201eSie zeigen, dass bei Hochrisikospielen Handlungsbedarf besteht\u201c, betont der Innenminister in dem Anschreiben. \u201eGemeinsam sind wir uns einig, dass wir uns auf gar keinen Fall an solche Bilder gew\u00f6hnen d\u00fcrfen.\u201c\n  <\/p>\n<p class=\"mb-6 text-xs-varying md:text-m lg:text-l font-serif group-[.font-sans]:font-sans \">\n    Die Stadionallianzen in Baden-W\u00fcrttemberg st\u00fcnden seit Jahren f\u00fcr eine vertrauensvolle und erfolgreiche Zusammenarbeit von Fans, Vereinen, Polizei und Kommunen, schreibt Hagel. \u201eAn diesem Weg m\u00f6chte ich festhalten.\u201c Infrage stehe jedoch, ob die bestehenden Verfahren den heutigen und k\u00fcnftigen Herausforderungen ausreichend gerecht werden. Was genau er an Vereinbarungen im Sinn hat, geht aus dem Anschreiben nicht hervor.\n  <\/p>\n<p>    <img decoding=\"async\" src=\"https:\/\/www.europesays.com\/de\/wp-content\/uploads\/2026\/08\/sv-waldhof-mannheim-1-fc-kaiserslautern.jpg\" alt=\"Die Fanlager provozierten sich massiv. (Archivbild)\" title=\"Die Fanlager provozierten sich massiv. (Archivbild)\" loading=\"lazy\" class=\"h-full w-full object-cover\"\/><\/p>\n<p>      Icon vergr\u00f6\u00dfern<\/p>\n<p>    Die Fanlager provozierten sich massiv. (Archivbild)<br \/>\n    Foto: Uwe Anspach\/dpa<\/p>\n<p>        Schlie\u00dfen <\/p>\n<p>      Icon Schlie\u00dfen<\/p>\n<p>        Icon vergr\u00f6\u00dfern<\/p>\n<p>        Icon verkleinern<\/p>\n<p>      Icon Pfeil bewegen<\/p>\n<p>    Die Fanlager provozierten sich massiv. (Archivbild)<br \/>\n    Foto: Uwe Anspach\/dpa<\/p>\n<p>    <img decoding=\"async\" src=\"https:\/\/www.europesays.com\/de\/wp-content\/uploads\/2026\/08\/1787727318_423_sv-waldhof-mannheim-1-fc-kaiserslautern.jpg\" alt=\"Kaiserslauterns Fans z\u00fcndeten Pyrotechnik. (Archivbild)\" title=\"Kaiserslauterns Fans z\u00fcndeten Pyrotechnik. (Archivbild)\" loading=\"lazy\" class=\"h-full w-full object-cover\"\/><\/p>\n<p>      Icon vergr\u00f6\u00dfern<\/p>\n<p>    Kaiserslauterns Fans z\u00fcndeten Pyrotechnik. (Archivbild)<br \/>\n    Foto: Uwe Anspach\/dpa<\/p>\n<p>        Schlie\u00dfen <\/p>\n<p>      Icon Schlie\u00dfen<\/p>\n<p>        Icon vergr\u00f6\u00dfern<\/p>\n<p>        Icon verkleinern<\/p>\n<p>      Icon Pfeil bewegen<\/p>\n<p>    Kaiserslauterns Fans z\u00fcndeten Pyrotechnik. (Archivbild)<br \/>\n    Foto: Uwe Anspach\/dpa<\/p>\n<p>    <img decoding=\"async\" src=\"https:\/\/www.europesays.com\/de\/wp-content\/uploads\/2026\/08\/1787727319_432_sv-waldhof-mannheim-1-fc-kaiserslautern.jpg\" alt=\"Mussten eingreifen: Polizisten st\u00fcrmten auch den Mannheimer Block. (Archivbild)\" title=\"Mussten eingreifen: Polizisten st\u00fcrmten auch den Mannheimer Block. (Archivbild)\" loading=\"lazy\" class=\"h-full w-full object-cover\"\/><\/p>\n<p>      Icon vergr\u00f6\u00dfern<\/p>\n<p>    Mussten eingreifen: Polizisten st\u00fcrmten auch den Mannheimer Block. (Archivbild)<br \/>\n    Foto: Uwe Anspach\/dpa<\/p>\n<p>        Schlie\u00dfen <\/p>\n<p>      Icon Schlie\u00dfen<\/p>\n<p>        Icon vergr\u00f6\u00dfern<\/p>\n<p>        Icon verkleinern<\/p>\n<p>      Icon Pfeil bewegen<\/p>\n<p>    Mussten eingreifen: Polizisten st\u00fcrmten auch den Mannheimer Block. (Archivbild)<br \/>\n    Foto: Uwe Anspach\/dpa<\/p>\n<p>    <img decoding=\"async\" src=\"https:\/\/www.europesays.com\/de\/wp-content\/uploads\/2026\/08\/manuel-hagel-innenminister-von-baden-wuerttemberg.jpg\" alt=\"Innenminister Hagel will \u00fcber die Vorkommnisse beim Pokalspiel in Mannheim sprechen. (Archivbild)\" title=\"Innenminister Hagel will \u00fcber die Vorkommnisse beim Pokalspiel in Mannheim sprechen. (Archivbild)\" loading=\"lazy\" class=\"h-full w-full object-cover\"\/><\/p>\n<p>      Icon vergr\u00f6\u00dfern<\/p>\n<p>    Innenminister Hagel will \u00fcber die Vorkommnisse beim Pokalspiel in Mannheim sprechen. (Archivbild)<br \/>\n    Foto: Bernd Wei\u00dfbrod\/dpa<\/p>\n<p>        Schlie\u00dfen <\/p>\n<p>      Icon Schlie\u00dfen<\/p>\n<p>        Icon vergr\u00f6\u00dfern<\/p>\n<p>        Icon verkleinern<\/p>\n<p>      Icon Pfeil bewegen<\/p>\n<p>    Innenminister Hagel will \u00fcber die Vorkommnisse beim Pokalspiel in Mannheim sprechen. (Archivbild)<br \/>\n    Foto: Bernd Wei\u00dfbrod\/dpa<\/p>\n","protected":false},"excerpt":{"rendered":"Nach dem eskalierten S\u00fcdwest-Derby im DFB-Pokal l\u00e4dt der baden-w\u00fcrttembergische Innenminister Manuel Hagel (CDU) Fu\u00dfballvereine zu einem Gespr\u00e4ch nach&hellip;\n","protected":false},"author":2,"featured_media":1261226,"comment_status":"","ping_status":"","sticky":false,"template":"","format":"standard","meta":{"footnotes":"","_share_on_mastodon":"0"},"categories":[1845],"tags":[1634,31,3364,29,481,548,663,3934,30,13,118267,2096,33099,14,15,121,8108,12,146727,1441],"class_list":["post-1261225","post","type-post","status-publish","format-standard","has-post-thumbnail","category-mannheim","tag-baden-wuerttemberg","tag-cdu","tag-de","tag-deutschland","tag-dfb","tag-eu","tag-europa","tag-europe","tag-germany","tag-headlines","tag-krisentreffen","tag-mannheim","tag-manuel-hagel","tag-nachrichten","tag-news","tag-polizei","tag-pyrotechnik","tag-schlagzeilen","tag-stadionallianz","tag-stuttgart"],"share_on_mastodon":{"url":"https:\/\/pubeurope.com\/@de\/117160507821944938","error":""},"_links":{"self":[{"href":"https:\/\/www.europesays.com\/de\/wp-json\/wp\/v2\/posts\/1261225","targetHints":{"allow":["GET"]}}],"collection":[{"href":"https:\/\/www.europesays.com\/de\/wp-json\/wp\/v2\/posts"}],"about":[{"href":"https:\/\/www.europesays.com\/de\/wp-json\/wp\/v2\/types\/post"}],"author":[{"embeddable":true,"href":"https:\/\/www.europesays.com\/de\/wp-json\/wp\/v2\/users\/2"}],"replies":[{"embeddable":true,"href":"https:\/\/www.europesays.com\/de\/wp-json\/wp\/v2\/comments?post=1261225"}],"version-history":[{"count":0,"href":"https:\/\/www.europesays.com\/de\/wp-json\/wp\/v2\/posts\/1261225\/revisions"}],"wp:featuredmedia":[{"embeddable":true,"href":"https:\/\/www.europesays.com\/de\/wp-json\/wp\/v2\/media\/1261226"}],"wp:attachment":[{"href":"https:\/\/www.europesays.com\/de\/wp-json\/wp\/v2\/media?parent=1261225"}],"wp:term":[{"taxonomy":"category","embeddable":true,"href":"https:\/\/www.europesays.com\/de\/wp-json\/wp\/v2\/categories?post=1261225"},{"taxonomy":"post_tag","embeddable":true,"href":"https:\/\/www.europesays.com\/de\/wp-json\/wp\/v2\/tags?post=1261225"}],"curies":[{"name":"wp","href":"https:\/\/api.w.org\/{rel}","templated":true}]}}