{"id":1261238,"date":"2026-08-26T07:05:25","date_gmt":"2026-08-26T07:05:25","guid":{"rendered":"https:\/\/www.europesays.com\/de\/1261238\/"},"modified":"2026-08-26T07:05:25","modified_gmt":"2026-08-26T07:05:25","slug":"wohngebaeudesanierungen-integrierte-gebaeudeberatung-als-chance","status":"publish","type":"post","link":"https:\/\/www.europesays.com\/de\/1261238\/","title":{"rendered":"Wohngeb\u00e4udesanierungen: Integrierte Geb\u00e4udeberatung als Chance"},"content":{"rendered":"<p>Der Ansatz des &#8222;Whole Building Approach&#8220; ist in der Baubranche zwar seit L\u00e4ngerem bekannt, sch\u00f6pft sein Potenzial bei Sanierung, Modernisierung und Reparatur jedoch bislang nicht voll aus. Wie Forschende in einem aktuellen Papier aufzeigen, fehlen in der deutschen Politiklandschaft nach wie vor Instrumente, die Schnittstellen zwischen einzelnen Bauma\u00dfnahmen sowie Synergien zwischen \u00f6kologischen und sozialen Aspekten systematisch nutzen. Weder bei der Regulierung und F\u00f6rderung von Energieeffizienz, klimafreundlicher Energieversorgung oder Geb\u00e4udebegr\u00fcnung noch bei Themen wie altersgerechtem, familienfreundlichem oder bezahlbarem Wohnraum wird das Geb\u00e4ude bisher konsequent als Ganzes betrachtet.<\/p>\n<p>F\u00fcr Eigenheimbesitzer*innen ohne technischen Hintergrund stellt die Vielzahl an isolierten Beratungs- und F\u00f6rderangeboten \u2013 etwa f\u00fcr Heizungen, PV-Anlagen, Fassadenbegr\u00fcnung oder Barrierefreiheit \u2013 eine erhebliche H\u00fcrde dar, um die passenden Ma\u00dfnahmen und die optimale Reihenfolge festzulegen. Vor dem Hintergrund der aktuellen Bestrebungen zur Einrichtung sogenannter One-Stop-Shops gem\u00e4\u00df Artikel 18 der EU-Geb\u00e4uderichtlinie (EPBD) entwirft das Papier daher ein modulares Beratungs- und Unterst\u00fctzungsprogramm f\u00fcr nachhaltige Geb\u00e4ude. Dieser ganzheitliche Ansatz ber\u00fccksichtigt Effizienz, Energieversorgung, Suffizienz, Klimaanpassung, Ressourcenschonung sowie die Bed\u00fcrfnisse der Nutzenden.<\/p>\n<p>&#8222;Der integrierte Blick auf das gesamte Geb\u00e4ude ist der Schl\u00fcssel, um Synergien bei der Sanierung optimal zu heben. Mit einem modularen Beratungsansatz schaffen wir die Grundlage, um die EU-Vorgaben zu One-Stop-Shops praxistauglich umzusetzen und Eigent\u00fcmer*innen Orientierung zu bieten&#8220;, sagt Anja Bierwirth, Leiterin des Forschungsbereichs Stadtwandel am Wuppertal Institut und Co-Autorin des Artikels.<\/p>\n<p>Der englischsprachige Artikel &#8222;Make it simple to simply make it: drafting a whole building approach policy&#8220; ist f\u00fcr die Konferenz ECEEE Summer Study entstanden und greift Ergebnisse des Projekts ProRetro auf, das die Etablierung von One-Stop-Shops in Deutschland untersuchte. Er ist im folgenden Link kostenfrei abrufbar.<\/p>\n","protected":false},"excerpt":{"rendered":"Der Ansatz des &#8222;Whole Building Approach&#8220; ist in der Baubranche zwar seit L\u00e4ngerem bekannt, sch\u00f6pft sein Potenzial bei&hellip;\n","protected":false},"author":2,"featured_media":1261239,"comment_status":"","ping_status":"","sticky":false,"template":"","format":"standard","meta":{"footnotes":"","_share_on_mastodon":"0"},"categories":[1840],"tags":[3364,29,1149,4781,19165,30,1563,19164,4507,1209,19166,19162,19160,19163,19161,383,601,4418,19159],"class_list":["post-1261238","post","type-post","status-publish","format-standard","has-post-thumbnail","category-wuppertal","tag-de","tag-deutschland","tag-energie","tag-energieeffizienz","tag-ernst-ulrich-von-weizsaecker","tag-germany","tag-klima","tag-manfred-fischedick","tag-nachhaltigkeit","tag-nordrhein-westfalen","tag-peter-hennicke","tag-ressourceneffizienz","tag-stoffstroeme","tag-sustainability","tag-transition-forschung","tag-umwelt","tag-verkehr","tag-wuppertal","tag-wuppertal-institut"],"share_on_mastodon":{"url":"https:\/\/pubeurope.com\/@de\/117160544029917806","error":""},"_links":{"self":[{"href":"https:\/\/www.europesays.com\/de\/wp-json\/wp\/v2\/posts\/1261238","targetHints":{"allow":["GET"]}}],"collection":[{"href":"https:\/\/www.europesays.com\/de\/wp-json\/wp\/v2\/posts"}],"about":[{"href":"https:\/\/www.europesays.com\/de\/wp-json\/wp\/v2\/types\/post"}],"author":[{"embeddable":true,"href":"https:\/\/www.europesays.com\/de\/wp-json\/wp\/v2\/users\/2"}],"replies":[{"embeddable":true,"href":"https:\/\/www.europesays.com\/de\/wp-json\/wp\/v2\/comments?post=1261238"}],"version-history":[{"count":0,"href":"https:\/\/www.europesays.com\/de\/wp-json\/wp\/v2\/posts\/1261238\/revisions"}],"wp:featuredmedia":[{"embeddable":true,"href":"https:\/\/www.europesays.com\/de\/wp-json\/wp\/v2\/media\/1261239"}],"wp:attachment":[{"href":"https:\/\/www.europesays.com\/de\/wp-json\/wp\/v2\/media?parent=1261238"}],"wp:term":[{"taxonomy":"category","embeddable":true,"href":"https:\/\/www.europesays.com\/de\/wp-json\/wp\/v2\/categories?post=1261238"},{"taxonomy":"post_tag","embeddable":true,"href":"https:\/\/www.europesays.com\/de\/wp-json\/wp\/v2\/tags?post=1261238"}],"curies":[{"name":"wp","href":"https:\/\/api.w.org\/{rel}","templated":true}]}}