{"id":1261286,"date":"2026-08-26T07:46:21","date_gmt":"2026-08-26T07:46:21","guid":{"rendered":"https:\/\/www.europesays.com\/de\/1261286\/"},"modified":"2026-08-26T07:46:21","modified_gmt":"2026-08-26T07:46:21","slug":"white-dinner-neumuenster-2026-essen-fuer-den-guten-zweck","status":"publish","type":"post","link":"https:\/\/www.europesays.com\/de\/1261286\/","title":{"rendered":"White Dinner Neum\u00fcnster 2026: Essen f\u00fcr den guten Zweck"},"content":{"rendered":"<p class=\"\">\n                    Alles in Wei\u00df \u2013 so ist die Idee des White Dinner schon seit 1988 als Diner en blanc in Paris entstanden. Menschen treffen sich an prominenten st\u00e4dtischen Orten und bringen selbst Essen und Getr\u00e4nke mit. \u00dcber soziale Netzwerke organisiert, dient es meist einem guten Zweck.\n            <\/p>\n<p>\n                                Die Damen des Inner Wheel Clubs Neum\u00fcnster haben gebacken<br \/>\n                            Foto: Birgit Kafvelstr\u00f6m<\/p>\n<p><img decoding=\"async\" src=\"https:\/\/www.europesays.com\/de\/wp-content\/uploads\/2026\/08\/cfff47c35d1dc936.jpg\" title=\"Die Damen des Inner Wheel Clubs Neum\u00fcnster haben gebacken\" alt=\"Die Damen des Inner Wheel Clubs Neum\u00fcnster haben gebacken\" class=\"lightbox__single-image__content__image-wrapper__img\" loading=\"lazy\" width=\"375\" height=\"210\"\/>Icon MaximizeIcon Lightbox Maximize<\/p>\n<p>SchliessenX ZeichenKleines Zeichen welches ein X symbolisiert<\/p>\n<p><img decoding=\"async\" class=\"lightbox--enabled__container__image-wrapper__img\" src=\"\" alt=\"\"\/><\/p>\n<p class=\"\">\n                    Und so soll es auch diesmal wieder sein. F\u00fcnf Serviceclubs aus Neum\u00fcnster haben bereits seit Anfang des Jahres dieses sch\u00f6ne Event vorbereitet. Nach einem ersten Versuch im letzten Jahr hoffen die Veranstalter auf noch mehr Interesse bei den Neum\u00fcnsteraner B\u00fcrgern. Schlie\u00dflich dient die \u201eStuhlmiete\u201c einem guten Zweck. Wir machen uns stark f\u00fcr ein Wasserspiel im Rencks Park f\u00fcr die Kinder der Innenstadt.<\/p>\n<p>Am Samstag, 29. August, findet das White Dinner von 16 Uhr bis 21.30 Uhr auf dem Kleinflecken statt. Die Kleiderordnung ist wei\u00df. Wir werden unter wundersch\u00f6nen wei\u00dfen Baldachinzelten an einer festlich gedeckten Tafel sitzen und musikalische Darbietungen auf unserer B\u00fchne sowie einen prominenten Diskjockey aus Hamburg erleben.\n            <\/p>\n<p>\n                                Hhm, das ist lecker!<br \/>\n                            Foto: Birgit Kafvelstr\u00f6m<\/p>\n<p><img decoding=\"async\" src=\"https:\/\/www.europesays.com\/de\/wp-content\/uploads\/2026\/08\/f7c0fc0297229f45.jpg\" title=\"Hhm, das ist lecker!\" alt=\"Hhm, das ist lecker!\" class=\"lightbox__single-image__content__image-wrapper__img\" loading=\"lazy\" width=\"375\" height=\"210\"\/>Icon MaximizeIcon Lightbox Maximize<\/p>\n<p>SchliessenX ZeichenKleines Zeichen welches ein X symbolisiert<\/p>\n<p><img decoding=\"async\" class=\"lightbox--enabled__container__image-wrapper__img\" src=\"\" alt=\"\"\/><\/p>\n<p class=\"\">\n                    Und so funktioniert es:<br \/>Sie kaufen vielleicht schon vorab einen \u201eStuhl\u201c \u00fcber die Veranstaltungsseite der Weinvertikale Neum\u00fcnster. Diesen Stuhl stellen Sie mit an die vorbereitete lange Tafel und sitzen mittendrin, am liebsten unter Freunden. \u00dcber das Portal betr\u00e4gt der \u201eEintritt\u201c 15 Euro. Falls Sie noch unentschlossen sind, k\u00f6nnen Sie \u201eIhren Stuhl\u201c auch direkt vor Ort bezahlen und nehmen ebenfalls am tollen Geschehen teil. Hier wird der Eintritt 20 Euro kosten. Bitte bringen Sie sich volle Picknickk\u00f6rbe mit und teilen Sie den Inhalt mit Freunden und Bekannten. Bringen Sie \u201eKind und Kegel\u201c mit und feiern Sie mit uns. Wer keine Lust hat, etwas vorzubereiten, kann sich an unseren kulinarischen St\u00e4nden selbstverst\u00e4ndlich etwas kaufen. Auch diese Einnahmen dienen dem vorbenannten Zweck.<\/p>\n<p>Selbst wenn die Wettervorhersage nicht so prickelnd ist \u2013 Sie sitzen gesch\u00fctzt unter wasserdichten Zelten. Seien Sie dabei. Es lohnt sich f\u00fcr uns alle!<\/p>\n<p>White Dinner 2026<br \/>Samstag, 29. August, 16 Uhr bis 21.30 Uhr<\/p>\n<p>Dieser Text wurde erstellt von:<br \/>Birgit Kafvelstr\u00f6m<br \/>Inner Wheel Club Neum\u00fcnster\n            <\/p>\n","protected":false},"excerpt":{"rendered":"Alles in Wei\u00df \u2013 so ist die Idee des White Dinner schon seit 1988 als Diner en blanc&hellip;\n","protected":false},"author":2,"featured_media":1261287,"comment_status":"","ping_status":"","sticky":false,"template":"","format":"standard","meta":{"footnotes":"","_share_on_mastodon":"0"},"categories":[1834],"tags":[3364,29,3688,17445,30,692,10941,27499,1209,319,3866],"class_list":["post-1261286","post","type-post","status-publish","format-standard","has-post-thumbnail","category-essen","tag-de","tag-deutschland","tag-essen","tag-fest","tag-germany","tag-hamburg","tag-hotel-und-gaststaetten","tag-neumuenster","tag-nordrhein-westfalen","tag-paris","tag-veranstaltungen"],"share_on_mastodon":{"url":"https:\/\/pubeurope.com\/@de\/117160707882440576","error":""},"_links":{"self":[{"href":"https:\/\/www.europesays.com\/de\/wp-json\/wp\/v2\/posts\/1261286","targetHints":{"allow":["GET"]}}],"collection":[{"href":"https:\/\/www.europesays.com\/de\/wp-json\/wp\/v2\/posts"}],"about":[{"href":"https:\/\/www.europesays.com\/de\/wp-json\/wp\/v2\/types\/post"}],"author":[{"embeddable":true,"href":"https:\/\/www.europesays.com\/de\/wp-json\/wp\/v2\/users\/2"}],"replies":[{"embeddable":true,"href":"https:\/\/www.europesays.com\/de\/wp-json\/wp\/v2\/comments?post=1261286"}],"version-history":[{"count":0,"href":"https:\/\/www.europesays.com\/de\/wp-json\/wp\/v2\/posts\/1261286\/revisions"}],"wp:featuredmedia":[{"embeddable":true,"href":"https:\/\/www.europesays.com\/de\/wp-json\/wp\/v2\/media\/1261287"}],"wp:attachment":[{"href":"https:\/\/www.europesays.com\/de\/wp-json\/wp\/v2\/media?parent=1261286"}],"wp:term":[{"taxonomy":"category","embeddable":true,"href":"https:\/\/www.europesays.com\/de\/wp-json\/wp\/v2\/categories?post=1261286"},{"taxonomy":"post_tag","embeddable":true,"href":"https:\/\/www.europesays.com\/de\/wp-json\/wp\/v2\/tags?post=1261286"}],"curies":[{"name":"wp","href":"https:\/\/api.w.org\/{rel}","templated":true}]}}