{"id":1261323,"date":"2026-08-26T08:09:25","date_gmt":"2026-08-26T08:09:25","guid":{"rendered":"https:\/\/www.europesays.com\/de\/1261323\/"},"modified":"2026-08-26T08:09:25","modified_gmt":"2026-08-26T08:09:25","slug":"angriff-in-berlin-treptow-zwei-menschen-mit-pfefferspray-und-einem-spitzen-gegenstand-attackiert","status":"publish","type":"post","link":"https:\/\/www.europesays.com\/de\/1261323\/","title":{"rendered":"Angriff in Berlin-Treptow: Zwei Menschen mit Pfefferspray und einem spitzen Gegenstand attackiert"},"content":{"rendered":"<p class=\"tspCJpg tspCJph\">Zwei 28-J\u00e4hrige sind nach Angaben der Berliner Polizei am sp\u00e4ten Dienstagabend in Berlin-Treptow verletzt worden. Der Vorfall ereignete sich gegen 23.55 Uhr im Bereich der Lohm\u00fchlenstra\u00dfe, an der Ecke Kiefholzstra\u00dfe sowie auf der Lohm\u00fchleninsel.<\/p>\n<p class=\"tspCJpg\">Nach Angaben einer Sprecherin der Polizei trafen die beiden auf einen bislang unbekannten, 17 Jahre alten Tatverd\u00e4chtigen. Im Verlauf der Begegnung soll der Jugendliche den Angaben zufolge beiden Pfefferspray ins Gesicht gespr\u00fcht haben. Der 28-j\u00e4hrige Mann wurde anschlie\u00dfend mit einem spitzen Gegenstand am Arm verletzt. Zudem erlitt er durch einen Schlag auf den Kopf Schnittverletzungen. Die 28-j\u00e4hrige Frau wurde an der Hand verletzt.<\/p>\n<p class=\"tspCJpg\">Der Tatverd\u00e4chtige fl\u00fcchtete, Polizeiangaben zufolge, zun\u00e4chst in unbekannte Richtung. Die weiteren Ermittlungen dauern an.<\/p>\n<p>Lesen Sie auch<a href=\"https:\/\/www.tagesspiegel.de\/berlin\/angriff-in-tempelhof-schoneberg-53-jahriger-in-die-brust-gestochen--polizei-ermittelt-15982295.html?icid=topic-list_15982397___\" data-gtm-class=\"article-mzt-link\" data-hydrate-fingerprint=\"09740a54944caac75fd2c0c63fd5c5df\" data-hydrate-props=\"{&amp;escapedquot;element&amp;escapedquot;:{&amp;escapedquot;type&amp;escapedquot;:&amp;escapedquot;relatedContent&amp;escapedquot;,&amp;escapedquot;fieldMap&amp;escapedquot;:{},&amp;escapedquot;relation&amp;escapedquot;:{&amp;escapedquot;fields&amp;escapedquot;:{&amp;escapedquot;isPaid&amp;escapedquot;:null},&amp;escapedquot;href&amp;escapedquot;:&amp;escapedquot;\/berlin\/angriff-in-tempelhof-schoneberg-53-jahriger-in-die-brust-gestochen--polizei-ermittelt-15982295.html&amp;escapedquot;,&amp;escapedquot;teaserTitle&amp;escapedquot;:{&amp;escapedquot;kicker&amp;escapedquot;:&amp;escapedquot;Angriff in Tempelhof-Sch\u00f6neberg&amp;escapedquot;,&amp;escapedquot;headline&amp;escapedquot;:&amp;escapedquot;53-J\u00e4hriger in die Brust gestochen \u2013 Polizei ermittelt&amp;escapedquot;},&amp;escapedquot;id&amp;escapedquot;:&amp;escapedquot;15982295&amp;escapedquot;,&amp;escapedquot;type&amp;escapedquot;:&amp;escapedquot;story&amp;escapedquot;},&amp;escapedquot;isPartOfList&amp;escapedquot;:true,&amp;escapedquot;topicListType&amp;escapedquot;:&amp;escapedquot;topic-list&amp;escapedquot;},&amp;escapedquot;showArrow&amp;escapedquot;:true}\" data-hydrate-slots=\"{&#039;default&#039;:[]}\" class=\"tspCPp3 tspDEsb\" rel=\"nofollow noopener\" target=\"_blank\">Angriff in Tempelhof-Sch\u00f6neberg 53-J\u00e4hriger in die Brust gestochen \u2013 Polizei ermittelt <\/a><a href=\"https:\/\/www.tagesspiegel.de\/berlin\/polizei-justiz\/schusse-auf-cafe-in-neukolln-verdachtiger-nach-erpressung-in-berlin-gefasst-15964134.html?icid=topic-list_15982397___\" data-gtm-class=\"article-mzt-link\" data-hydrate-fingerprint=\"09740a54944caac75fd2c0c63fd5c5df\" data-hydrate-props=\"{&amp;escapedquot;element&amp;escapedquot;:{&amp;escapedquot;type&amp;escapedquot;:&amp;escapedquot;relatedContent&amp;escapedquot;,&amp;escapedquot;fieldMap&amp;escapedquot;:{},&amp;escapedquot;relation&amp;escapedquot;:{&amp;escapedquot;fields&amp;escapedquot;:{&amp;escapedquot;isPaid&amp;escapedquot;:null},&amp;escapedquot;href&amp;escapedquot;:&amp;escapedquot;\/berlin\/polizei-justiz\/schusse-auf-cafe-in-neukolln-verdachtiger-nach-erpressung-in-berlin-gefasst-15964134.html&amp;escapedquot;,&amp;escapedquot;teaserTitle&amp;escapedquot;:{&amp;escapedquot;kicker&amp;escapedquot;:&amp;escapedquot;Sch\u00fcsse auf Caf\u00e9 in Neuk\u00f6lln&amp;escapedquot;,&amp;escapedquot;headline&amp;escapedquot;:&amp;escapedquot;Verd\u00e4chtiger nach versuchtem Mord in Berlin gefasst&amp;escapedquot;},&amp;escapedquot;id&amp;escapedquot;:&amp;escapedquot;15964134&amp;escapedquot;,&amp;escapedquot;type&amp;escapedquot;:&amp;escapedquot;story&amp;escapedquot;},&amp;escapedquot;isPartOfList&amp;escapedquot;:true,&amp;escapedquot;topicListType&amp;escapedquot;:&amp;escapedquot;topic-list&amp;escapedquot;},&amp;escapedquot;showArrow&amp;escapedquot;:true}\" data-hydrate-slots=\"{&#039;default&#039;:[]}\" class=\"tspCPp3 tspDEsb\" rel=\"nofollow noopener\" target=\"_blank\">Sch\u00fcsse auf Caf\u00e9 in Neuk\u00f6lln Verd\u00e4chtiger nach versuchtem Mord in Berlin gefasst <\/a><a href=\"https:\/\/www.tagesspiegel.de\/berlin\/schule\/ein-jahr-nach-dem-messerangriff-an-einer-berliner-grundschule-max-geht-es-besser--doch-die-wut-ist-noch-da-ich-habe-nicht-so-viel-ausdauer-wie-fruher-aber-sonst-merke-ich-eigentlich-nichts-mehr-15743056.html?icid=topic-list_15982397___\" data-gtm-class=\"article-mzt-link\" data-hydrate-fingerprint=\"09740a54944caac75fd2c0c63fd5c5df\" data-hydrate-props=\"{&amp;escapedquot;element&amp;escapedquot;:{&amp;escapedquot;type&amp;escapedquot;:&amp;escapedquot;relatedContent&amp;escapedquot;,&amp;escapedquot;fieldMap&amp;escapedquot;:{},&amp;escapedquot;relation&amp;escapedquot;:{&amp;escapedquot;fields&amp;escapedquot;:{&amp;escapedquot;isPaid&amp;escapedquot;:true},&amp;escapedquot;href&amp;escapedquot;:&amp;escapedquot;\/berlin\/schule\/ein-jahr-nach-dem-messerangriff-an-einer-berliner-grundschule-max-geht-es-besser--doch-die-wut-ist-noch-da-ich-habe-nicht-so-viel-ausdauer-wie-fruher-aber-sonst-merke-ich-eigentlich-nichts-mehr-15743056.html&amp;escapedquot;,&amp;escapedquot;teaserTitle&amp;escapedquot;:{&amp;escapedquot;kicker&amp;escapedquot;:&amp;escapedquot;Ein Jahr nach dem Messerangriff an einer Berliner Grundschule&amp;escapedquot;,&amp;escapedquot;headline&amp;escapedquot;:&amp;escapedquot;Max geht es besser\u00a0\u2013 doch die Wut ist noch da&amp;escapedquot;},&amp;escapedquot;id&amp;escapedquot;:&amp;escapedquot;15743056&amp;escapedquot;,&amp;escapedquot;type&amp;escapedquot;:&amp;escapedquot;story&amp;escapedquot;},&amp;escapedquot;isPartOfList&amp;escapedquot;:true,&amp;escapedquot;topicListType&amp;escapedquot;:&amp;escapedquot;topic-list&amp;escapedquot;},&amp;escapedquot;showArrow&amp;escapedquot;:true}\" data-hydrate-slots=\"{&#039;default&#039;:[]}\" class=\"tspCPp3 tspDEsb\" rel=\"nofollow noopener\" target=\"_blank\">Ein Jahr nach dem Messerangriff an einer Berliner Grundschule Max geht es besser\u00a0\u2013 doch die Wut ist noch da <\/a><\/p>\n<p class=\"tspCJpg\">Erst Montagabend waren bei einer <a href=\"https:\/\/www.tagesspiegel.de\/berlin\/schnittwunden-am-kopf-ausgeschlagene-zahne-mann-bei-nachtlichem-streit-vor-berliner-bar-verletzt-15978158.html?icid=in-text-link_15982397\" class=\"link link--internal\" data-gtm-class=\"article-text-link\" data-gtm-val=\"internal\" rel=\"nofollow noopener\" target=\"_blank\">\u00e4hnlichen Auseinandersetzung<\/a> vor einer Bar in Tempelhof-Sch\u00f6neberg zwei M\u00e4nner verletzt worden. Nach Angaben der Polizei sollen Unbekannte Pfefferspray und ein Messer eingesetzt haben. Die Polizei ermittelt wegen gef\u00e4hrlicher K\u00f6rperverletzung.<\/p>\n","protected":false},"excerpt":{"rendered":"Zwei 28-J\u00e4hrige sind nach Angaben der Berliner Polizei am sp\u00e4ten Dienstagabend in Berlin-Treptow verletzt worden. Der Vorfall ereignete&hellip;\n","protected":false},"author":2,"featured_media":1261324,"comment_status":"","ping_status":"","sticky":false,"template":"","format":"standard","meta":{"footnotes":"","_share_on_mastodon":"0"},"categories":[1825],"tags":[296,29,30,1635],"class_list":["post-1261323","post","type-post","status-publish","format-standard","has-post-thumbnail","category-berlin","tag-berlin","tag-deutschland","tag-germany","tag-jugend"],"share_on_mastodon":{"url":"https:\/\/pubeurope.com\/@de\/117160795557548753","error":""},"_links":{"self":[{"href":"https:\/\/www.europesays.com\/de\/wp-json\/wp\/v2\/posts\/1261323","targetHints":{"allow":["GET"]}}],"collection":[{"href":"https:\/\/www.europesays.com\/de\/wp-json\/wp\/v2\/posts"}],"about":[{"href":"https:\/\/www.europesays.com\/de\/wp-json\/wp\/v2\/types\/post"}],"author":[{"embeddable":true,"href":"https:\/\/www.europesays.com\/de\/wp-json\/wp\/v2\/users\/2"}],"replies":[{"embeddable":true,"href":"https:\/\/www.europesays.com\/de\/wp-json\/wp\/v2\/comments?post=1261323"}],"version-history":[{"count":0,"href":"https:\/\/www.europesays.com\/de\/wp-json\/wp\/v2\/posts\/1261323\/revisions"}],"wp:featuredmedia":[{"embeddable":true,"href":"https:\/\/www.europesays.com\/de\/wp-json\/wp\/v2\/media\/1261324"}],"wp:attachment":[{"href":"https:\/\/www.europesays.com\/de\/wp-json\/wp\/v2\/media?parent=1261323"}],"wp:term":[{"taxonomy":"category","embeddable":true,"href":"https:\/\/www.europesays.com\/de\/wp-json\/wp\/v2\/categories?post=1261323"},{"taxonomy":"post_tag","embeddable":true,"href":"https:\/\/www.europesays.com\/de\/wp-json\/wp\/v2\/tags?post=1261323"}],"curies":[{"name":"wp","href":"https:\/\/api.w.org\/{rel}","templated":true}]}}