{"id":1261402,"date":"2026-08-26T08:56:15","date_gmt":"2026-08-26T08:56:15","guid":{"rendered":"https:\/\/www.europesays.com\/de\/1261402\/"},"modified":"2026-08-26T08:56:15","modified_gmt":"2026-08-26T08:56:15","slug":"migration-us-regierung-setzt-offenbar-vergabe-von-einwanderungsvisa-aus","status":"publish","type":"post","link":"https:\/\/www.europesays.com\/de\/1261402\/","title":{"rendered":"Migration: US-Regierung setzt offenbar Vergabe von Einwanderungsvisa aus"},"content":{"rendered":"<p class=\"paragraph article__item\">Die US-Regierung von Pr\u00e4sident <a class=\"rtr-entity\" href=\"https:\/\/www.zeit.de\/thema\/donald-trump\" rel=\"nofollow noopener\" target=\"_blank\">Donald Trump<\/a> hat laut einem Medienbericht Bewerbungen f\u00fcr Einwanderungsvisa vor\u00fcbergehend pausiert. Das berichtet die Financial Times. Zun\u00e4chst m\u00fcssten Mitarbeiter in den weltweiten US-Botschaften und -Konsulaten ein Training absolvieren, das ihnen dabei helfen soll, Antragsteller herauszufiltern, die m\u00f6glicherweise das US-Sozialsystem belasten k\u00f6nnten, teilte ein Sprecher des US-Au\u00dfenministeriums mit.\n<\/p>\n<p class=\"paragraph article__item\">Wie die Financial Times zuvor <a href=\"https:\/\/www.ft.com\/content\/857fb8e1-eec6-443e-97e8-f6876302aabc?syn-25a6b1a6=1\" target=\"_blank\" rel=\"nofollow noopener\">berichtet<\/a> hatte, haben einige Visumsbewerber bereits E-Mail-Benachrichtigungen erhalten, wonach geplante Bewerbungsgespr\u00e4che auf noch unbekannte Zeit verschoben w\u00fcrden. Neue Termine w\u00fcrden in einer zuk\u00fcnftigen E-Mail bekannt gegeben, teilten Botschaften und Konsulate demnach mit.\n<\/p>\n<p class=\"paragraph article__item\">Die US-Regierung plant <a href=\"https:\/\/www.zeit.de\/politik\/ausland\/2026-08\/us-visum-usa-visa-widerruf-regierung\" target=\"_blank\" rel=\"nofollow noopener\">laut weiteren \u00fcbereinstimmenden Medienberichten<\/a> den Widerruf von bis zu 200.000 Gesch\u00e4fts- und Touristenvisa.\n<\/p>\n<p>            Gericht hatte kategorischen Visastopp untersagt            <\/p>\n<p class=\"paragraph article__item\">US-Pr\u00e4sident Trump schr\u00e4nkt die Einwanderung in den <a class=\"rtr-entity\" href=\"https:\/\/www.zeit.de\/thema\/usa\" rel=\"nofollow noopener\" target=\"_blank\">USA<\/a> zunehmend ein. Als Teil seiner rigorosen Migrationspolitik haben seine Beh\u00f6rden <a href=\"https:\/\/www.zeit.de\/politik\/ausland\/2026-05\/usa-einwanderungsbehoerde-ice-anklage-schuesse-minnesota\" target=\"_blank\" rel=\"nofollow noopener\">gewaltsame Abschiebungen<\/a> erh\u00f6ht und die <a href=\"https:\/\/www.zeit.de\/politik\/ausland\/2026-05\/usa-greencard-neue-regeln-verschaerft-ausland\" target=\"_blank\" rel=\"nofollow noopener\">Visavergabe eingeschr\u00e4nkt<\/a> oder bestehende Visa entzogen. Vor allem Menschen aus bestimmten L\u00e4ndern sowie jene mit politischen Ansichten, die der US-Regierung nicht passen, stehen dabei im Blick der Beh\u00f6rden. Unter anderem strich die Regierung propal\u00e4stinensischen Aktivisten die Aufenthaltserlaubnis.\n<\/p>\n<p>                            \u00a9\u00a0Lea Dohle<\/p>\n<p>\n                                        Newsletter<br \/>\n                                        Was jetzt? \u2013 Der t\u00e4gliche Morgen\u00fcberblick<\/p>\n<p class=\"newsletter-signup__text\">Starten Sie mit unserem kurzen Nachrichten-Newsletter in den Tag. Erhalten Sie zudem freitags das digitale Magazin ZEIT am Wochenende.<\/p>\n<p class=\"newsletter-signup__datapolicy\" hidden=\"\">\n            Mit Ihrer Registrierung nehmen Sie die <a href=\"https:\/\/datenschutz.zeit.de\/zon#Newsletter\" target=\"_blank\" rel=\"nofollow noopener\">Datenschutzerkl\u00e4rung<\/a> zur Kenntnis.\n        <\/p>\n<p>    Vielen Dank! Wir haben Ihnen eine E-Mail geschickt.<\/p>\n<p>Pr\u00fcfen Sie Ihr Postfach und best\u00e4tigen Sie das Newsletter-Abonnement.<\/p>\n<p class=\"paragraph article__item\">Trump betont immer wieder, sein <a href=\"https:\/\/www.zeit.de\/politik\/ausland\/2026-08\/us-einwanderungsbehoerde-ice-festnahmen-usa-donald-trump\" target=\"_blank\" rel=\"nofollow noopener\">harter Kurs<\/a> sei n\u00f6tig, um die USA sicherer zu machen. Menschenrechtsorganisationen verurteilen das Vorgehen dagegen als Diskriminierung. Auch zahlreiche Gerichte sind eingeschaltet \u2013 in einem j\u00fcngsten Urteil entschied ein US-Bundesgericht am Freitag den von US-Au\u00dfenminister Marco Rubio verh\u00e4ngten <a href=\"https:\/\/www.zeit.de\/politik\/ausland\/2026-08\/us-einwanderungsvisa-stopp-marco-rubio-gericht-gxe\" target=\"_blank\" rel=\"nofollow noopener\">pauschalen Visavergabestopp f\u00fcr Antragsteller aus 75 f\u00fcr \u00bboffensichtlich rechtswidrig\u00ab<\/a>.\n<\/p>\n<p class=\"paragraph article__item\">Mit der Richtlinie wollte die US-Regierung Menschen aus bestimmten L\u00e4ndern, etwa in Lateinamerika oder dem Nahen Osten, kategorisch aufgrund ihrer Staatsangeh\u00f6rigkeit ein Visum vorenthalten. Bei diesen Antragstellern bestehe ein hohes Risiko, dass sie dem Sozialstaat zur Last fallen, hatte Rubio die Regelung damals begr\u00fcndet.\n<\/p>\n<p class=\"paragraph article__item\">Transparenzhinweis: In einer fr\u00fcheren Fassung dieser Meldung war von einem weltweiten Stopp der Visavergabe die Rede. Tats\u00e4chlich bezieht sich die Financial Times in ihrer Berichterstattung lediglich auf Einwanderungsvisa; der Sprecher des US-Au\u00dfenministeriums \u00e4u\u00dferte sich gegen\u00fcber der Nachrichtenagentur Reuters in Reaktion auf die Berichterstattung der FT.\n<\/p>\n<p>Mehr zum Thema<\/p>\n<p>            Einwandererland USA?        <\/p>\n<p>                <a href=\"https:\/\/www.zeit.de\/campus\/2025-05\/usa-regierung-studium-au-pair-auslandsjahr-ausreise\" data-ct-label=\"Visaverfahren in den USA: &quot;Angst, dass ein falscher Post reicht, um abgewiesen zu werden&quot;\" data-uuid=\"f8b7aaa2-95bf-499b-8581-ac6184664e04\" rel=\"nofollow noopener\" target=\"_blank\"><\/p>\n<p>        Z+ (abopflichtiger Inhalt);<\/p>\n<p>    Visaverfahren in den USA:<br \/>\n                        &#8222;Angst, dass ein falscher Post reicht, um abgewiesen zu werden&#8220;<\/p>\n<p>                <\/a><\/p>\n<p>                <a href=\"https:\/\/www.zeit.de\/politik\/ausland\/2026-01\/ice-einsatz-usa-minneapolis-minnesota\" data-ct-label=\"ICE-Eins\u00e4tze: Wie Trump ICE zur Waffe macht\" data-uuid=\"27712d86-c5bf-493a-a1d2-89d7962316a9\" rel=\"nofollow noopener\" target=\"_blank\"><\/p>\n<p>        Z+ (abopflichtiger Inhalt);<\/p>\n<p>    ICE-Eins\u00e4tze:<br \/>\n                        Wie Trump ICE zur Waffe macht<\/p>\n<p>                <\/a><\/p>\n<p>                <a href=\"https:\/\/www.zeit.de\/bildung\/2026-07\/studieren-usa-us-universitaeten-bewerberzahlen\" data-ct-label=\"Studieren in den USA: Das Ende der Sehnsucht?\" data-uuid=\"da207fe6-6af1-43bb-97b5-5d7bdb3e2c9c\" rel=\"nofollow noopener\" target=\"_blank\"><\/p>\n<p>        Z+ (abopflichtiger Inhalt);<\/p>\n<p>    Studieren in den USA:<br \/>\n                        Das Ende der Sehnsucht?<\/p>\n<p>                <\/a><\/p>\n","protected":false},"excerpt":{"rendered":"Die US-Regierung von Pr\u00e4sident Donald Trump hat laut einem Medienbericht Bewerbungen f\u00fcr Einwanderungsvisa vor\u00fcbergehend pausiert. Das berichtet die&hellip;\n","protected":false},"author":2,"featured_media":1260959,"comment_status":"","ping_status":"","sticky":false,"template":"","format":"standard","meta":{"footnotes":"","_share_on_mastodon":"0"},"categories":[5],"tags":[331,332,12315,3364,29,106,30,13,382,14,15,16,12,64,1783],"class_list":["post-1261402","post","type-post","status-publish","format-standard","has-post-thumbnail","category-nachrichten","tag-aktuelle-nachrichten","tag-aktuelle-news","tag-aussenministerium-der-vereinigten-staaten","tag-de","tag-deutschland","tag-donald-trump","tag-germany","tag-headlines","tag-migration","tag-nachrichten","tag-news","tag-politik","tag-schlagzeilen","tag-usa","tag-visum"],"share_on_mastodon":{"url":"https:\/\/pubeurope.com\/@de\/117160980399502703","error":""},"_links":{"self":[{"href":"https:\/\/www.europesays.com\/de\/wp-json\/wp\/v2\/posts\/1261402","targetHints":{"allow":["GET"]}}],"collection":[{"href":"https:\/\/www.europesays.com\/de\/wp-json\/wp\/v2\/posts"}],"about":[{"href":"https:\/\/www.europesays.com\/de\/wp-json\/wp\/v2\/types\/post"}],"author":[{"embeddable":true,"href":"https:\/\/www.europesays.com\/de\/wp-json\/wp\/v2\/users\/2"}],"replies":[{"embeddable":true,"href":"https:\/\/www.europesays.com\/de\/wp-json\/wp\/v2\/comments?post=1261402"}],"version-history":[{"count":0,"href":"https:\/\/www.europesays.com\/de\/wp-json\/wp\/v2\/posts\/1261402\/revisions"}],"wp:featuredmedia":[{"embeddable":true,"href":"https:\/\/www.europesays.com\/de\/wp-json\/wp\/v2\/media\/1260959"}],"wp:attachment":[{"href":"https:\/\/www.europesays.com\/de\/wp-json\/wp\/v2\/media?parent=1261402"}],"wp:term":[{"taxonomy":"category","embeddable":true,"href":"https:\/\/www.europesays.com\/de\/wp-json\/wp\/v2\/categories?post=1261402"},{"taxonomy":"post_tag","embeddable":true,"href":"https:\/\/www.europesays.com\/de\/wp-json\/wp\/v2\/tags?post=1261402"}],"curies":[{"name":"wp","href":"https:\/\/api.w.org\/{rel}","templated":true}]}}