{"id":1261423,"date":"2026-08-26T09:10:14","date_gmt":"2026-08-26T09:10:14","guid":{"rendered":"https:\/\/www.europesays.com\/de\/1261423\/"},"modified":"2026-08-26T09:10:14","modified_gmt":"2026-08-26T09:10:14","slug":"bremer-weinfest-2026-termine-orte-und-programm","status":"publish","type":"post","link":"https:\/\/www.europesays.com\/de\/1261423\/","title":{"rendered":"Bremer Weinfest 2026: Termine, Orte und Programm"},"content":{"rendered":"<p>Wein probieren, kulinarische Angebote entdecken und dabei Musik h\u00f6ren: Das Bremer Weinfest bringt ab Donnerstag Genuss auf mehrere Pl\u00e4tze rund um Rathaus und Roland. Die wichtigsten Termine und Orte im \u00dcberblick. <\/p>\n<p>Bremen wird Ende August zum Treffpunkt f\u00fcr Weinfreunde: Vom 27. bis zum 30. August 2026 findet das Bremer Weinfest in der Innenstadt statt. Zwischen Marktplatz, Domshof und Grasmarkt pr\u00e4sentieren regionale Weinh\u00e4ndler, Winzer aus deutschen Weinregionen und Gastronomen ihre Auswahl. <\/p>\n<p>Das Fest geht 2026 in die zweite Runde. Neben dem Weinangebot erwartet Besucher ein Rahmenprogramm mit musikalischen Acts und Vortr\u00e4gen zur Weinkultur. Auch f\u00fcr den Hunger zwischendurch gibt es verschiedene Angebote. <\/p>\n<p>            &#13;<br \/>\n              Diese Zeiten gelten beim Bremer Weinfest <\/p>\n<ul class=\"disc\">\n<li>Donnerstag, 27. August: 16 bis 22 Uhr<\/li>\n<li>Freitag, 28. August: 13 bis 23 Uhr<\/li>\n<li>Samstag, 29. August: 13 bis 23 Uhr<\/li>\n<li>Sonntag, 30. August: 11 bis 18 Uhr<\/li>\n<\/ul>\n<p>An diesen Orten wird ausgeschenkt <\/p>\n<p>Das <a href=\"https:\/\/www.bremen-city.de\/de\/veranstaltungen\/bremer-weinfest-2026\/\" target=\"_blank\" rel=\"noopener nofollow\" title=\"\">Weinfest<\/a> verteilt sich auf mehrere Pl\u00e4tze rund um Bremens historische Innenstadt: <\/p>\n<ul class=\"disc\">\n<li>Marktplatz: Weinh\u00e4ndler und Gastronomen aus Bremen und Umgebung<\/li>\n<li>Domshof: Winzer aus Rheinland-Pfalz<\/li>\n<li>Grasmarkt: Speisen und Angebote f\u00fcr den kleinen Hunger<\/li>\n<li>Unser Lieben Frauen Kirchhof: Winzer aus deutschen Weinregionen<\/li>\n<\/ul>\n<p>Auf dem Marktplatz sind unter anderem vom Fass, der Bremer Ratskeller Weinhandel, Ludwig von Kapff und das Weinsalon Hermann Bacher vertreten. Auf dem Domshof schenken zahlreiche Weing\u00fcter aus, darunter Weingut Decker &amp; Sohn, Weingut Lorenz, Weingut Schmitt und Weingut Schlossm\u00fchlenhof. <\/p>\n<p>Kaufmannstafel erg\u00e4nzt das Weinfest am Freitag und Samstag <\/p>\n<p>Parallel zum <a href=\"https:\/\/www.bremen-city.de\/de\/veranstaltungen\/bremer-weinfest-2026\/\" target=\"_blank\" rel=\"noopener nofollow\" title=\"\">Weinfest<\/a> l\u00e4dt die Kaufmannstafel in der S\u00f6gestra\u00dfe am Freitag und Samstag jeweils ab 12 Uhr zum gemeinsamen Essen und Trinken ein. An langen Tischen gibt es ausgew\u00e4hlte Speisen, Softdrinks und Weine. <\/p>\n<p>Die Veranstaltung verbindet Kulinarik und Geselligkeit mit der Geschichte der S\u00f6gestra\u00dfe. Sie erinnert an die Bronzeskulptur \u201eHirt mit Schweinen\u201c, die als Wahrzeichen der Einkaufsstra\u00dfe gilt. <\/p>\n<p>So reist man bequem zu der Veranstaltung an <\/p>\n<p>F\u00fcr die Anfahrt mit Bus und Bahn bieten sich die Haltestellen Obernstra\u00dfe, Sch\u00fcsselkorb und Domsheide an. Autofahrer k\u00f6nnen unter anderem die Parkh\u00e4user Pressehaus, Mitte und Am Dom sowie die Parkgarage des Atlantic Grand Hotel Bremen nutzen. (pm\/bal)  <\/p>\n","protected":false},"excerpt":{"rendered":"Wein probieren, kulinarische Angebote entdecken und dabei Musik h\u00f6ren: Das Bremer Weinfest bringt ab Donnerstag Genuss auf mehrere&hellip;\n","protected":false},"author":2,"featured_media":1261424,"comment_status":"","ping_status":"","sticky":false,"template":"","format":"standard","meta":{"footnotes":"","_share_on_mastodon":"0"},"categories":[1824],"tags":[25207,2420,3364,29,4974,30,810,4749],"class_list":["post-1261423","post","type-post","status-publish","format-standard","has-post-thumbnail","category-bremen","tag-weinfest","tag-bremen","tag-de","tag-deutschland","tag-essen-und-trinken","tag-germany","tag-musik","tag-wochenende"],"share_on_mastodon":{"url":"","error":""},"_links":{"self":[{"href":"https:\/\/www.europesays.com\/de\/wp-json\/wp\/v2\/posts\/1261423","targetHints":{"allow":["GET"]}}],"collection":[{"href":"https:\/\/www.europesays.com\/de\/wp-json\/wp\/v2\/posts"}],"about":[{"href":"https:\/\/www.europesays.com\/de\/wp-json\/wp\/v2\/types\/post"}],"author":[{"embeddable":true,"href":"https:\/\/www.europesays.com\/de\/wp-json\/wp\/v2\/users\/2"}],"replies":[{"embeddable":true,"href":"https:\/\/www.europesays.com\/de\/wp-json\/wp\/v2\/comments?post=1261423"}],"version-history":[{"count":0,"href":"https:\/\/www.europesays.com\/de\/wp-json\/wp\/v2\/posts\/1261423\/revisions"}],"wp:featuredmedia":[{"embeddable":true,"href":"https:\/\/www.europesays.com\/de\/wp-json\/wp\/v2\/media\/1261424"}],"wp:attachment":[{"href":"https:\/\/www.europesays.com\/de\/wp-json\/wp\/v2\/media?parent=1261423"}],"wp:term":[{"taxonomy":"category","embeddable":true,"href":"https:\/\/www.europesays.com\/de\/wp-json\/wp\/v2\/categories?post=1261423"},{"taxonomy":"post_tag","embeddable":true,"href":"https:\/\/www.europesays.com\/de\/wp-json\/wp\/v2\/tags?post=1261423"}],"curies":[{"name":"wp","href":"https:\/\/api.w.org\/{rel}","templated":true}]}}