{"id":1261469,"date":"2026-08-26T09:38:18","date_gmt":"2026-08-26T09:38:18","guid":{"rendered":"https:\/\/www.europesays.com\/de\/1261469\/"},"modified":"2026-08-26T09:38:18","modified_gmt":"2026-08-26T09:38:18","slug":"berlin-klingbeil-keine-zuckersteuer-auf-zero-getraenke","status":"publish","type":"post","link":"https:\/\/www.europesays.com\/de\/1261469\/","title":{"rendered":"Berlin | Klingbeil: Keine Zuckersteuer auf Zero-Getr\u00e4nke"},"content":{"rendered":"<p>Berlin (dpa) &#8211; Finanzminister Lars Klingbeil will keine Extrasteuer auf zuckerfreie Getr\u00e4nke erheben. \u00abDas mache ich nicht. Das wird nicht kommen\u00bb, erkl\u00e4rte der SPD-Chef auf Instagram. Eine \u00abZuckersteuer auf zuckerfreie Getr\u00e4nke\u00bb ergebe keinen Sinn.<\/p>\n<p>Am Dienstag war ein Papier aus Klingbeils Ministerium \u00f6ffentlich geworden, in dem vorgeschlagen wurde, neben Limonaden unter anderem auch Zero- und Light-Getr\u00e4nke, Biermischgetr\u00e4nke, Haferdrinks und Fertigkaffees der Zuckersteuer zu unterwerfen. Die Rede ist von Getr\u00e4nken \u00abmit Zucker und\/oder S\u00fc\u00dfungsmitteln\u00bb sowie \u00abZucker-\/s\u00fc\u00dfungsmittelhaltigen Granulaten\u00bb. Nicht betroffen w\u00e4ren 100-prozentige Fruchts\u00e4fte und reine Milch.<\/p>\n<p>Klingbeil erkl\u00e4rte, vor politischen Entscheidungen diskutierten Fachleute der beteiligten Ministerien auch kontrovers unterschiedliche Ideen. \u00abNun ist ein solcher Arbeitsstand in den Medien aufgetaucht. Er ist weder politisch geeint noch in der Koalition beschlossen.\u00bb<\/p>\n<p>Seine Mitarbeiter m\u00fcssten aber intern offen diskutieren und auch Vorschl\u00e4ge machen k\u00f6nnen, die am Ende nicht umgesetzt w\u00fcrden. \u00abWenn jede interne \u00dcberlegung behandelt wird wie eine politische Entscheidung, wird diese Offenheit schwieriger. Und Politik am Ende nicht besser\u00bb, betonte Klingbeil.<\/p>\n","protected":false},"excerpt":{"rendered":"Berlin (dpa) &#8211; Finanzminister Lars Klingbeil will keine Extrasteuer auf zuckerfreie Getr\u00e4nke erheben. \u00abDas mache ich nicht. Das&hellip;\n","protected":false},"author":2,"featured_media":1261470,"comment_status":"","ping_status":"","sticky":false,"template":"","format":"standard","meta":{"footnotes":"","_share_on_mastodon":"0"},"categories":[1825],"tags":[296,1173,29,5763,1721,30,141,2149],"class_list":["post-1261469","post","type-post","status-publish","format-standard","has-post-thumbnail","category-berlin","tag-berlin","tag-bundesregierung","tag-deutschland","tag-ernaehrung","tag-finanzen","tag-germany","tag-gesundheit","tag-steuern"],"share_on_mastodon":{"url":"https:\/\/pubeurope.com\/@de\/117161145738786279","error":""},"_links":{"self":[{"href":"https:\/\/www.europesays.com\/de\/wp-json\/wp\/v2\/posts\/1261469","targetHints":{"allow":["GET"]}}],"collection":[{"href":"https:\/\/www.europesays.com\/de\/wp-json\/wp\/v2\/posts"}],"about":[{"href":"https:\/\/www.europesays.com\/de\/wp-json\/wp\/v2\/types\/post"}],"author":[{"embeddable":true,"href":"https:\/\/www.europesays.com\/de\/wp-json\/wp\/v2\/users\/2"}],"replies":[{"embeddable":true,"href":"https:\/\/www.europesays.com\/de\/wp-json\/wp\/v2\/comments?post=1261469"}],"version-history":[{"count":0,"href":"https:\/\/www.europesays.com\/de\/wp-json\/wp\/v2\/posts\/1261469\/revisions"}],"wp:featuredmedia":[{"embeddable":true,"href":"https:\/\/www.europesays.com\/de\/wp-json\/wp\/v2\/media\/1261470"}],"wp:attachment":[{"href":"https:\/\/www.europesays.com\/de\/wp-json\/wp\/v2\/media?parent=1261469"}],"wp:term":[{"taxonomy":"category","embeddable":true,"href":"https:\/\/www.europesays.com\/de\/wp-json\/wp\/v2\/categories?post=1261469"},{"taxonomy":"post_tag","embeddable":true,"href":"https:\/\/www.europesays.com\/de\/wp-json\/wp\/v2\/tags?post=1261469"}],"curies":[{"name":"wp","href":"https:\/\/api.w.org\/{rel}","templated":true}]}}