{"id":1261497,"date":"2026-08-26T09:56:32","date_gmt":"2026-08-26T09:56:32","guid":{"rendered":"https:\/\/www.europesays.com\/de\/1261497\/"},"modified":"2026-08-26T09:56:32","modified_gmt":"2026-08-26T09:56:32","slug":"schleswig-holstein-aktuell-nachrichten-im-ueberblick-334","status":"publish","type":"post","link":"https:\/\/www.europesays.com\/de\/1261497\/","title":{"rendered":"Schleswig-Holstein aktuell: Nachrichten im \u00dcberblick"},"content":{"rendered":"<p>        <img decoding=\"async\" src=\"https:\/\/www.europesays.com\/de\/wp-content\/uploads\/2026\/03\/nachrichtenkompakt126.webp.webp\" alt=\"Grafik: Eine Sprechblase, in der die Kontur des Landes Schleswig-Holstein abgebildet ist.\" title=\"Grafik: Eine Sprechblase, in der die Kontur des Landes Schleswig-Holstein abgebildet ist. | NDR\" class=\"responsive\"\/><\/p>\n<p>AUDIO: Nachrichten 11:00 Uhr &#8211; 26.08.2026 (4 Min)<\/p>\n<p>\n                Stand: 26.08.2026 11:15 Uhr<\/p>\n<p class=\"preface\">Nachrichten aus Schleswig-Holstein vom 26. August 2026 &#8211; kompakt und aktuell im Newsblog von NDR SH: Lesen Sie hier im \u00dcberblick, was im Land passiert und noch wichtig wird.<\/p>\n<p>\n        11:09 Uhr\n    <\/p>\n<p>    Geldw\u00e4sche-Razzia in Heide: Ermittler sichern Akten im Bauamt<\/p>\n<p class=\"\">Nach einer gro\u00df angelegten Razzia wegen des Verdachts der Geldw\u00e4sche in <a href=\"https:\/\/www.ndr.de\/nachrichten\/schleswig-holstein\/Heide-Aktuelle-Nachrichten-und-Videos,heide986.html\" title=\"Heide: Aktuelle Nachrichten und Videos\" rel=\"nofollow noopener\" target=\"_blank\">Heide<\/a> (<a href=\"https:\/\/www.ndr.de\/nachrichten\/schleswig-holstein\/Dithmarschen-Aktuelle-Nachrichten-und-Videos,dithmarschen254.html\" title=\"Dithmarschen - Aktuelle Nachrichten und Videos\" rel=\"nofollow noopener\" target=\"_blank\">Kreis Dithmarschen<\/a>) haben sich die Ermittlungen auch auf die dortige Stadtverwaltung ausgeweitet. Ein Sprecher der Stadt best\u00e4tigte, dass Ermittlungsbeamte im Bauamt Akten gesichert und mit Mitarbeitenden gesprochen haben. Zu weiteren Details wollte sich die Stadt mit Verweis auf das laufende Verfahren nicht \u00e4u\u00dfern. Wie <a href=\"https:\/\/www.ndr.de\/nachrichten\/schleswig-holstein\/dithmarschen_steinburg\/textlink-345050~splash.html\" title=\"Boyen Medien Artikel zu Razzia im Bauamt Heide\" data-url=\"https:\/\/www.boyens-medien.de\/artikelansicht\/heide-razzia-in-heide-warum-auch-die-stadtverwaltung-durchsucht-wurde-124212.html\" class=\"extlink-preface\" data-type=\"external\" rel=\"nofollow noopener\" target=\"_blank\">Boyens Medien berichtet<\/a>, richtet sich der Verdacht konkret gegen einen Mitarbeiter des Bauamts. Er soll Bauantr\u00e4ge zugunsten eines Hauptbeschuldigten manipuliert haben. Bei dem Gro\u00dfeinsatz vergangene Woche hatte das LKA insgesamt 17 Objekte in Heide durchsucht. | NDR Schleswig-Holstein 26.08.2026 11:00 Uhr<\/p>\n<p>        <img decoding=\"async\" src=\"https:\/\/www.europesays.com\/de\/wp-content\/uploads\/2026\/08\/razzia-470.webp\" alt=\"Polizisten bei Razzia in Heide vor einem durchsuchten Haus.\" title=\"Polizisten bei Razzia in Heide vor einem durchsuchten Haus. | Daniel Friedrichs\" class=\"responsive\" loading=\"lazy\"\/><\/p>\n<p>Am Dienstagvormittag durchsuchten Beamte 17 Objekte. Ein Beschuldigter soll Immobilien mit Geld aus Straftaten finanziert haben. <\/p>\n<p>\n        09:11 Uhr\n    <\/p>\n<p class=\"\">Die parlamentarische Sommerpause des Schleswig-Holsteinischen Landtags ist vorbei. Heute geht es direkt um den Haushalt f\u00fcrs kommende Jahr. Der Entwurf der schwarz-gr\u00fcnen Landesregierung sieht Einnahmen in H\u00f6he von knapp 18,5 Milliarden Euro und Ausgaben von mehr als knapp 19,4 Milliarden Euro vor. Somit muss erneut mit neuen Schulden gerechnet werden. | NDR Schleswig-Holstein 26.08.2026 09:00 Uhr<\/p>\n<p>        <img decoding=\"async\" src=\"https:\/\/www.europesays.com\/de\/wp-content\/uploads\/2026\/03\/podcastlogo104.webp.webp\" alt=\"Ein Mikrofon vor zwei Menschen.\" title=\"Ein Mikrofon vor zwei Menschen. | NDR, Janis R\u00f6hlig\" class=\"responsive\" loading=\"lazy\"\/><\/p>\n<p>Alles, was f\u00fcr Schleswig-Holstein wichtig ist: Im Nachrichten-Podcast von NDR 1 Welle Nord h\u00f6ren Sie das Neueste aus Schleswig-Holstein, Deutschland und der Welt.<\/p>\n<p>\n        08:45 Uhr\n    <\/p>\n<p>    Landratswahl Kreis Pinneberg: CDU-Kandidat scheidet aus<\/p>\n<p class=\"\">Im <a href=\"https:\/\/www.ndr.de\/nachrichten\/schleswig-holstein\/Kreis-Pinneberg-Aktuelle-Nachrichten-und-Videos,pinneberg280.html\" title=\"Kreis Pinneberg - Aktuelle Nachrichten und Videos\" rel=\"nofollow noopener\" target=\"_blank\">Kreis Pinneberg<\/a> wird heute Abend ein neuer Landrat oder eine neue Landr\u00e4tin gew\u00e4hlt. Der CDU-Kandidat Justus Schmitt hat nun mitgeteilt, sich nicht l\u00e4nger zur Wahl zu stellen. Der 28-J\u00e4hrige erkl\u00e4rte, er wolle nicht, dass die AfD am Ende dar\u00fcber entscheidet, wer den Job macht. Schmitt war einer der beiden aussichtsreichsten Kandidaten. | NDR Schleswig-Holstein 26.08.2026 08:00 Uhr<\/p>\n<p>        <img decoding=\"async\" src=\"https:\/\/www.europesays.com\/de\/wp-content\/uploads\/2026\/03\/podcastlogo104.webp.webp\" alt=\"Ein Mikrofon vor zwei Menschen.\" title=\"Ein Mikrofon vor zwei Menschen. | NDR, Janis R\u00f6hlig\" class=\"responsive\" loading=\"lazy\"\/><\/p>\n<p>Alles, was f\u00fcr Schleswig-Holstein wichtig ist: Im Nachrichten-Podcast von NDR 1 Welle Nord h\u00f6ren Sie das Neueste aus Schleswig-Holstein, Deutschland und der Welt.<\/p>\n<p>        <img decoding=\"async\" src=\"https:\/\/www.europesays.com\/de\/wp-content\/uploads\/2026\/08\/bundestagswahl1058.webp\" alt=\"Ein Wahllokal in Wiemersdorf (Kreis Segeberg).\" title=\"Ein Wahllokal in Wiemersdorf (Kreis Segeberg). | NDR, Bastian P\u00f6hls\" class=\"responsive\" loading=\"lazy\"\/><\/p>\n<p>Kurz vor der Landratswahl am Mittwochabend scheidet CDU-Kandidat Justus Schmitt selbst aus dem Rennen um das Amt aus.<\/p>\n<p>\n        08:35 Uhr\n    <\/p>\n<p>    Wildschweinrotte verw\u00fcstet Friedhof in L\u00fcbeck<\/p>\n<p class=\"\">Eine Wildschweinrotte ist nach Angaben der Stadt seit mehreren Wochen in <a href=\"https:\/\/www.ndr.de\/nachrichten\/schleswig-holstein\/Luebeck-Aktuelle-Nachrichten-und-Videos-,luebeck2802.html\" title=\"L\u00fcbeck - Aktuelle Nachrichten und Videos\" rel=\"nofollow noopener\" target=\"_blank\">L\u00fcbeck<\/a> unterwegs und richtet erhebliche Sch\u00e4den an. Zun\u00e4chst waren die Tiere auf dem Ehrenfriedhof und verw\u00fcsteten dort die Rasenfl\u00e4chen. Der Schaden wird auf 10.000 bis 15.000 Euro gesch\u00e4tzt. Inzwischen dringen die Tiere auch in Vorg\u00e4rten und Kleingartenanlagen vor. Insgesamt leben in Schleswig-Holstein rund 50.000 Wildschweine. | NDR Schleswig-Holstein 26.08.2026 08:00 Uhr<\/p>\n<p>        <img decoding=\"async\" src=\"https:\/\/www.europesays.com\/de\/wp-content\/uploads\/2026\/03\/podcastlogo104.webp.webp\" alt=\"Ein Mikrofon vor zwei Menschen.\" title=\"Ein Mikrofon vor zwei Menschen. | NDR, Janis R\u00f6hlig\" class=\"responsive\" loading=\"lazy\"\/><\/p>\n<p>Alles, was f\u00fcr Schleswig-Holstein wichtig ist: Im Nachrichten-Podcast von NDR 1 Welle Nord h\u00f6ren Sie das Neueste aus Schleswig-Holstein, Deutschland und der Welt.<\/p>\n<p>\n        07:40 Uhr\n    <\/p>\n<p>    Rund 40 Millionen Euro: Spieler aus SH knackt Eurojackpot<\/p>\n<p class=\"\">Ein Spieler, eine Spielerin oder eine Spielgemeinschaft aus Schleswig-Holstein hat die Eurojackpot-Lotterie geknackt: Wie die Westdeutsche Lotterie am Dienstag in M\u00fcnster mitteilte, bekommt die Gewinnerin oder der Gewinner 40 Millionen Euro. Der Gl\u00fcckspilz tippte die richtigen Gewinnzahlen sowie die beiden dazugeh\u00f6rigen Eurozahlen. | NDR Schleswig-Holstein 26.08.2026 07:30 Uhr<\/p>\n<p>        <img decoding=\"async\" src=\"https:\/\/www.europesays.com\/de\/wp-content\/uploads\/2026\/08\/lotto436.webp\" alt=\"Lottokugeln fliegen vor blauem Hintergrund.\" title=\"Lottokugeln fliegen vor blauem Hintergrund. | Fotolia, ag visuell\" class=\"responsive\" loading=\"lazy\"\/><\/p>\n<p>Wer genau das Geld im Norden gewonnen hat, ist unklar. Statistiker weisen auf die sehr geringe Gewinnchance beim Gl\u00fccksspiel hin. <\/p>\n<p>        <img decoding=\"async\" src=\"https:\/\/www.europesays.com\/de\/wp-content\/uploads\/2026\/03\/podcastlogo104.webp.webp\" alt=\"Ein Mikrofon vor zwei Menschen.\" title=\"Ein Mikrofon vor zwei Menschen. | NDR, Janis R\u00f6hlig\" class=\"responsive\" loading=\"lazy\"\/><\/p>\n<p>Alles, was f\u00fcr Schleswig-Holstein wichtig ist: Im Nachrichten-Podcast von NDR 1 Welle Nord h\u00f6ren Sie das Neueste aus Schleswig-Holstein, Deutschland und der Welt.<\/p>\n<p>\n        07:09 Uhr\n    <\/p>\n<p>    Kita-Eltern schreiben offenen Brief an Sozialministerium<\/p>\n<p class=\"\">Wegen h\u00e4ufiger Betreuungsausf\u00e4lle hat die Landeselternvertretung der Kitas in einem offenen Brief Sozialministerin Aminata Tour\u00e9 (Gr\u00fcne) zum Handeln aufgefordert. Betreuung m\u00fcsse verl\u00e4sslicher werden, hei\u00dft es darin. Die Elternvertreter haben einen konkreten Drei-Punkte-Plan vorgelegt: Sie fordern weniger Dokumentationsaufgaben f\u00fcr Erzieher, au\u00dferdem sollen Mittel aus dem Sonderverm\u00f6gen f\u00fcr Alltagshelfer in den Kitas eingesetzt werden. Tour\u00e9 zeigte Verst\u00e4ndnis, viele der Forderungen teile sie und habe sie im neuen Kita-Gesetz schon umgesetzt. | NDR Schleswig-Holstein 26.08.2026 07:00 Uhr<\/p>\n<p>        <img decoding=\"async\" src=\"https:\/\/www.europesays.com\/de\/wp-content\/uploads\/2026\/08\/kita-564.webp\" alt=\"Ein Kleinkind, das einen Haifischrucksack und ein gestreiftes Hemd tr\u00e4gt\" title=\"Ein Kleinkind, das einen Haifischrucksack und ein gestreiftes Hemd tr\u00e4gt | picture alliance \/ imageBROKER\" class=\"responsive\" loading=\"lazy\"\/><\/p>\n<p>Die Landeselternvertretung hat daf\u00fcr einen Drei-Punkte Plan vorgelegt. Ministerin Tour\u00e9 sagt, die meisten Forderungen seien schon umgesetzt.<\/p>\n<p>        <img decoding=\"async\" src=\"https:\/\/www.europesays.com\/de\/wp-content\/uploads\/2026\/03\/podcastlogo104.webp.webp\" alt=\"Ein Mikrofon vor zwei Menschen.\" title=\"Ein Mikrofon vor zwei Menschen. | NDR, Janis R\u00f6hlig\" class=\"responsive\" loading=\"lazy\"\/><\/p>\n<p>Alles, was f\u00fcr Schleswig-Holstein wichtig ist: Im Nachrichten-Podcast von NDR 1 Welle Nord h\u00f6ren Sie das Neueste aus Schleswig-Holstein, Deutschland und der Welt.<\/p>\n<p>\n        07:07 Uhr\n    <\/p>\n<p>    Brennendes Wohnmobil sorgt f\u00fcr A23-Sperrung<\/p>\n<p class=\"\">Auf der A23 ist die Autobahn zwischen <a href=\"https:\/\/www.ndr.de\/nachrichten\/schleswig-holstein\/Heide-Aktuelle-Nachrichten-und-Videos,heide986.html\" title=\"Heide: Aktuelle Nachrichten und Videos\" rel=\"nofollow noopener\" target=\"_blank\">Heide<\/a>-West und Heide-S\u00fcd (<a href=\"https:\/\/www.ndr.de\/nachrichten\/schleswig-holstein\/Dithmarschen-Aktuelle-Nachrichten-und-Videos,dithmarschen254.html\" title=\"Dithmarschen - Aktuelle Nachrichten und Videos\" rel=\"nofollow noopener\" target=\"_blank\">Kreis Dithmarschen<\/a>) gestern sechs Stunden lang gesperrt gewesen. Hintergrund war ein brennendes Wohnmobil. Als die Einsatzkr\u00e4fte gegen 19.45 Uhr eintrafen, brannte das Fahrzeug bereits komplett. Der Fahrer wurde vom Rettungsdienst behandelt, musste aber nicht ins Krankenhaus. Die Fahrbahn wurde anschlie\u00dfend gereinigt, die Sperrung dauerte deswegen bis nach 2 Uhr in der Nacht. | NDR Schleswig-Holstein 26.08.2026 07:00 Uhr<\/p>\n<p>        <img decoding=\"async\" src=\"https:\/\/www.europesays.com\/de\/wp-content\/uploads\/2026\/03\/podcastlogo104.webp.webp\" alt=\"Ein Mikrofon vor zwei Menschen.\" title=\"Ein Mikrofon vor zwei Menschen. | NDR, Janis R\u00f6hlig\" class=\"responsive\" loading=\"lazy\"\/><\/p>\n<p>Alles, was f\u00fcr Schleswig-Holstein wichtig ist: Im Nachrichten-Podcast von NDR 1 Welle Nord h\u00f6ren Sie das Neueste aus Schleswig-Holstein, Deutschland und der Welt.<\/p>\n<p>\n        06:40 Uhr\n    <\/p>\n<p>    Gerichtsstreit um &#8222;Lik\u00f6r ohne Ei&#8220; geht in die n\u00e4chste Runde<\/p>\n<p class=\"\">Am Oberlandesgericht <a href=\"https:\/\/www.ndr.de\/nachrichten\/schleswig-holstein\/Schleswig-Aktuelle-Nachrichten-und-Videos,schleswig930.html\" title=\"Schleswig: Aktuelle Nachrichten und Videos\" rel=\"nofollow noopener\" target=\"_blank\">Schleswig<\/a> wird heute die Berufung im Fall einer Klage gegen den &#8222;Lik\u00f6r ohne Ei&#8220; aus <a href=\"https:\/\/www.ndr.de\/nachrichten\/schleswig-holstein\/henstedt-ulzburg-aktuelle-nachrichten-und-videos,henstedtulzburg234.html\" title=\"Henstedt-Ulzburg - Aktuelle Nachrichten und Videos\" rel=\"nofollow noopener\" target=\"_blank\">Henstedt-Ulzburg<\/a> (<a href=\"https:\/\/www.ndr.de\/nachrichten\/schleswig-holstein\/Kreis-Segeberg-Aktuelle-Nachrichten-und-Videos,segeberg224.html\" title=\"Kreis Segeberg - Aktuelle Nachrichten und Videos\" rel=\"nofollow noopener\" target=\"_blank\">Kreis Segeberg<\/a>) verhandelt. Ein Spirituosenverband hatte gegen den Namen geklagt. Das Landgericht <a href=\"https:\/\/www.ndr.de\/nachrichten\/schleswig-holstein\/Kiel-Aktuelle-Nachrichten-News-und-Videos,kiel7262.html\" title=\"Kiel - Aktuelle Nachrichten und Videos\" rel=\"nofollow noopener\" target=\"_blank\">Kiel<\/a> gab dem kleinen Unternehmen Nachlass Warlich GmbH recht &#8211; nach Ansicht der Kammer verst\u00f6\u00dft die Bezeichnung nicht gegen EU-Recht und f\u00fchrt Verbraucherinnen und Verbraucher nicht in die Irre. Der Verband legte Berufung ein. Der &#8222;Lik\u00f6r ohne Ei&#8220; ist eine vegane Variante des Eierlik\u00f6rs auf Sojabasis. | NDR Schleswig-Holstein 26.08.2026 06:30 Uhr<\/p>\n<p>        <img decoding=\"async\" src=\"https:\/\/www.europesays.com\/de\/wp-content\/uploads\/2026\/03\/podcastlogo104.webp.webp\" alt=\"Ein Mikrofon vor zwei Menschen.\" title=\"Ein Mikrofon vor zwei Menschen. | NDR, Janis R\u00f6hlig\" class=\"responsive\" loading=\"lazy\"\/><\/p>\n<p>Alles, was f\u00fcr Schleswig-Holstein wichtig ist: Im Nachrichten-Podcast von NDR 1 Welle Nord h\u00f6ren Sie das Neueste aus Schleswig-Holstein, Deutschland und der Welt.<\/p>\n<p>\n        06:15 Uhr\n    <\/p>\n<p>    Neue Ma\u00dfnahmen gegen Antisemitismus in Schleswig-Holstein<\/p>\n<p class=\"\">In Schleswig-Holstein nehmen antisemitische Vorf\u00e4lle zu. Die Landesregierung hat deswegen jetzt den Landesaktionsplan gemeinsam mit den j\u00fcdischen Landesverb\u00e4nden um rund 30 Ma\u00dfnahmen auf 100 erweitert. Bildungs- und Kulturministerin Dorit Stenke (CDU) stellte sie gestern vor. Im Mittelpunkt des Aktionsplans stehen die Bereiche Pr\u00e4vention, Sicherheit und Bildung. Dazu geh\u00f6ren unter anderem Onlineveranstaltungen f\u00fcr die Landespolizei und Lehrkr\u00e4fte. Dabei sollen sie lernen, antisemitische Begriffe und verschl\u00fcsselte Botschaften besser zu erkennen. Au\u00dferdem wird das Thema Antisemitismus st\u00e4rker in die Lehrkr\u00e4fteausbildung aufgenommen. | NDR Schleswig-Holstein 26.08.2026 06:00 Uhr<\/p>\n<p>        <img decoding=\"async\" src=\"https:\/\/www.europesays.com\/de\/wp-content\/uploads\/2026\/08\/chanukka-120.webp\" alt=\"Ein Mann, der eine Kippa mit Davidstern tr\u00e4gt vor einem Chanukka-Leuchter\" title=\"Ein Mann, der eine Kippa mit Davidstern tr\u00e4gt vor einem Chanukka-Leuchter | picture alliance\/dpa\" class=\"responsive\" loading=\"lazy\"\/><\/p>\n<p>Schule, Polizei, Justiz: Die Landesregierung hat ihren Aktionsplan deutlich erweitert. Ziel ist, j\u00fcdisches Leben sicherer zu machen.<\/p>\n<p>        <img decoding=\"async\" src=\"https:\/\/www.europesays.com\/de\/wp-content\/uploads\/2026\/03\/podcastlogo104.webp.webp\" alt=\"Ein Mikrofon vor zwei Menschen.\" title=\"Ein Mikrofon vor zwei Menschen. | NDR, Janis R\u00f6hlig\" class=\"responsive\" loading=\"lazy\"\/><\/p>\n<p>Alles, was f\u00fcr Schleswig-Holstein wichtig ist: Im Nachrichten-Podcast von NDR 1 Welle Nord h\u00f6ren Sie das Neueste aus Schleswig-Holstein, Deutschland und der Welt.<\/p>\n<p>\n        06:08 Uhr\n    <\/p>\n<p>    Lkw-Unfall auf A215: Sperrung nach zw\u00f6lf Stunden aufgehoben<\/p>\n<p class=\"\">Nach dem Unfall eines Milch-Laster ist die A215 zwischen <a href=\"https:\/\/www.ndr.de\/nachrichten\/schleswig-holstein\/Kiel-Aktuelle-Nachrichten-News-und-Videos,kiel7262.html\" title=\"Kiel - Aktuelle Nachrichten und Videos\" rel=\"nofollow noopener\" target=\"_blank\">Kiel<\/a>-West und Bordesholm in Richtung S\u00fcden gestern f\u00fcr insgesamt zw\u00f6lf Stunden gesperrt gewesen. Laut Polizei wurde die Sperrung gegen 00.30 Uhr aufgehoben. Der Lkw hatte sich demnach gestern Mittag auf der Autobahn bei Mielkendorf \u00fcberschlagen und lag quer \u00fcber einer Leitplanke. Grund f\u00fcr den Unfall war demnach ein medizinischer Notfall des Fahrers. Er kam mit leichten Verletzungen ins Krankenhaus. Laut Polizei zog sich die Sperrung l\u00e4nger als urspr\u00fcnglich geplant, weil der Milchlaster wegen einer festsitzenden Bremse zun\u00e4chst nicht abgeschleppt werden konnte. Au\u00dferdem musste die Stra\u00dfenmeisterei kaputte Verkehrsschilder ersetzen. | NDR Schleswig-Holstein 26.08.2026 06:00 Uhr<\/p>\n<p>        <img decoding=\"async\" src=\"https:\/\/www.europesays.com\/de\/wp-content\/uploads\/2026\/08\/lkw-318.webp\" alt=\"Ein umgekippter Lkw auf einer Autobahn\" title=\"Ein umgekippter Lkw auf einer Autobahn | Daniel Friederichs\" class=\"responsive\" loading=\"lazy\"\/><\/p>\n<p>Zwischen Kiel-West und Bordesholm war die A215 insgesamt zw\u00f6lf Stunden in Richtung Neum\u00fcnster gesperrt.<\/p>\n<p>        <img decoding=\"async\" src=\"https:\/\/www.europesays.com\/de\/wp-content\/uploads\/2026\/03\/podcastlogo104.webp.webp\" alt=\"Ein Mikrofon vor zwei Menschen.\" title=\"Ein Mikrofon vor zwei Menschen. | NDR, Janis R\u00f6hlig\" class=\"responsive\" loading=\"lazy\"\/><\/p>\n<p>Alles, was f\u00fcr Schleswig-Holstein wichtig ist: Im Nachrichten-Podcast von NDR 1 Welle Nord h\u00f6ren Sie das Neueste aus Schleswig-Holstein, Deutschland und der Welt.<\/p>\n<p>\n        06:05 Uhr\n    <\/p>\n<p>    Erstmals subtropische Segelqualle auf Sylt angesp\u00fclt<\/p>\n<p class=\"\">Auf <a href=\"https:\/\/www.ndr.de\/nachrichten\/schleswig-holstein\/Sylt-Aktuelle-News-und-Videos-von-der-Insel,sylt1522.html\" title=\"Sylt - Nachrichten und Videos von der Nordsee-Insel\" rel=\"nofollow noopener\" target=\"_blank\">Sylt<\/a> (<a href=\"https:\/\/www.ndr.de\/nachrichten\/schleswig-holstein\/Nordfriesland-Aktuelle-Nachrichten-und-Videos,nordfriesland174.html\" title=\"Nordfriesland - Aktuelle Nachrichten und Videos\" rel=\"nofollow noopener\" target=\"_blank\">Kreis Nordfriesland<\/a>) ist die hier fremde Segelqualle am Sonntag am Strand entdeckt worden. Nach Angaben der Schutzstation Wattenmeer wurde sie damit das erste Mal in Deutschland gesehen. F\u00fcr Menschen sind die Quallen demnach ungef\u00e4hrlich. Experten der Station vermuten, dass sie wegen der Klimaerw\u00e4rmung in die Nordsee gelangt sind. Die dunkelblauen Quallen tragen diesen Namen, weil oben auf ihnen ein Segel sitzt, mit dem sie sich fortbewegen. | NDR Schleswig-Holstein 26.08.2026 05:30 Uhr<\/p>\n<p>        <img decoding=\"async\" src=\"https:\/\/www.europesays.com\/de\/wp-content\/uploads\/2026\/08\/subtropische-segelqualle-100.webp\" alt=\"Eine subtropische Segelqualle auf einer Hand\" title=\"Wie eine Scheibe sieht die subtropische Segelqualle aus mit einem blauen Schild aus Chitin im Inneren, Fantektakeln unten und einem Segel an der Oberseite.  | Rainer Borcherding\" class=\"responsive\" loading=\"lazy\"\/><\/p>\n<p>Zum ersten Mal sind auf Sylt subtropische Segelquallen angesp\u00fclt worden. Eigentlich sind sie in w\u00e4rmeren Gew\u00e4ssern zu Hause.<\/p>\n<p>        <img decoding=\"async\" src=\"https:\/\/www.europesays.com\/de\/wp-content\/uploads\/2026\/03\/podcastlogo104.webp.webp\" alt=\"Ein Mikrofon vor zwei Menschen.\" title=\"Ein Mikrofon vor zwei Menschen. | NDR, Janis R\u00f6hlig\" class=\"responsive\" loading=\"lazy\"\/><\/p>\n<p>Alles, was f\u00fcr Schleswig-Holstein wichtig ist: Im Nachrichten-Podcast von NDR 1 Welle Nord h\u00f6ren Sie das Neueste aus Schleswig-Holstein, Deutschland und der Welt.<\/p>\n<p>\n        06:05 Uhr\n    <\/p>\n<p>    Festakt zum 80. Geburtstag des Landes<\/p>\n<p class=\"\">In Molfsee haben gestern Abend die offiziellen Feierlichkeiten der Landesregierung zum 80. Geburtstag Schleswig-Holsteins stattgefunden. Die Landesregierung hatte etwa 400 G\u00e4ste eingeladen. Die Gr\u00fcndung Schleswig-Holsteins wurde damals von der britischen Milit\u00e4rverwaltung angesto\u00dfen, deswegen schnitt Ministerpr\u00e4sident Daniel G\u00fcnther (CDU) die Geburtstagstorte gemeinsam mit dem britischen Botschafter an. Bereits am vergangenen Wochenende hatte es landesweit verschiedene Aktionen zum Jubil\u00e4um gegeben. | NDR Schleswig-Holstein 25.08.2026 18:00 Uhr<\/p>\n<p>        <img decoding=\"async\" src=\"https:\/\/www.europesays.com\/de\/wp-content\/uploads\/2026\/08\/festakt-molfsee-100.webp\" alt=\"Ministerpr\u00e4sident Daniel G\u00fcnther (r, CDU) britische Botschafter Andrew Mitchell schneiden beim Festakt zu 80 Jahre Schleswig-Holstein im Freilichtmuseum Molfsee eine Torte an.\" title=\"Ministerpr\u00e4sident Daniel G\u00fcnther (r, CDU) britische Botschafter Andrew Mitchell schneiden beim Festakt zu 80 Jahre Schleswig-Holstein im Freilichtmuseum Molfsee eine Torte an. | NDR, Uwe Jahn\" class=\"responsive\" loading=\"lazy\"\/><\/p>\n<p>Zum Jubil\u00e4um des Landes hatte Ministerpr\u00e4sident Daniel G\u00fcnther ins Freilichtmuseum Molfsee eingeladen. Es kamen rund 400 G\u00e4ste.<\/p>\n<p>        <img decoding=\"async\" src=\"https:\/\/www.europesays.com\/de\/wp-content\/uploads\/2026\/03\/podcastlogo104.webp.webp\" alt=\"Ein Mikrofon vor zwei Menschen.\" title=\"Ein Mikrofon vor zwei Menschen. | NDR, Janis R\u00f6hlig\" class=\"responsive\" loading=\"lazy\"\/><\/p>\n<p>Alles, was f\u00fcr Schleswig-Holstein wichtig ist: Im Nachrichten-Podcast von NDR 1 Welle Nord h\u00f6ren Sie das Neueste aus Schleswig-Holstein, Deutschland und der Welt.<\/p>\n<p>\n        06:00 Uhr\n    <\/p>\n<p>    Das Wetter in Schleswig-Holstein: Sonnig und warm<\/p>\n<p class=\"\">Heute gibt es viel Sonnenschein. Erst im Laufe des Tages ziehen von S\u00fcden und S\u00fcdwesten her mehr Wolken auf. Die H\u00f6chstwerte erreichen maximal 21 Grad in Heiligenhafen (<a href=\"https:\/\/www.ndr.de\/nachrichten\/schleswig-holstein\/Ostholstein-Aktuelle-Nachrichten-und-Videos,ostholstein126.html\" title=\"Ostholstein - Aktuelle Nachrichten und Videos\" rel=\"nofollow noopener\" target=\"_blank\">Kreis Ostholstein<\/a>) bis nahe 26 Grad in Lauenburg (<a href=\"https:\/\/www.ndr.de\/nachrichten\/schleswig-holstein\/Herzogtum-Lauenburg-Aktuelle-Nachrichten-und-Videos,herzogtumlauenburg126.html\" title=\"Herzogtum Lauenburg - Aktuelle Nachrichten und Videos\" rel=\"nofollow noopener\" target=\"_blank\">Kreis Herzogtum Lauenburg)<\/a>. Dazu weht ein schwacher bis m\u00e4\u00dfiger, im Norden und an der See auffrischender Wind aus \u00f6stlichen bis s\u00fcd\u00f6stlichen Richtungen mit starken B\u00f6en. | NDR Schleswig-Holstein 26.08.2026 06:00 Uhr<\/p>\n<p>        <img decoding=\"async\" src=\"https:\/\/www.europesays.com\/de\/wp-content\/uploads\/2026\/08\/wetter-6896.webp\" alt=\"NDR Schleswig-Holstein Moderatorin Doreen Pelz mit der Wettervorhersage.\" title=\"NDR Schleswig-Holstein Moderatorin Doreen Pelz mit der Wettervorhersage. | NDR\" class=\"responsive\" loading=\"lazy\"\/><\/p>\n<p>NDR Schleswig-Holstein Moderatorin Doreen Pelz mit den Aussichten f\u00fcr den 25. August und die kommenden Tage.<\/p>\n","protected":false},"excerpt":{"rendered":"AUDIO: Nachrichten 11:00 Uhr &#8211; 26.08.2026 (4 Min) Stand: 26.08.2026 11:15 Uhr Nachrichten aus Schleswig-Holstein vom 26. August&hellip;\n","protected":false},"author":2,"featured_media":898760,"comment_status":"","ping_status":"","sticky":false,"template":"","format":"standard","meta":{"footnotes":"","_share_on_mastodon":"0"},"categories":[1852],"tags":[590,3364,29,548,663,3934,30,13,4949,17462,14,15,12,1971,17461,1973],"class_list":["post-1261497","post","type-post","status-publish","format-standard","has-post-thumbnail","category-kiel","tag-aktuell","tag-de","tag-deutschland","tag-eu","tag-europa","tag-europe","tag-germany","tag-headlines","tag-kiel","tag-kompakt","tag-nachrichten","tag-news","tag-schlagzeilen","tag-schleswig-holstein","tag-ueberblick","tag-wetter"],"share_on_mastodon":{"url":"","error":""},"_links":{"self":[{"href":"https:\/\/www.europesays.com\/de\/wp-json\/wp\/v2\/posts\/1261497","targetHints":{"allow":["GET"]}}],"collection":[{"href":"https:\/\/www.europesays.com\/de\/wp-json\/wp\/v2\/posts"}],"about":[{"href":"https:\/\/www.europesays.com\/de\/wp-json\/wp\/v2\/types\/post"}],"author":[{"embeddable":true,"href":"https:\/\/www.europesays.com\/de\/wp-json\/wp\/v2\/users\/2"}],"replies":[{"embeddable":true,"href":"https:\/\/www.europesays.com\/de\/wp-json\/wp\/v2\/comments?post=1261497"}],"version-history":[{"count":0,"href":"https:\/\/www.europesays.com\/de\/wp-json\/wp\/v2\/posts\/1261497\/revisions"}],"wp:featuredmedia":[{"embeddable":true,"href":"https:\/\/www.europesays.com\/de\/wp-json\/wp\/v2\/media\/898760"}],"wp:attachment":[{"href":"https:\/\/www.europesays.com\/de\/wp-json\/wp\/v2\/media?parent=1261497"}],"wp:term":[{"taxonomy":"category","embeddable":true,"href":"https:\/\/www.europesays.com\/de\/wp-json\/wp\/v2\/categories?post=1261497"},{"taxonomy":"post_tag","embeddable":true,"href":"https:\/\/www.europesays.com\/de\/wp-json\/wp\/v2\/tags?post=1261497"}],"curies":[{"name":"wp","href":"https:\/\/api.w.org\/{rel}","templated":true}]}}