{"id":1261515,"date":"2026-08-26T10:07:15","date_gmt":"2026-08-26T10:07:15","guid":{"rendered":"https:\/\/www.europesays.com\/de\/1261515\/"},"modified":"2026-08-26T10:07:15","modified_gmt":"2026-08-26T10:07:15","slug":"illegal-nach-russland-exportiert-brueder-verurteilt","status":"publish","type":"post","link":"https:\/\/www.europesays.com\/de\/1261515\/","title":{"rendered":"Illegal nach Russland exportiert \u2013 Br\u00fcder verurteilt"},"content":{"rendered":"<p>Wegen Verst\u00f6\u00dfen gegen die Sanktionen der Europ\u00e4ischen Union hat das Landgericht M\u00fcnster zwei M\u00e4nner aus Oelde zu Haftstrafen verurteilt. Die Br\u00fcder hatten Waren nach Russland ausgef\u00fchrt und m\u00fcssen deshalb jetzt in 37 F\u00e4llen voraussichtlich in Haft. Den j\u00fcngeren der beiden (34) verurteilte das Gericht zu einer Haftstrafe von vier Jahren und einem Monat, der \u00c4ltere (39) soll f\u00fcr drei Jahre und zehn Monate ins Gef\u00e4ngnis, wie eine Gerichtssprecherin der Deutschen Presse-Agentur mitteilte.\u00a0 <\/p>\n<p>Das Urteil fiel bereits am 24. August und ist Teil einer Verst\u00e4ndigung. Es ist noch nicht rechtskr\u00e4ftig. Verteidigung und Staatsanwaltschaft k\u00f6nnen Revision beim Bundesgerichtshof in Karlsruhe einlegen. Die M\u00e4nner hatten umfassend und sogar \u00fcber die Anklage hinaus Gest\u00e4ndnisse abgelegt, was das Gericht bei den Urteilen zugunsten der M\u00e4nner auslegte und im vereinbarten unteren Strafrahmen blieb. Das Verfahren konnte so erheblich verk\u00fcrzt werden.\u00a0 <\/p>\n<p>Angeklagt waren bandenm\u00e4\u00dfige Verst\u00f6\u00dfe gegen das Au\u00dfenwirtschaftsgesetz. Die M\u00e4nner haben nach \u00dcberzeugung des Landgerichts als Gesch\u00e4ftsf\u00fchrer einer Firma nach dem russischen Angriffskrieg auf die Ukraine Sanktionen der EU umgangen. Dabei ging es um den Export von Maschinenbauteilen \u00fcber Briefkastenfirmen in der T\u00fcrkei und Kirgistan in den Jahren 2023 und 2024. Die Ermittler waren auf 65 Ausfuhren im Wert von knapp 833.000 Euro gesto\u00dfen. <\/p>\n","protected":false},"excerpt":{"rendered":"Wegen Verst\u00f6\u00dfen gegen die Sanktionen der Europ\u00e4ischen Union hat das Landgericht M\u00fcnster zwei M\u00e4nner aus Oelde zu Haftstrafen&hellip;\n","protected":false},"author":2,"featured_media":1261516,"comment_status":"","ping_status":"","sticky":false,"template":"","format":"standard","meta":{"footnotes":"","_share_on_mastodon":"0"},"categories":[1843],"tags":[3364,29,548,663,30,3986,946,8970,1209,2283,307,1155,11747],"class_list":["post-1261515","post","type-post","status-publish","format-standard","has-post-thumbnail","category-muenster","tag-de","tag-deutschland","tag-eu","tag-europa","tag-germany","tag-handel","tag-maschinenbau","tag-muenster","tag-nordrhein-westfalen","tag-prozess-gericht","tag-russland","tag-sanktionen","tag-urteile"],"share_on_mastodon":{"url":"https:\/\/pubeurope.com\/@de\/117161259576154004","error":""},"_links":{"self":[{"href":"https:\/\/www.europesays.com\/de\/wp-json\/wp\/v2\/posts\/1261515","targetHints":{"allow":["GET"]}}],"collection":[{"href":"https:\/\/www.europesays.com\/de\/wp-json\/wp\/v2\/posts"}],"about":[{"href":"https:\/\/www.europesays.com\/de\/wp-json\/wp\/v2\/types\/post"}],"author":[{"embeddable":true,"href":"https:\/\/www.europesays.com\/de\/wp-json\/wp\/v2\/users\/2"}],"replies":[{"embeddable":true,"href":"https:\/\/www.europesays.com\/de\/wp-json\/wp\/v2\/comments?post=1261515"}],"version-history":[{"count":0,"href":"https:\/\/www.europesays.com\/de\/wp-json\/wp\/v2\/posts\/1261515\/revisions"}],"wp:featuredmedia":[{"embeddable":true,"href":"https:\/\/www.europesays.com\/de\/wp-json\/wp\/v2\/media\/1261516"}],"wp:attachment":[{"href":"https:\/\/www.europesays.com\/de\/wp-json\/wp\/v2\/media?parent=1261515"}],"wp:term":[{"taxonomy":"category","embeddable":true,"href":"https:\/\/www.europesays.com\/de\/wp-json\/wp\/v2\/categories?post=1261515"},{"taxonomy":"post_tag","embeddable":true,"href":"https:\/\/www.europesays.com\/de\/wp-json\/wp\/v2\/tags?post=1261515"}],"curies":[{"name":"wp","href":"https:\/\/api.w.org\/{rel}","templated":true}]}}