{"id":1261522,"date":"2026-08-26T10:13:15","date_gmt":"2026-08-26T10:13:15","guid":{"rendered":"https:\/\/www.europesays.com\/de\/1261522\/"},"modified":"2026-08-26T10:13:15","modified_gmt":"2026-08-26T10:13:15","slug":"sag-mauertrockenlegung-gmbh-welche-folgen-feuchte-waende-wirklich-haben","status":"publish","type":"post","link":"https:\/\/www.europesays.com\/de\/1261522\/","title":{"rendered":"SAG Mauertrockenlegung GmbH: Welche Folgen feuchte W\u00e4nde wirklich haben"},"content":{"rendered":"<p class=\"date\">26.08.2026 \u2013 11:11<\/p>\n<p class=\"customer\">\n                        <a class=\"story-customer\" title=\"weiter zum newsroom von SAG Mauertrockenlegung GmbH\" href=\"https:\/\/www.presseportal.de\/nr\/183222\" rel=\"nofollow noopener\" target=\"_blank\">SAG Mauertrockenlegung GmbH<\/a>\n                    <\/p>\n<p><a class=\"glightbox event-trigger\" href=\"https:\/\/cache.pressmailing.net\/thumbnail\/story_hires\/274c7574-50cf-4f13-b322-f87af0c53cc2\/SAG_Bild_Post_7.jpg.jpg\" data-description=\"SAG Mauertrockenlegung GmbH \/ Weiterer Text \u00fcber ots und www.presseportal.de\/nr\/183222 \/ Die Verwendung dieses Bildes f\u00fcr redaktionelle Zwecke ist unter Beachtung aller mitgeteilten Nutzungsbedingungen zul\u00e4ssig und dann auch honorarfrei. Ver\u00f6ffentlichung ausschlie\u00dflich mit Bildrechte-Hinweis.\" data-category=\"medialightbox\" data-action=\"click\" data-label=\"single\" data-value=\"6a8eaa37270000fd2cb33264\" rel=\"nofollow noopener\" target=\"_blank\"><img decoding=\"async\" height=\"540\" with=\"720\" src=\"https:\/\/www.europesays.com\/de\/wp-content\/uploads\/2026\/08\/sag-mauertrockenlegung-gmbh-welche-folgen-feuchte-w-nde-wirklich-haben.jpeg\"   alt=\"SAG Mauertrockenlegung GmbH: Welche Folgen feuchte W\u00e4nde wirklich haben\" class=\"single\"\/><\/a><\/p>\n<p><a data-category=\"citylink-story-view\" data-action=\"click\" data-label=\"Citylink in Meldungsansicht\" class=\"story-city event-trigger\" href=\"https:\/\/www.presseportal.de\/regional\/Leverkusen\" title=\"News aus Leverkusen \" rel=\"nofollow noopener\" target=\"_blank\">Leverkusen<\/a> (ots)<\/p>\n<p>Feuchte Flecken, abplatzender Putz, ein dauerhaft muffiger Geruch: Was viele Hauseigent\u00fcmer zun\u00e4chst f\u00fcr einen Sch\u00f6nheitsfehler halten, kann auf einen fortschreitenden Schaden im Mauerwerk hindeuten. Marc Wirtz von der SAG Mauertrockenlegung GmbH aus Leverkusen unterst\u00fctzt Eigent\u00fcmer dabei, Ursachen von Feuchtigkeitssch\u00e4den zu ermitteln und geeignete Ma\u00dfnahmen zur Bauwerksabdichtung zu finden. Welche Gefahren von feuchten W\u00e4nden ausgehen und wie sich gr\u00f6\u00dfere Sch\u00e4den verhindern lassen, erfahren Sie hier.<\/p>\n<p> Was harmlos wirkt, kann sich schleichend zum ernsten Problem entwickeln. Feuchte W\u00e4nde treten besonders h\u00e4ufig in Kellern, Souterrainwohnungen, Erdgeschossen und Bereichen auf, die direkt an Erdreich grenzen. Bei H\u00e4usern in Hanglage kann seitlich dr\u00fcckendes Wasser sogar h\u00f6her gelegene Wandbereiche erreichen. T\u00fcckisch ist, dass Sch\u00e4den hinter Schr\u00e4nken, Regalen oder Verkleidungen lange unbemerkt bleiben k\u00f6nnen. Sichtbarer Schimmel ist deshalb h\u00e4ufig bereits ein Warnsignal. Wer dann lediglich Flecken entfernt, die Wand \u00fcberstreicht oder sichtbaren Schimmel behandelt, beseitigt zwar oberfl\u00e4chliche Spuren, nicht aber die zugrunde liegende Feuchtigkeit. \u201eWer bei feuchten W\u00e4nden zu lange wartet, riskiert, dass aus einem zun\u00e4chst begrenzten Problem ein umfangreicher und kostspieliger Sanierungsfall wird\u201c, warnt Marc Wirtz, Gesch\u00e4ftsf\u00fchrer der SAG Mauertrockenlegung GmbH. <\/p>\n<p> \u201eEntscheidend ist deshalb, herauszufinden, woher die Feuchtigkeit kommt und wie weit sie sich bereits ausgebreitet hat. Erst dann l\u00e4sst sich beurteilen, welche Abdichtungsma\u00dfnahme sinnvoll ist\u201c, f\u00e4hrt Marc Wirtz fort. Genau hier setzt die SAG Mauertrockenlegung GmbH an. Das Unternehmen aus Leverkusen ist auf die Untersuchung und Sanierung feuchter sowie nasser W\u00e4nde und auf Bauwerksabdichtungen im Innenbereich spezialisiert. Das Team ist in ganz Nordrhein-Westfalen im Einsatz. W\u00e4hrend Marc Wirtz L\u00f6sungen f\u00fcr Feuchtigkeitssch\u00e4den in privaten Wohnh\u00e4usern und anderen Bestandsimmobilien entwickelt, steht Au\u00dfendienstmitarbeiter Julian Struth bei der Begutachtung vor Ort im direkten Austausch mit Eigent\u00fcmern. Dabei zeigt sich regelm\u00e4\u00dfig, wie unterschiedlich Feuchtigkeitssch\u00e4den ausfallen k\u00f6nnen \u2013 und warum die passende Ma\u00dfnahme vom konkreten Schadensbild abh\u00e4ngt. <\/p>\n<p><b>Schimmelgefahr im Haus: Wenn Feuchtigkeit zum N\u00e4hrboden wird<\/b><\/p>\n<p> Feuchtigkeit im Mauerwerk kann nicht nur die Bausubstanz beeintr\u00e4chtigen, sondern auch Schimmel beg\u00fcnstigen. Dabei bleibt der Befall nicht zwangsl\u00e4ufig auf die sichtbare Wandoberfl\u00e4che begrenzt: Neben Putz und Tapeten k\u00f6nnen auch Holzwerkstoffe oder D\u00e4mmmaterialien betroffen sein. So kann sich Schimmel beispielsweise hinter Verkleidungen oder unter Bodenbel\u00e4gen ausbreiten. <\/p>\n<p> Wie weit der Befall reicht, l\u00e4sst sich anhand einer sichtbaren Stelle daher nicht zuverl\u00e4ssig beurteilen. Hinzu kommt, dass Schimmel immer wieder auftreten kann, solange die zugrunde liegende Feuchtigkeitsbelastung bestehen bleibt. \u201eEntscheidend ist nicht allein, was an der Oberfl\u00e4che zu sehen ist. Auch angrenzende und verdeckte Bereiche m\u00fcssen ber\u00fccksichtigt werden\u201c, erkl\u00e4rt Julian Struth. <\/p>\n<p><b>Gesundheitliche Folgen: Wenn belastete R\u00e4ume zum Risiko werden<\/b><\/p>\n<p> Neben m\u00f6glichen Sch\u00e4den am Geb\u00e4ude kann anhaltende Feuchtigkeit auch f\u00fcr die Bewohner relevant werden. Feuchte- und Schimmelsch\u00e4den k\u00f6nnen das Risiko f\u00fcr Beschwerden an Augen, Nase, Hals und Atemwegen erh\u00f6hen. Zu den m\u00f6glichen Folgen z\u00e4hlen Husten und gereizte Atemwege ebenso wie allergische Reaktionen oder eine Verschlimmerung bereits bestehender Asthmabeschwerden. <\/p>\n<p> Allerdings l\u00e4sst sich nicht jede gesundheitliche Beschwerde eindeutig einem bestimmten Schimmelbefall zuordnen. Treten entsprechende Symptome auf, sollten sie deshalb \u00e4rztlich abgekl\u00e4rt werden, statt vorschnell einen einzelnen Ausl\u00f6ser daf\u00fcr verantwortlich zu machen. \u201eBei einem Feuchtigkeitsschaden geht es deshalb nicht allein darum, eine Wand wieder optisch in Ordnung zu bringen. Gerade in Wohnr\u00e4umen muss auch ber\u00fccksichtigt werden, welchen Bedingungen die Menschen dort dauerhaft ausgesetzt sind\u201c, erkl\u00e4rt Marc Wirtz. <\/p>\n<p><b>Mauersch\u00e4den: Was Feuchtigkeit in der Substanz anrichtet<\/b><\/p>\n<p> Auch f\u00fcr die Bausubstanz kann anhaltende Feuchtigkeit weitreichende Folgen haben. Wandert Wasser durch das Mauerwerk, transportiert es gel\u00f6ste Salze mit sich, die beim Verdunsten als helle Ausbl\u00fchungen an der Oberfl\u00e4che zur\u00fcckbleiben k\u00f6nnen. Die wiederkehrende Feuchte- und Salzbelastung beeintr\u00e4chtigt die Haftung des Putzes: Es entstehen Blasen, einzelne Stellen l\u00f6sen sich und mit der Zeit k\u00f6nnen gr\u00f6\u00dfere Fl\u00e4chen abplatzen. Gleichzeitig verschlechtern durchfeuchtete Baustoffe ihre D\u00e4mmwirkung. Wandoberfl\u00e4chen k\u00fchlen dadurch st\u00e4rker aus, sodass sich zus\u00e4tzliche Feuchtigkeit aus der Raumluft niederschlagen kann. <\/p>\n<p> Bleibt das Mauerwerk \u00fcber l\u00e4ngere Zeit feucht, k\u00f6nnen auch Fugen, M\u00f6rtel, D\u00e4mmstoffe und angrenzende Bauteile Schaden nehmen. Im fortgeschrittenen Stadium m\u00fcssen daher unter Umst\u00e4nden zus\u00e4tzlich Putz, Tapeten, Bodenbel\u00e4ge oder besch\u00e4digte D\u00e4mmstoffe erneuert werden. Auch M\u00f6bel und fest eingebaute Einrichtungen k\u00f6nnen durch Feuchtigkeit oder Schimmel unbrauchbar werden. Damit steigen Umfang und Kosten der notwendigen Arbeiten \u2013 im schlimmsten Fall verliert ein Keller oder Wohnraum zeitweise seine Nutzbarkeit. \u201eDie Kosten h\u00e4ngen am Ende nicht allein von der feuchten Wand ab. Entscheidend ist auch, welche Materialien und angrenzenden Bereiche bis zur Sanierung bereits in Mitleidenschaft gezogen wurden\u201c, erkl\u00e4rt Marc Wirtz. <\/p>\n<p><b>Von der Schadensanalyse zur passenden Bauwerksabdichtung<\/b><\/p>\n<p> Feuchtigkeit kann auf unterschiedlichen Wegen ins Mauerwerk gelangen: seitlich aus dem Erdreich, aufsteigend innerhalb der Wand oder \u00fcber Risse in der Bausubstanz. Welche Bauwerksabdichtung infrage kommt, h\u00e4ngt deshalb vom jeweiligen Schadensbild ab. Erst wenn die Ursache eingeordnet ist, l\u00e4sst sich beurteilen, mit welcher Ma\u00dfnahme der weitere Wassereintritt begrenzt werden kann. <\/p>\n<p> Bei geeigneten Sch\u00e4den setzt die SAG Mauertrockenlegung GmbH auf eine Innenabdichtung mittels Injektionstechnik. Hierf\u00fcr werden in Abst\u00e4nden von etwa 15 bis 20 Zentimetern kleine Bohrungen gesetzt, \u00fcber die ein Abdichtungsmittel in das betroffene Mauerwerk eingebracht wird. Dort verteilt es sich in den feinen Hohlr\u00e4umen und soll verhindern, dass weiterhin Wasser durch die behandelten Bereiche eindringt. Eine solche Innenabdichtung kann insbesondere dann sinnvoll sein, wenn eine klassische Abdichtung von au\u00dfen nur mit gro\u00dffl\u00e4chigen Aufgrabungen und entsprechenden Eingriffen in Wege, Garten oder Fassade m\u00f6glich w\u00e4re. Bei daf\u00fcr geeigneten Sch\u00e4den l\u00e4sst sich das Mauerwerk so von innen behandeln, ohne das Grundst\u00fcck umfassend \u00f6ffnen zu m\u00fcssen. <\/p>\n<p> \u201eEntscheidend ist, bei ersten Anzeichen nicht nur die sichtbaren Sch\u00e4den zu beseitigen, sondern fachlich pr\u00fcfen zu lassen, was tats\u00e4chlich dahintersteckt. Je fr\u00fcher Klarheit \u00fcber den Zustand des Mauerwerks besteht, desto gezielter k\u00f6nnen wir handeln und gr\u00f6\u00dfere Folgesch\u00e4den vermeiden\u201c, fasst Marc Wirtz zusammen. <\/p>\n<p> Sie haben feuchte Stellen, abplatzenden Putz oder andere Anzeichen f\u00fcr einen Feuchtigkeitsschaden entdeckt und m\u00f6chten Klarheit schaffen, bevor daraus gr\u00f6\u00dfere Sch\u00e4den entstehen? Nehmen Sie jetzt Kontakt mit  <a target=\"_blank\" class=\"uri-ext outbound\" rel=\"noopener nofollow\" href=\"https:\/\/sag-mauertrockenlegung.de\/\">Marc Wirtz und seinem Team von der SAG Mauertrockenlegung GmbH <\/a>auf und vereinbaren Sie einen unverbindlichen Vor-Ort-Termin! <\/p>\n<p class=\"contact-headline\">Pressekontakt:<\/p>\n<p class=\"contact-text\">SAG Mauertrockenlegung GmbH<br \/>Bonner Str. 12<br \/>51379 Leverkusen<br \/>Tel: 0202.94709131<br \/>E-Mail: <a href=\"https:\/\/www.presseportal.de\/pm\/183222\/mailto:post@sag-mauertrockenlegung.de\" class=\"uri-mailto\" rel=\"nofollow noopener\" target=\"_blank\">post@sag-mauertrockenlegung.de<\/a><\/p>\n<p class=\"originator\">Original-Content von: SAG Mauertrockenlegung GmbH, \u00fcbermittelt durch news aktuell<\/p>\n","protected":false},"excerpt":{"rendered":"26.08.2026 \u2013 11:11 SAG Mauertrockenlegung GmbH Leverkusen (ots) Feuchte Flecken, abplatzender Putz, ein dauerhaft muffiger Geruch: Was viele&hellip;\n","protected":false},"author":2,"featured_media":1261523,"comment_status":"","ping_status":"","sticky":false,"template":"","format":"standard","meta":{"footnotes":"","_share_on_mastodon":"0"},"categories":[1840],"tags":[6399,3477,3364,29,14131,30,1209,178,180,179,181,4418],"class_list":["post-1261522","post","type-post","status-publish","format-standard","has-post-thumbnail","category-wuppertal","tag-bau","tag-bild","tag-de","tag-deutschland","tag-dienstleistung","tag-germany","tag-nordrhein-westfalen","tag-presse","tag-pressemeldung","tag-pressemitteilung","tag-pressemitteilungen","tag-wuppertal"],"share_on_mastodon":{"url":"https:\/\/pubeurope.com\/@de\/117161283329609507","error":""},"_links":{"self":[{"href":"https:\/\/www.europesays.com\/de\/wp-json\/wp\/v2\/posts\/1261522","targetHints":{"allow":["GET"]}}],"collection":[{"href":"https:\/\/www.europesays.com\/de\/wp-json\/wp\/v2\/posts"}],"about":[{"href":"https:\/\/www.europesays.com\/de\/wp-json\/wp\/v2\/types\/post"}],"author":[{"embeddable":true,"href":"https:\/\/www.europesays.com\/de\/wp-json\/wp\/v2\/users\/2"}],"replies":[{"embeddable":true,"href":"https:\/\/www.europesays.com\/de\/wp-json\/wp\/v2\/comments?post=1261522"}],"version-history":[{"count":0,"href":"https:\/\/www.europesays.com\/de\/wp-json\/wp\/v2\/posts\/1261522\/revisions"}],"wp:featuredmedia":[{"embeddable":true,"href":"https:\/\/www.europesays.com\/de\/wp-json\/wp\/v2\/media\/1261523"}],"wp:attachment":[{"href":"https:\/\/www.europesays.com\/de\/wp-json\/wp\/v2\/media?parent=1261522"}],"wp:term":[{"taxonomy":"category","embeddable":true,"href":"https:\/\/www.europesays.com\/de\/wp-json\/wp\/v2\/categories?post=1261522"},{"taxonomy":"post_tag","embeddable":true,"href":"https:\/\/www.europesays.com\/de\/wp-json\/wp\/v2\/tags?post=1261522"}],"curies":[{"name":"wp","href":"https:\/\/api.w.org\/{rel}","templated":true}]}}