{"id":1261546,"date":"2026-08-26T10:28:25","date_gmt":"2026-08-26T10:28:25","guid":{"rendered":"https:\/\/www.europesays.com\/de\/1261546\/"},"modified":"2026-08-26T10:28:25","modified_gmt":"2026-08-26T10:28:25","slug":"unwetter-in-deutschland-schwere-gewitter-drohen-sturzflut-gefahr","status":"publish","type":"post","link":"https:\/\/www.europesays.com\/de\/1261546\/","title":{"rendered":"Unwetter in Deutschland: Schwere Gewitter drohen \u2013 Sturzflut-Gefahr"},"content":{"rendered":"<p>Unwetter, Gewitter und Downbursts <\/p>\n<p>&#8222;Das ist der gef\u00e4hrlichste Tag&#8220;<\/p>\n<ul class=\"grid grid-flow-col gap-4\" aria-label=\"Autorenbilder\">\n<li class=\"leading-0\"><img data-tb-author-image=\"\"  loading=\"lazy\" src=\"https:\/\/www.europesays.com\/de\/wp-content\/uploads\/2026\/05\/1779080418_189_image.jpg\" alt=\"\" title=\"\" width=\"40\" height=\"40\" class=\"\" decoding=\"async\"\/><\/li>\n<\/ul>\n<p>26.08.2026 &#8211; 12:19 UhrLesedauer: 4 Min.<\/p>\n<p><a href=\"#focus-0\" class=\"transition-colors block text-current relative\" data-sctrack=\"FocusGalleryImage.Reference\"><img fetchpriority=\"high\" data-testid=\"Opener.Image\"   loading=\"eager\" src=\"https:\/\/www.europesays.com\/de\/wp-content\/uploads\/2026\/08\/1787740102_791_image.jpg\" alt=\"Menschen greifen zu Schneeschippen, Heftige Unwetter haben in Monheim gro\u00dfe Mengen Hagel niedergehen lassen;\" title=\"Menschen greifen zu Schneeschippen, Heftige Unwetter haben in Monheim gro\u00dfe Mengen Hagel niedergehen lassen;\" width=\"4000\" height=\"2250\" class=\"bg-[url:var(--lqipURL)] bg-cover bg-center flex h-full w-full max-w-full\" style=\"--lqipURL:url('https:\/\/images.t-online.de\/2026\/08\/y0FwpWf1kR7H\/0x206:4000x2250\/fit-in\/150x0\/filters:blur(25)\/image.jpg')\" decoding=\"async\"\/><img loading=\"lazy\" src=\"https:\/\/www.t-online.de\/s\/paper\/_next\/static\/media\/zoom-in.f7dae02f.svg\" alt=\"Vergr\u00f6\u00dfern des Bildes\" title=\"Vergr\u00f6\u00dfern des Bildes\" class=\"block h-[calc(var(--height)_\/_16_*_1rem)] w-[calc(var(--width)_\/_16_*_1rem)] max-w-none absolute right-8 bottom-8 rounded-4 bg-snow p-8\" style=\"--width:32;--height:32\" decoding=\"async\"\/><\/a><\/p>\n<p>Heftige Unwetter haben in Monheim gro\u00dfe Mengen Hagel niedergehen lassen: Neue Unwetter bringen Starkregen mit Sturzflut-Potenzial nach Deutschland. (Quelle: IMAGO\/Simon Zeiher)<\/p>\n<p><img loading=\"lazy\" src=\"https:\/\/www.t-online.de\/s\/paper\/_next\/static\/media\/audio-volume.6689034c.svg\" alt=\"\" title=\"\" class=\"block h-[calc(var(--height)_\/_16_*_1rem)] w-[calc(var(--width)_\/_16_*_1rem)] max-w-none group-hover:brightness-0 group-hover:invert\" style=\"--width:16;--height:16\" decoding=\"async\"\/>Vorlesen<\/p>\n<p>Aktuelle Zeit:0:00Gesamtdauer:0:00<\/p>\n<p>1x<img loading=\"lazy\" src=\"https:\/\/www.t-online.de\/s\/paper\/_next\/static\/media\/font-sizes.32942e33.svg\" alt=\"\" title=\"\" class=\"block h-[calc(var(--height)_\/_16_*_1rem)] w-[calc(var(--width)_\/_16_*_1rem)] max-w-none group-hover:hidden group-aria-expanded:hidden\" style=\"--width:16;--height:16\" decoding=\"async\"\/><img loading=\"lazy\" src=\"https:\/\/www.t-online.de\/s\/paper\/_next\/static\/media\/font-sizes-dark-mode.e382645c.svg\" alt=\"\" title=\"\" class=\"block h-[calc(var(--height)_\/_16_*_1rem)] w-[calc(var(--width)_\/_16_*_1rem)] max-w-none hidden group-hover:block group-aria-expanded:block\" style=\"--width:16;--height:16\" decoding=\"async\"\/><img loading=\"lazy\" src=\"https:\/\/www.t-online.de\/s\/paper\/_next\/static\/media\/sharing-menu-icon.1eb71368.svg\" alt=\"\" title=\"\" class=\"block h-[calc(var(--height)_\/_16_*_1rem)] w-[calc(var(--width)_\/_16_*_1rem)] max-w-none group-hover:brightness-0 group-hover:invert\" style=\"--width:16;--height:16\" decoding=\"async\"\/>Artikel teilen<\/p>\n<p class=\"font-bold text-18 leading-17 user-text-lg:text-22 user-text-xl:text-24\">Noch einmal steigen die Temperaturen auf bis zu 34 Grad. Dann trifft eine Kaltfront auf die hei\u00dfe Luft. Kr\u00e4ftige Gewitter ziehen auf. Eine brisante Unwetterfront rollt \u00fcber Deutschland.<\/p>\n<p class=\"text-18 leading-17 user-text-lg:text-22 user-text-xl:text-24\">Deutschland steht zum <a href=\"https:\/\/www.t-online.de\/nachrichten\/panorama\/wetter\/id_101396996\/wetter-in-deutschland-august-prognosen-kuendigen-unwetter-und-30-grad-an.html\" class=\"transition-colors cursor-pointer no-underline md:hover:text-magenta md:focus:text-magenta border-b border-solid border-current text-salemsfur md:hover:border-magenta\" data-tracking=\"{&quot;action&quot;:&quot;click&quot;,&quot;category&quot;:&quot;intextLink&quot;,&quot;label&quot;:&quot;\/nachrichten\/panorama\/wetter\/id_101396996\/wetter-in-deutschland-august-prognosen-kuendigen-unwetter-und-30-grad-an.html&quot;}\" data-sctrack=\"BodyAnchor\" rel=\"nofollow noopener\" target=\"_blank\">Ende des letzten Sommermonats August ein erneuter Wetterumschwung<\/a> bevor. Am Donnerstag bringt hoher Luftdruck zun\u00e4chst noch einmal viel Sonne und sommerliche Temperaturen. Verbreitet werden 22 bis 34 Grad erreicht. Doch im Laufe des Tages verliert das Hoch an Einfluss. Von Westen n\u00e4hert sich eine Kaltfront und trifft auf die hei\u00dfe Luft \u00fcber Deutschland. <a href=\"https:\/\/koeln.t-online.de\/region\/koeln\/id_101405488\/wetter-koeln-und-nrw-sturm-und-heftiger-starkregen-drohen-50-liter-regen.html\" class=\"transition-colors cursor-pointer no-underline md:hover:text-magenta md:focus:text-magenta border-b border-solid border-current text-salemsfur md:hover:border-magenta\" data-tracking=\"{&quot;action&quot;:&quot;click&quot;,&quot;category&quot;:&quot;intextLink&quot;,&quot;label&quot;:&quot;https:\/\/koeln.t-online.de\/region\/koeln\/id_101405488\/wetter-koeln-und-nrw-sturm-und-heftiger-starkregen-drohen-50-liter-regen.html&quot;}\" data-sctrack=\"BodyAnchor\" rel=\"nofollow noopener\" target=\"_blank\">Damit steigt die Gefahr kr\u00e4ftiger Gewitter.<\/a><\/p>\n<p class=\"text-18 leading-17 user-text-lg:text-22 user-text-xl:text-24\">Diplom-Meteorologe Dominik Jung erl\u00e4utert die Wetterlage f\u00fcr t-online: &#8222;Auf Deutschland rollt eine von West nach Ost und dann nach Norden durchschwenkende Unwetterlage zu. Der gef\u00e4hrlichste Zeitraum ist Donnerstagabend bis Freitag.&#8220;<\/p>\n<p>Unwetter ziehen im Westen auf und bewegen sich weiter<\/p>\n<p class=\"text-18 leading-17 user-text-lg:text-22 user-text-xl:text-24\">Am Donnerstagnachmittag verdichten sich zun\u00e4chst in der Westh\u00e4lfte die Wolken. Bis zum Abend entwickeln sich dort erste kr\u00e4ftige Schauer und Gewitter. Dabei besteht teilweise Unwettergefahr. &#8222;\u00d6rtlich sind schwere Gewitter mit heftigem <a href=\"https:\/\/www.t-online.de\/themen\/starkregen\/\" class=\"transition-colors cursor-pointer no-underline md:hover:text-magenta md:focus:text-magenta border-b border-solid border-current text-salemsfur md:hover:border-magenta\" data-tracking=\"{&quot;action&quot;:&quot;click&quot;,&quot;category&quot;:&quot;intextLink&quot;,&quot;label&quot;:&quot;\/themen\/starkregen\/&quot;}\" data-sctrack=\"BodyAnchor\" rel=\"nofollow noopener\" target=\"_blank\">Starkregen<\/a> wahrscheinlich, teils auch mehrst\u00fcndiger Dauerregen&#8220;, prognostiziert der Wetterexperte. &#8222;Kritischer Zeitpunkt in der Westh\u00e4lfte ist der Abend.&#8220;<\/p>\n<p class=\"text-18 leading-17 user-text-lg:text-22 user-text-xl:text-24\">Die Wetterlage versch\u00e4rft sich anschlie\u00dfend weiter. <a href=\"https:\/\/berlin.t-online.de\/region\/berlin\/id_101405318\/wetter-in-berlin-bringt-sonne-gewitter-und-bis-zu-27-grad.html\" class=\"transition-colors cursor-pointer no-underline md:hover:text-magenta md:focus:text-magenta border-b border-solid border-current text-salemsfur md:hover:border-magenta\" data-tracking=\"{&quot;action&quot;:&quot;click&quot;,&quot;category&quot;:&quot;intextLink&quot;,&quot;label&quot;:&quot;https:\/\/berlin.t-online.de\/region\/berlin\/id_101405318\/wetter-in-berlin-bringt-sonne-gewitter-und-bis-zu-27-grad.html&quot;}\" data-sctrack=\"BodyAnchor\" rel=\"nofollow noopener\" target=\"_blank\">In der Nacht zum Freitag ziehen die Schauer und Gewitter weiter ostw\u00e4rts.<\/a> Besonders in der Westh\u00e4lfte k\u00f6nnen die <a href=\"https:\/\/www.t-online.de\/themen\/unwetter\/\" class=\"transition-colors cursor-pointer no-underline md:hover:text-magenta md:focus:text-magenta border-b border-solid border-current text-salemsfur md:hover:border-magenta\" data-tracking=\"{&quot;action&quot;:&quot;click&quot;,&quot;category&quot;:&quot;intextLink&quot;,&quot;label&quot;:&quot;\/themen\/unwetter\/&quot;}\" data-sctrack=\"BodyAnchor\" rel=\"nofollow noopener\" target=\"_blank\">Unwetter<\/a> gr\u00f6\u00dfere Auswirkungen haben. Erst mit dem Durchzug der Gewitter wird die hei\u00dfe Luft nach und nach verdr\u00e4ngt.<\/p>\n<p>Schwere Gewitter mit hohem Unwetterpotenzial am Freitag<\/p>\n<p class=\"text-18 leading-17 user-text-lg:text-22 user-text-xl:text-24\">Am <a href=\"https:\/\/nuernberg.t-online.de\/region\/nuernberg\/id_101405386\/wetter-in-franken-und-nuernberg-heftige-unwetter-mit-sturmboeen-im-anmarsch.html\" class=\"transition-colors cursor-pointer no-underline md:hover:text-magenta md:focus:text-magenta border-b border-solid border-current text-salemsfur md:hover:border-magenta\" data-tracking=\"{&quot;action&quot;:&quot;click&quot;,&quot;category&quot;:&quot;intextLink&quot;,&quot;label&quot;:&quot;https:\/\/nuernberg.t-online.de\/region\/nuernberg\/id_101405386\/wetter-in-franken-und-nuernberg-heftige-unwetter-mit-sturmboeen-im-anmarsch.html&quot;}\" data-sctrack=\"BodyAnchor\" rel=\"nofollow noopener\" target=\"_blank\">Freitag erreicht die Unwetterlage weitere Teile Deutschland<\/a>s. Im Tagesverlauf k\u00f6nnen sich vor allem im S\u00fcdosten schwere Gewitter mit hohem Unwetterpotenzial entwickeln. Auch f\u00fcr den Nordwesten sieht der Deutsche Wetterdienst (DWD) eine leicht erh\u00f6hte Unwettergefahr durch Gewitter.<\/p>\n<p>Im Video | So wird das Wetter in Ihrer Region<\/p>\n<p><img loading=\"lazy\" src=\"https:\/\/www.t-online.de\/s\/paper\/_next\/static\/media\/loading-indicator.1490436c.svg\" alt=\"Video l\u00e4dt\" title=\"Video l\u00e4dt\" class=\"block h-[calc(var(--height)_\/_16_*_1rem)] w-[calc(var(--width)_\/_16_*_1rem)] max-w-none undefined\" style=\"--width:66;--height:64\" decoding=\"async\"\/><img   loading=\"lazy\" src=\"https:\/\/www.europesays.com\/de\/wp-content\/uploads\/2026\/08\/nach-einem-noch-vergleichsweise-frischen-tag-kehrt-der-sommer-zurueck-bereits-ab-donnerstag-steigen-.jpeg\" alt=\"Wetter in Sachsen-Anhalt\" title=\"Wetter in Sachsen-Anhalt\" width=\"2048\" height=\"1152\" class=\"w-full [grid-area:stack]\" decoding=\"async\"\/>Quelle: Glomex<\/p>\n<p class=\"text-18 leading-17 user-text-lg:text-22 user-text-xl:text-24\">&#8222;Das ist der H\u00f6hepunkt der Unwetterlage&#8220;, erkl\u00e4rt der Meteorologe Jung. Meteorologisch heikel sei die Kombination aus hohen Rotationswerten in den unteren Luftschichten und viel Energie in der Atmosph\u00e4re. &#8222;Der klassische N\u00e4hrboden f\u00fcr Superzellen. Damit ist besonders im S\u00fcdosten (und im weiteren Verlauf im Osten) auch die Tornado-Wahrscheinlichkeit erh\u00f6ht, wenn auch auf insgesamt niedrigem Niveau.&#8220; Entscheidend sei, wann die Kaltfront durchziehe und wie stark sich der Osten zuvor noch aufheizen k\u00f6nne.<\/p>\n<p>&#8222;Hauptgefahr bleibt der Starkregen mit Sturzflut-Potenzial&#8220;<\/p>\n<p class=\"text-18 leading-17 user-text-lg:text-22 user-text-xl:text-24\">Die gr\u00f6\u00dfte Gefahr gehe Jung zufolge jedoch nicht von Tornados sondern vom Starkregen aus: &#8222;Hauptgefahr bleibt der Starkregen mit Sturzflut-Potenzial.&#8220; \u00d6rtlich k\u00f6nnten innerhalb kurzer Zeit 25 bis 40 Liter pro Quadratmeter fallen, in Extremf\u00e4llen seien auch rund 50 Liter m\u00f6glich. &#8222;Damit bestehe die Gefahr von Sturzfluten.&#8220;<\/p>\n<p class=\"text-18 leading-17 user-text-lg:text-22 user-text-xl:text-24\">Zudem seien gr\u00f6\u00dferer Hagel, schwere bis orkanartige Sturmb\u00f6en und sogenannte Downbursts m\u00f6glich. Ein Downburst (auf Deutsch auch Fallb\u00f6e genannt) ist ein starker, senkrecht nach unten gerichteter Luftstrom aus einer Gewitter- oder Schauerwolke. Die Luft st\u00fcrzt praktisch senkrecht zu Boden und breitet sich dort f\u00e4cherf\u00f6rmig aus. Windgeschwindigkeiten von weit \u00fcber 200 km\/h sind dabei m\u00f6glich.<\/p>\n","protected":false},"excerpt":{"rendered":"Unwetter, Gewitter und Downbursts &#8222;Das ist der gef\u00e4hrlichste Tag&#8220; 26.08.2026 &#8211; 12:19 UhrLesedauer: 4 Min. Heftige Unwetter haben&hellip;\n","protected":false},"author":2,"featured_media":1261547,"comment_status":"","ping_status":"","sticky":false,"template":"","format":"standard","meta":{"footnotes":"","_share_on_mastodon":"0"},"categories":[2],"tags":[1434,331,3924,332,3922,3364,950,29,20480,4906,30,19634,13,671,9915,14,3923,15,3921,97521,12,6848,4028,33545],"class_list":["post-1261546","post","type-post","status-publish","format-standard","has-post-thumbnail","category-deutschland","tag-1434","tag-aktuelle-nachrichten","tag-aktuelle-nachrichten-aus-deutschland","tag-aktuelle-news","tag-aktuelle-news-aus-deutschland","tag-de","tag-deutscher-wetterdienst","tag-deutschland","tag-dominik-jung","tag-dwd","tag-germany","tag-gewitter","tag-headlines","tag-ki","tag-monheim","tag-nachrichten","tag-nachrichten-aus-deutschland","tag-news","tag-news-aus-deutschland","tag-oberschwaben","tag-schlagzeilen","tag-temperatur","tag-unwetter","tag-unwetterfront"],"share_on_mastodon":{"url":"https:\/\/pubeurope.com\/@de\/117161344758271014","error":""},"_links":{"self":[{"href":"https:\/\/www.europesays.com\/de\/wp-json\/wp\/v2\/posts\/1261546","targetHints":{"allow":["GET"]}}],"collection":[{"href":"https:\/\/www.europesays.com\/de\/wp-json\/wp\/v2\/posts"}],"about":[{"href":"https:\/\/www.europesays.com\/de\/wp-json\/wp\/v2\/types\/post"}],"author":[{"embeddable":true,"href":"https:\/\/www.europesays.com\/de\/wp-json\/wp\/v2\/users\/2"}],"replies":[{"embeddable":true,"href":"https:\/\/www.europesays.com\/de\/wp-json\/wp\/v2\/comments?post=1261546"}],"version-history":[{"count":0,"href":"https:\/\/www.europesays.com\/de\/wp-json\/wp\/v2\/posts\/1261546\/revisions"}],"wp:featuredmedia":[{"embeddable":true,"href":"https:\/\/www.europesays.com\/de\/wp-json\/wp\/v2\/media\/1261547"}],"wp:attachment":[{"href":"https:\/\/www.europesays.com\/de\/wp-json\/wp\/v2\/media?parent=1261546"}],"wp:term":[{"taxonomy":"category","embeddable":true,"href":"https:\/\/www.europesays.com\/de\/wp-json\/wp\/v2\/categories?post=1261546"},{"taxonomy":"post_tag","embeddable":true,"href":"https:\/\/www.europesays.com\/de\/wp-json\/wp\/v2\/tags?post=1261546"}],"curies":[{"name":"wp","href":"https:\/\/api.w.org\/{rel}","templated":true}]}}